{"id":57173,"date":"2025-07-31T22:11:43","date_gmt":"2025-08-01T01:11:43","guid":{"rendered":"https:\/\/radiorevelacionfm.cl\/?p=57173"},"modified":"2025-07-31T22:11:43","modified_gmt":"2025-08-01T01:11:43","slug":"en-coyhaique-usuarias-del-programa-familias-evaluan-intervencion-en-encuentro-participativo","status":"publish","type":"post","link":"https:\/\/radiorevelacionfm.cl\/?p=57173","title":{"rendered":"En Coyhaique usuarias del programa Familias eval\u00faan intervenci\u00f3n en encuentro participativo"},"content":{"rendered":"<div class=\"flex_column av_one_full  flex_column_div av-zero-column-padding first  avia-builder-el-0  el_before_av_one_full  avia-builder-el-first  \" style='border-radius:0px; '><div  class='avia-image-container  av-styling-    avia-builder-el-1  avia-builder-el-no-sibling  avia-align-center '  itemprop=\"image\" itemscope=\"itemscope\" itemtype=\"https:\/\/schema.org\/ImageObject\"  ><div class='avia-image-container-inner'><div class='avia-image-overlay-wrap'><img decoding=\"async\" class='wp-image-57174 avia-img-lazy-loading-not-57174 avia_image' src=\"https:\/\/radiorevelacionfm.cl\/wp-content\/uploads\/2025\/07\/c-3-1_optimized.jpeg\" alt='' title='c-(3)-(1)_optimized' height=\"655\" width=\"801\"  itemprop=\"thumbnailUrl\" srcset=\"https:\/\/radiorevelacionfm.cl\/wp-content\/uploads\/2025\/07\/c-3-1_optimized.jpeg 801w, https:\/\/radiorevelacionfm.cl\/wp-content\/uploads\/2025\/07\/c-3-1_optimized-300x245.jpeg 300w, https:\/\/radiorevelacionfm.cl\/wp-content\/uploads\/2025\/07\/c-3-1_optimized-768x628.jpeg 768w, https:\/\/radiorevelacionfm.cl\/wp-content\/uploads\/2025\/07\/c-3-1_optimized-705x576.jpeg 705w, https:\/\/radiorevelacionfm.cl\/wp-content\/uploads\/2025\/07\/c-3-1_optimized-450x368.jpeg 450w, https:\/\/radiorevelacionfm.cl\/wp-content\/uploads\/2025\/07\/c-3-1_optimized-600x491.jpeg 600w\" sizes=\"(max-width: 801px) 100vw, 801px\" \/><\/div><\/div><\/div><\/div>\n<div class=\"flex_column av_one_full  flex_column_div av-zero-column-padding first  avia-builder-el-2  el_after_av_one_full  el_before_av_one_full  column-top-margin\" style='border-radius:0px; '><section class=\"av_textblock_section \"  itemscope=\"itemscope\" itemtype=\"https:\/\/schema.org\/BlogPosting\" itemprop=\"blogPost\" ><div class='avia_textblock  '   itemprop=\"text\" ><p style=\"text-align: center;\"><strong><span style=\"font-size: 18pt;\">En Coyhaique usuarias del programa Familias eval\u00faan intervenci\u00f3n en encuentro participativo<\/span><\/strong><\/p>\n<div id=\"gtx-trans\" style=\"position: absolute; left: -50px; top: 4.31534px;\">\n<div class=\"gtx-trans-icon\"><\/div>\n<\/div>\n<\/div><\/section><\/div><div class=\"flex_column av_one_full  flex_column_div av-zero-column-padding first  avia-builder-el-4  el_after_av_one_full  el_before_av_hr  column-top-margin\" style='border-radius:0px; '><section class=\"av_textblock_section \"  itemscope=\"itemscope\" itemtype=\"https:\/\/schema.org\/BlogPosting\" itemprop=\"blogPost\" ><div class='avia_textblock  '   itemprop=\"text\" ><p style=\"text-align: justify;\"><em>El espacio de encuentro y di\u00e1logo denominado \u201cMi opini\u00f3n en el programa importa\u201d, permiti\u00f3 conocer percepciones, preocupaciones y propuestas respecto a la ejecuci\u00f3n del programa en la comuna de Coyhaique.<\/em><\/p>\n<p style=\"text-align: justify;\">Hasta el Centro Cultural de Coyhaique lleg\u00f3 la seremi de Desarrollo Social y Familia, Karina Acevedo, acompa\u00f1ada de la directora regional del FOSIS, Fernanda Leiva, para dar la bienvenida y compartir con las 16 personas usuarias del programa Familias que fueron parte de esta jornada de evaluaci\u00f3n, enmarcada en los denominados Encuentros Participativos 2025.<\/p>\n<p style=\"text-align: justify;\">La instancia de evaluaci\u00f3n denominada \u201cMi opini\u00f3n en el programa importa\u201d, se desarroll\u00f3 en una din\u00e1mica de focus group, donde grupos de personas usuarias respondieron 17 preguntas formuladas por una persona facilitadora, posteriormente se realiz\u00f3 un plenario en donde se expusieron las principales ideas y propuestas de trabajo que ser\u00e1n consolidadas y enviadas al nivel central.<\/p>\n<p style=\"text-align: justify;\">Carolina Quilodr\u00e1n, due\u00f1a de casa y usuaria del programa Familias en Coyhaique, valor\u00f3 positivamente la instancia de evaluaci\u00f3n y el acompa\u00f1amiento que se entrega. \u201cEs importante porque uno se da el tiempo de conocer tambi\u00e9n lo que viven otras familias que participan del programa. Ha sido s\u00faper interesante ser parte de esto, a mi me gusta participar de los talleres, encuentro que es muy importante porque uno no deja de aprender. La intervenci\u00f3n ha sido s\u00faper buena, los apoyos tambi\u00e9n hacen su trabajo con dedicaci\u00f3n\u201d.<\/p>\n<p style=\"text-align: justify;\">Por su parte, la seremi de Desarrollo Social y Familia, Karina Acevedo, destac\u00f3 que \u201cesta instancia cumple con lo que nos ha pedido el presidente, que es consultar a nuestras personas usuarias c\u00f3mo funciona, c\u00f3mo se ha ejecutado, qu\u00e9 cosas se pueden mejorar y qu\u00e9 se deben mantener. Para nosotros es tremendamente importante este programa, ya que nos permite ayudar a las familias m\u00e1s vulnerables a trav\u00e9s de una intervenci\u00f3n de 24 meses, donde el Estado se dedica a colaborarles y acompa\u00f1arlos en el desarrollo y bienestar de sus familias\u201d.<\/p>\n<p style=\"text-align: justify;\">Fernanda Leiva Mu\u00f1oz, directora regional del FOSIS, asegur\u00f3 que \u201cestuvimos escuchando a las familias y conversando respecto de c\u00f3mo podemos mejorar este programa y pol\u00edtica p\u00fablica. Esto se enmarca en el impulso que le da nuestro presidente a la participaci\u00f3n ciudadana y los di\u00e1logos abiertos para escuchar lo que la gente nos tiene que decir, en este caso personas usuarias del programa Familias. Estamos contentos con la participaci\u00f3n y conversaci\u00f3n que se ha dado y vamos a seguir abriendo espacios de di\u00e1logo y retroalimentaci\u00f3n sobre la ejecuci\u00f3n de programa que ejecuta el FOSIS en la regi\u00f3n\u201d.<\/p>\n<p style=\"text-align: justify;\">El Programa Familias, pertenece al Subsistema Seguridades y Oportunidades del Ministerio de Desarrollo Social y Familia, cuenta con la asistencia t\u00e9cnica del Fondo de Solidaridad e Inversi\u00f3n Social, FOSIS y es ejecutado por la Municipalidad de Coyhaique desde el a\u00f1o 2013.<\/p>\n<\/div><\/section><\/div><\/p>\n<div  style='height:50px' class='hr hr-invisible   avia-builder-el-6  el_after_av_one_full  el_before_av_social_share '><span class='hr-inner ' ><span class='hr-inner-style'><\/span><\/span><\/div>\n<div  class='av-social-sharing-box  avia-builder-el-7  el_after_av_hr  el_before_av_hr  '><div class='av-share-box'><h5 class='av-share-link-description av-no-toc '>Compartir esta noticia<\/h5><ul class='av-share-box-list noLightbox'><li class='av-share-link av-social-link-facebook' ><a target=\"_blank\" aria-label=\"Compartir en Facebook\" href='https:\/\/www.facebook.com\/sharer.php?u=https:\/\/radiorevelacionfm.cl\/?p=57173&#038;t=En%20Coyhaique%20usuarias%20del%20programa%20Familias%20eval%C3%BAan%20intervenci%C3%B3n%20en%20encuentro%20participativo' aria-hidden='false' data-av_icon='\ue8f3' data-av_iconfont='entypo-fontello' title='' data-avia-related-tooltip='Compartir en Facebook' rel=\"noopener\"><span class='avia_hidden_link_text'>Compartir en Facebook<\/span><\/a><\/li><li class='av-share-link av-social-link-twitter' ><a target=\"_blank\" aria-label=\"Compartir en Twitter\" href='https:\/\/twitter.com\/share?text=En%20Coyhaique%20usuarias%20del%20programa%20Familias%20eval%C3%BAan%20intervenci%C3%B3n%20en%20encuentro%20participativo&#038;url=https:\/\/radiorevelacionfm.cl\/?p=57173' aria-hidden='false' data-av_icon='\ue8f1' data-av_iconfont='entypo-fontello' title='' data-avia-related-tooltip='Compartir en Twitter' rel=\"noopener\"><span class='avia_hidden_link_text'>Compartir en Twitter<\/span><\/a><\/li><li class='av-share-link av-social-link-whatsapp' ><a target=\"_blank\" aria-label=\"Compartir en Whatsapp\" href='https:\/\/api.whatsapp.com\/send?text=https:\/\/radiorevelacionfm.cl\/?p=57173' aria-hidden='false' data-av_icon='\uf232' data-av_iconfont='entypo-fontello' title='' data-avia-related-tooltip='Compartir en Whatsapp' rel=\"noopener\"><span class='avia_hidden_link_text'>Compartir en Whatsapp<\/span><\/a><\/li><li class='av-share-link av-social-link-linkedin' ><a target=\"_blank\" aria-label=\"Compartir en LinkedIn\" href='https:\/\/linkedin.com\/shareArticle?mini=true&#038;title=En%20Coyhaique%20usuarias%20del%20programa%20Familias%20eval%C3%BAan%20intervenci%C3%B3n%20en%20encuentro%20participativo&#038;url=https:\/\/radiorevelacionfm.cl\/?p=57173' aria-hidden='false' data-av_icon='\ue8fc' data-av_iconfont='entypo-fontello' title='' data-avia-related-tooltip='Compartir en LinkedIn' rel=\"noopener\"><span class='avia_hidden_link_text'>Compartir en LinkedIn<\/span><\/a><\/li><li class='av-share-link av-social-link-mail' ><a  aria-label=\"Compartir por correo\" href='mailto:?subject=En%20Coyhaique%20usuarias%20del%20programa%20Familias%20eval%C3%BAan%20intervenci%C3%B3n%20en%20encuentro%20participativo&#038;body=https:\/\/radiorevelacionfm.cl\/?p=57173' aria-hidden='false' data-av_icon='\ue805' data-av_iconfont='entypo-fontello' title='' data-avia-related-tooltip='Compartir por correo'><span class='avia_hidden_link_text'>Compartir por correo<\/span><\/a><\/li><\/ul><\/div><\/div>\n<div  style='height:50px' class='hr hr-invisible   avia-builder-el-8  el_after_av_social_share  el_before_av_comments_list '><span class='hr-inner ' ><span class='hr-inner-style'><\/span><\/span><\/div>\n<div  class='av-buildercomment  av-blog-meta-html-info-disabled av-blog-meta-tag-disabled  '><\/div>\n","protected":false},"excerpt":{"rendered":"","protected":false},"author":1,"featured_media":57174,"comment_status":"closed","ping_status":"closed","sticky":false,"template":"","format":"standard","meta":{"footnotes":""},"categories":[38],"tags":[],"class_list":["post-57173","post","type-post","status-publish","format-standard","has-post-thumbnail","hentry","category-regional"],"jetpack_featured_media_url":"https:\/\/radiorevelacionfm.cl\/wp-content\/uploads\/2025\/07\/c-3-1_optimized.jpeg","_links":{"self":[{"href":"https:\/\/radiorevelacionfm.cl\/index.php?rest_route=\/wp\/v2\/posts\/57173","targetHints":{"allow":["GET"]}}],"collection":[{"href":"https:\/\/radiorevelacionfm.cl\/index.php?rest_route=\/wp\/v2\/posts"}],"about":[{"href":"https:\/\/radiorevelacionfm.cl\/index.php?rest_route=\/wp\/v2\/types\/post"}],"author":[{"embeddable":true,"href":"https:\/\/radiorevelacionfm.cl\/index.php?rest_route=\/wp\/v2\/users\/1"}],"replies":[{"embeddable":true,"href":"https:\/\/radiorevelacionfm.cl\/index.php?rest_route=%2Fwp%2Fv2%2Fcomments&post=57173"}],"version-history":[{"count":3,"href":"https:\/\/radiorevelacionfm.cl\/index.php?rest_route=\/wp\/v2\/posts\/57173\/revisions"}],"predecessor-version":[{"id":57200,"href":"https:\/\/radiorevelacionfm.cl\/index.php?rest_route=\/wp\/v2\/posts\/57173\/revisions\/57200"}],"wp:featuredmedia":[{"embeddable":true,"href":"https:\/\/radiorevelacionfm.cl\/index.php?rest_route=\/wp\/v2\/media\/57174"}],"wp:attachment":[{"href":"https:\/\/radiorevelacionfm.cl\/index.php?rest_route=%2Fwp%2Fv2%2Fmedia&parent=57173"}],"wp:term":[{"taxonomy":"category","embeddable":true,"href":"https:\/\/radiorevelacionfm.cl\/index.php?rest_route=%2Fwp%2Fv2%2Fcategories&post=57173"},{"taxonomy":"post_tag","embeddable":true,"href":"https:\/\/radiorevelacionfm.cl\/index.php?rest_route=%2Fwp%2Fv2%2Ftags&post=57173"}],"curies":[{"name":"wp","href":"https:\/\/api.w.org\/{rel}","templated":true}]}}