{"id":57170,"date":"2025-08-01T10:14:13","date_gmt":"2025-08-01T13:14:13","guid":{"rendered":"https:\/\/radiorevelacionfm.cl\/?p=57170"},"modified":"2025-08-01T10:14:13","modified_gmt":"2025-08-01T13:14:13","slug":"tecnologia-y-liderazgo-juvenil-marcan-la-agenda-del-emprendimiento-regional-gracias-al-apoyo-del-comite-de-desarrollo-productivo-de-corfo","status":"publish","type":"post","link":"https:\/\/radiorevelacionfm.cl\/?p=57170","title":{"rendered":"Tecnolog\u00eda y liderazgo juvenil marcan la agenda del emprendimiento regional gracias al apoyo del Comit\u00e9 de Desarrollo Productivo de Corfo"},"content":{"rendered":"<div class=\"flex_column av_one_full  flex_column_div av-zero-column-padding first  avia-builder-el-0  el_before_av_one_full  avia-builder-el-first  \" style='border-radius:0px; '><div  class='avia-image-container  av-styling-    avia-builder-el-1  avia-builder-el-no-sibling  avia-align-center '  itemprop=\"image\" itemscope=\"itemscope\" itemtype=\"https:\/\/schema.org\/ImageObject\"  ><div class='avia-image-container-inner'><div class='avia-image-overlay-wrap'><img decoding=\"async\" class='wp-image-57171 avia-img-lazy-loading-not-57171 avia_image' src=\"https:\/\/radiorevelacionfm.cl\/wp-content\/uploads\/2025\/07\/pexels-artempodrez-4816771-1_optimized.jpg\" alt='' title='pexels-artempodrez-4816771-(1)_optimized' height=\"600\" width=\"1067\"  itemprop=\"thumbnailUrl\" srcset=\"https:\/\/radiorevelacionfm.cl\/wp-content\/uploads\/2025\/07\/pexels-artempodrez-4816771-1_optimized.jpg 1067w, https:\/\/radiorevelacionfm.cl\/wp-content\/uploads\/2025\/07\/pexels-artempodrez-4816771-1_optimized-300x169.jpg 300w, https:\/\/radiorevelacionfm.cl\/wp-content\/uploads\/2025\/07\/pexels-artempodrez-4816771-1_optimized-1030x579.jpg 1030w, https:\/\/radiorevelacionfm.cl\/wp-content\/uploads\/2025\/07\/pexels-artempodrez-4816771-1_optimized-768x432.jpg 768w, https:\/\/radiorevelacionfm.cl\/wp-content\/uploads\/2025\/07\/pexels-artempodrez-4816771-1_optimized-705x396.jpg 705w, https:\/\/radiorevelacionfm.cl\/wp-content\/uploads\/2025\/07\/pexels-artempodrez-4816771-1_optimized-450x253.jpg 450w, https:\/\/radiorevelacionfm.cl\/wp-content\/uploads\/2025\/07\/pexels-artempodrez-4816771-1_optimized-600x337.jpg 600w\" sizes=\"(max-width: 1067px) 100vw, 1067px\" \/><\/div><\/div><\/div><\/div><div class=\"flex_column av_one_full  flex_column_div av-zero-column-padding first  avia-builder-el-2  el_after_av_one_full  el_before_av_one_full  column-top-margin\" style='border-radius:0px; '><section class=\"av_textblock_section \"  itemscope=\"itemscope\" itemtype=\"https:\/\/schema.org\/BlogPosting\" itemprop=\"blogPost\" ><div class='avia_textblock  '   itemprop=\"text\" ><p style=\"text-align: center;\"><span style=\"font-size: 18pt;\"><b>Tecnolog\u00eda y liderazgo juvenil marcan la agenda del emprendimiento regional gracias al apoyo del Comit\u00e9 de Desarrollo Productivo de Corfo<\/b><\/span><\/p>\n<div id=\"gtx-trans\" style=\"position: absolute; left: -50px; top: 4.31534px;\">\n<div class=\"gtx-trans-icon\"><\/div>\n<\/div>\n<\/div><\/section><\/div><div class=\"flex_column av_one_full  flex_column_div av-zero-column-padding first  avia-builder-el-4  el_after_av_one_full  el_before_av_hr  column-top-margin\" style='border-radius:0px; '><section class=\"av_textblock_section \"  itemscope=\"itemscope\" itemtype=\"https:\/\/schema.org\/BlogPosting\" itemprop=\"blogPost\" ><div class='avia_textblock  '   itemprop=\"text\" ><p style=\"font-weight: 400; text-align: justify;\"><em>Con foco en la tecnolog\u00eda, la sostenibilidad y la participaci\u00f3n juvenil, los proyectos \u00abAys\u00e9n Futuro\u00bb y \u00abJ\u00f3venes Futuro Ays\u00e9n\u00bb promover\u00e1n la innovaci\u00f3n territorial gracias al respaldo del Comit\u00e9 de Desarrollo Productivo Regional.<\/em><\/p>\n<p style=\"font-weight: 400; text-align: justify;\">Ays\u00e9n se proyecta hacia el futuro con fuerza renovada gracias al respaldo del Comit\u00e9 de Desarrollo Productivo Regional (CDPR) de Corfo, que este a\u00f1o aprob\u00f3 la ejecuci\u00f3n de dos eventos estrat\u00e9gicos para el fortalecimiento del ecosistema emprendedor: <em>Ays\u00e9n Futuro: Tecnolog\u00eda y Nuevas Fronteras Regionales<\/em>\u00a0y\u00a0<em>J\u00f3venes Futuro Ays\u00e9n: Emprendiendo el Ma\u00f1ana<\/em>. Ambos forman parte de las iniciativas del programa Viraliza Difusi\u00f3n \u2013 Eventos de Corfo, financiadas por el Gobierno Regional de Ays\u00e9n, durante este a\u00f1o con el prop\u00f3sito de instalar tem\u00e1ticas prioritarias para emprendedoras y emprendedores de toda la regi\u00f3n.<\/p>\n<p style=\"font-weight: 400; text-align: justify;\">El director de Corfo Ays\u00e9n, Humberto Mar\u00edn Leiva, subray\u00f3 la relevancia estrat\u00e9gica de estas iniciativas. \u201cAmbos proyectos reflejan la mirada que hemos querido instalar a trav\u00e9s del Comit\u00e9 de Desarrollo Productivo Regional: fomentar el emprendimiento desde los territorios, con identidad, equidad e innovaci\u00f3n. Estos eventos permitir\u00e1n activar redes, formar talento local y proyectar nuevas oportunidades para Ays\u00e9n desde la tecnolog\u00eda y la participaci\u00f3n juvenil\u201d.<\/p>\n<p style=\"font-weight: 400; text-align: justify;\">En tanto, Omar Mu\u00f1oz Sierra, jefe de la Divisi\u00f3n de Planificaci\u00f3n y Desarrollo del Gobierno Regional y consejero del Subcomit\u00e9 de Innovaci\u00f3n y Emprendimiento del Comit\u00e9 de Desarrollo Productivo Regional (CDPR) de Corfo, valor\u00f3 el enfoque territorial y transformador de las iniciativas impulsadas desde el comit\u00e9. En su opini\u00f3n, estas acciones no solo fortalecen el ecosistema emprendedor, sino que tambi\u00e9n responden a una necesidad estrat\u00e9gica del Gobierno Regional. \u201cFomentar el emprendimiento y entregar herramientas a los j\u00f3venes para que se atrevan a desarrollar nuevos proyectos que aporten valor a la regi\u00f3n\u201d, afirm\u00f3. A su juicio, este tipo de proyectos resulta clave para avanzar hacia una reactivaci\u00f3n econ\u00f3mica sostenible y equitativa, donde la participaci\u00f3n de las juventudes tenga un rol protag\u00f3nico.<\/p>\n<p style=\"font-weight: 400; text-align: justify;\"><strong>PROYECTOS INNOVADORES<\/strong><\/p>\n<p style=\"font-weight: 400; text-align: justify;\">El primero de estos eventos,\u00a0<em>J\u00f3venes Futuro Ays\u00e9n<\/em>\u00a0se realizar\u00e1 en las comunas de Ays\u00e9n y Coyhaique, con una propuesta enfocada en fortalecer el rol de las juventudes en la innovaci\u00f3n territorial. Dirigido a j\u00f3venes entre 15 y 35 a\u00f1os, el evento incluir\u00e1 talleres, mentor\u00edas y ponencias en \u00e1reas como energ\u00edas limpias, derechos digitales y sostenibilidad.<\/p>\n<p style=\"font-weight: 400; text-align: justify;\">Claudio Herrera, subdirector de Vinculaci\u00f3n y Transferencia del CIEP, instituci\u00f3n a cargo del proyecto, se\u00f1al\u00f3 que \u201ces urgente habilitar espacios donde los j\u00f3venes puedan expresar sus ideas, construir redes y encontrar inspiraci\u00f3n para innovar y emprender desde sus propios territorios. Este evento no solo busca entregar herramientas, sino tambi\u00e9n activar una comunidad juvenil con mirada transformadora. Como centro de investigaci\u00f3n regional, ya con 20 a\u00f1os de historia, nos interesa tambi\u00e9n acercar la ciencia aplicada a las comunidades y a toda la regi\u00f3n, y los j\u00f3venes son embajadores clave en esto\u201d.<\/p>\n<p style=\"font-weight: 400; text-align: justify;\">En tanto,\u00a0<em>Ays\u00e9n Futuro<\/em>, ser\u00e1 una instancia presencial y transmitida por streaming los d\u00edas 3 y 4 de diciembre en Coyhaique. Con la participaci\u00f3n de speakers internacionales y nacionales, abordar\u00e1 el potencial del blockchain y la inteligencia artificial para generar soluciones a problemas locales en \u00e1reas como el turismo, la ganader\u00eda, la salmonicultura y las industrias emergentes. En su edici\u00f3n anterior, realizada en 2024, reuni\u00f3 a decenas de personas en torno a la idea de posicionar a Ays\u00e9n como un polo de innovaci\u00f3n digital en el sur austral.<\/p>\n<p style=\"font-weight: 400; text-align: justify;\">Osvaldo Oyarce, director de Catarsis Producciones y organizador de Ays\u00e9n Futuro, destac\u00f3 la urgencia de adaptarse al escenario global marcado por tecnolog\u00edas disruptivas. La iniciativa busca sensibilizar al ecosistema regional sobre este cambio profundo, promoviendo la transformaci\u00f3n de industrias locales y la creaci\u00f3n de startups tecnol\u00f3gicas con identidad territorial. \u201cEstamos en un momento crucial para las econom\u00edas del mundo. Las tecnolog\u00edas disruptivas est\u00e1n marcando el inicio de una nueva revoluci\u00f3n industrial, y su impacto ser\u00e1 tan profundo como inevitable\u201d, advirti\u00f3 Oyarce, enfatizando que las empresas que no evolucionen ante este nuevo contexto \u201ccorren el riesgo de desaparecer\u201d.<\/p>\n<p style=\"font-weight: 400; text-align: justify;\">Ambas iniciativas incluyen acciones concretas en sostenibilidad y perspectiva de g\u00e9nero.\u00a0<em>J\u00f3venes Futuro\u00a0<\/em>contempla mentor\u00edas exclusivas para mujeres emprendedoras y actividades educativas sobre emprendimientos verdes y tecnolog\u00eda para la resiliencia clim\u00e1tica.\u00a0<em>Ays\u00e9n Futuro<\/em>, por su parte, medir\u00e1 y compensar\u00e1 su huella de carbono y reservar\u00e1 cupos para mujeres en mentor\u00edas tecnol\u00f3gicas.<\/p>\n<\/div><\/section><\/div><div  style='height:50px' class='hr hr-invisible   avia-builder-el-6  el_after_av_one_full  el_before_av_social_share '><span class='hr-inner ' ><span class='hr-inner-style'><\/span><\/span><\/div><\/p>\n<div  class='av-social-sharing-box  avia-builder-el-7  el_after_av_hr  el_before_av_hr  '><div class='av-share-box'><h5 class='av-share-link-description av-no-toc '>Compartir esta noticia<\/h5><ul class='av-share-box-list noLightbox'><li class='av-share-link av-social-link-facebook' ><a target=\"_blank\" aria-label=\"Compartir en Facebook\" href='https:\/\/www.facebook.com\/sharer.php?u=https:\/\/radiorevelacionfm.cl\/?p=57170&#038;t=Tecnolog%C3%ADa%20y%20liderazgo%20juvenil%20marcan%20la%20agenda%20del%20emprendimiento%20regional%20gracias%20al%20apoyo%20del%20Comit%C3%A9%20de%20Desarrollo%20Productivo%20de%20Corfo' aria-hidden='false' data-av_icon='\ue8f3' data-av_iconfont='entypo-fontello' title='' data-avia-related-tooltip='Compartir en Facebook' rel=\"noopener\"><span class='avia_hidden_link_text'>Compartir en Facebook<\/span><\/a><\/li><li class='av-share-link av-social-link-twitter' ><a target=\"_blank\" aria-label=\"Compartir en Twitter\" href='https:\/\/twitter.com\/share?text=Tecnolog%C3%ADa%20y%20liderazgo%20juvenil%20marcan%20la%20agenda%20del%20emprendimiento%20regional%20gracias%20al%20apoyo%20del%20Comit%C3%A9%20de%20Desarrollo%20Productivo%20de%20Corfo&#038;url=https:\/\/radiorevelacionfm.cl\/?p=57170' aria-hidden='false' data-av_icon='\ue8f1' data-av_iconfont='entypo-fontello' title='' data-avia-related-tooltip='Compartir en Twitter' rel=\"noopener\"><span class='avia_hidden_link_text'>Compartir en Twitter<\/span><\/a><\/li><li class='av-share-link av-social-link-whatsapp' ><a target=\"_blank\" aria-label=\"Compartir en Whatsapp\" href='https:\/\/api.whatsapp.com\/send?text=https:\/\/radiorevelacionfm.cl\/?p=57170' aria-hidden='false' data-av_icon='\uf232' data-av_iconfont='entypo-fontello' title='' data-avia-related-tooltip='Compartir en Whatsapp' rel=\"noopener\"><span class='avia_hidden_link_text'>Compartir en Whatsapp<\/span><\/a><\/li><li class='av-share-link av-social-link-linkedin' ><a target=\"_blank\" aria-label=\"Compartir en LinkedIn\" href='https:\/\/linkedin.com\/shareArticle?mini=true&#038;title=Tecnolog%C3%ADa%20y%20liderazgo%20juvenil%20marcan%20la%20agenda%20del%20emprendimiento%20regional%20gracias%20al%20apoyo%20del%20Comit%C3%A9%20de%20Desarrollo%20Productivo%20de%20Corfo&#038;url=https:\/\/radiorevelacionfm.cl\/?p=57170' aria-hidden='false' data-av_icon='\ue8fc' data-av_iconfont='entypo-fontello' title='' data-avia-related-tooltip='Compartir en LinkedIn' rel=\"noopener\"><span class='avia_hidden_link_text'>Compartir en LinkedIn<\/span><\/a><\/li><li class='av-share-link av-social-link-mail' ><a  aria-label=\"Compartir por correo\" href='mailto:?subject=Tecnolog%C3%ADa%20y%20liderazgo%20juvenil%20marcan%20la%20agenda%20del%20emprendimiento%20regional%20gracias%20al%20apoyo%20del%20Comit%C3%A9%20de%20Desarrollo%20Productivo%20de%20Corfo&#038;body=https:\/\/radiorevelacionfm.cl\/?p=57170' aria-hidden='false' data-av_icon='\ue805' data-av_iconfont='entypo-fontello' title='' data-avia-related-tooltip='Compartir por correo'><span class='avia_hidden_link_text'>Compartir por correo<\/span><\/a><\/li><\/ul><\/div><\/div>\n<div  style='height:50px' class='hr hr-invisible   avia-builder-el-8  el_after_av_social_share  el_before_av_comments_list '><span class='hr-inner ' ><span class='hr-inner-style'><\/span><\/span><\/div>\n<div  class='av-buildercomment  av-blog-meta-html-info-disabled av-blog-meta-tag-disabled  '><\/div>\n","protected":false},"excerpt":{"rendered":"","protected":false},"author":1,"featured_media":57171,"comment_status":"closed","ping_status":"closed","sticky":false,"template":"","format":"standard","meta":{"footnotes":""},"categories":[38],"tags":[],"class_list":["post-57170","post","type-post","status-publish","format-standard","has-post-thumbnail","hentry","category-regional"],"jetpack_featured_media_url":"https:\/\/radiorevelacionfm.cl\/wp-content\/uploads\/2025\/07\/pexels-artempodrez-4816771-1_optimized.jpg","_links":{"self":[{"href":"https:\/\/radiorevelacionfm.cl\/index.php?rest_route=\/wp\/v2\/posts\/57170","targetHints":{"allow":["GET"]}}],"collection":[{"href":"https:\/\/radiorevelacionfm.cl\/index.php?rest_route=\/wp\/v2\/posts"}],"about":[{"href":"https:\/\/radiorevelacionfm.cl\/index.php?rest_route=\/wp\/v2\/types\/post"}],"author":[{"embeddable":true,"href":"https:\/\/radiorevelacionfm.cl\/index.php?rest_route=\/wp\/v2\/users\/1"}],"replies":[{"embeddable":true,"href":"https:\/\/radiorevelacionfm.cl\/index.php?rest_route=%2Fwp%2Fv2%2Fcomments&post=57170"}],"version-history":[{"count":2,"href":"https:\/\/radiorevelacionfm.cl\/index.php?rest_route=\/wp\/v2\/posts\/57170\/revisions"}],"predecessor-version":[{"id":57207,"href":"https:\/\/radiorevelacionfm.cl\/index.php?rest_route=\/wp\/v2\/posts\/57170\/revisions\/57207"}],"wp:featuredmedia":[{"embeddable":true,"href":"https:\/\/radiorevelacionfm.cl\/index.php?rest_route=\/wp\/v2\/media\/57171"}],"wp:attachment":[{"href":"https:\/\/radiorevelacionfm.cl\/index.php?rest_route=%2Fwp%2Fv2%2Fmedia&parent=57170"}],"wp:term":[{"taxonomy":"category","embeddable":true,"href":"https:\/\/radiorevelacionfm.cl\/index.php?rest_route=%2Fwp%2Fv2%2Fcategories&post=57170"},{"taxonomy":"post_tag","embeddable":true,"href":"https:\/\/radiorevelacionfm.cl\/index.php?rest_route=%2Fwp%2Fv2%2Ftags&post=57170"}],"curies":[{"name":"wp","href":"https:\/\/api.w.org\/{rel}","templated":true}]}}