{"id":57166,"date":"2025-07-31T20:21:10","date_gmt":"2025-07-31T23:21:10","guid":{"rendered":"https:\/\/radiorevelacionfm.cl\/?p=57166"},"modified":"2025-07-31T20:21:10","modified_gmt":"2025-07-31T23:21:10","slug":"tiene-que-pasar-agosto-manana-comienza-la-veda-de-la-merluza-austral","status":"publish","type":"post","link":"https:\/\/radiorevelacionfm.cl\/?p=57166","title":{"rendered":"Tiene que pasar agosto: ma\u00f1ana comienza la veda de la merluza austral"},"content":{"rendered":"<div class=\"flex_column av_one_full  flex_column_div av-zero-column-padding first  avia-builder-el-0  el_before_av_one_full  avia-builder-el-first  \" style='border-radius:0px; '><div  class='avia-image-container  av-styling-    avia-builder-el-1  avia-builder-el-no-sibling  avia-align-center '  itemprop=\"image\" itemscope=\"itemscope\" itemtype=\"https:\/\/schema.org\/ImageObject\"  ><div class='avia-image-container-inner'><div class='avia-image-overlay-wrap'><img decoding=\"async\" class='wp-image-57167 avia-img-lazy-loading-not-57167 avia_image' src=\"https:\/\/radiorevelacionfm.cl\/wp-content\/uploads\/2025\/07\/lanzamiento-vedamerluzaaustral8-1_optimized.jpg\" alt='' title='lanzamiento-vedamerluzaaustral8-(1)_optimized' height=\"600\" width=\"833\"  itemprop=\"thumbnailUrl\" srcset=\"https:\/\/radiorevelacionfm.cl\/wp-content\/uploads\/2025\/07\/lanzamiento-vedamerluzaaustral8-1_optimized.jpg 833w, https:\/\/radiorevelacionfm.cl\/wp-content\/uploads\/2025\/07\/lanzamiento-vedamerluzaaustral8-1_optimized-300x216.jpg 300w, https:\/\/radiorevelacionfm.cl\/wp-content\/uploads\/2025\/07\/lanzamiento-vedamerluzaaustral8-1_optimized-768x553.jpg 768w, https:\/\/radiorevelacionfm.cl\/wp-content\/uploads\/2025\/07\/lanzamiento-vedamerluzaaustral8-1_optimized-705x508.jpg 705w, https:\/\/radiorevelacionfm.cl\/wp-content\/uploads\/2025\/07\/lanzamiento-vedamerluzaaustral8-1_optimized-450x324.jpg 450w, https:\/\/radiorevelacionfm.cl\/wp-content\/uploads\/2025\/07\/lanzamiento-vedamerluzaaustral8-1_optimized-600x432.jpg 600w\" sizes=\"(max-width: 833px) 100vw, 833px\" \/><\/div><\/div><\/div><\/div><div class=\"flex_column av_one_full  flex_column_div av-zero-column-padding first  avia-builder-el-2  el_after_av_one_full  el_before_av_one_full  column-top-margin\" style='border-radius:0px; '><section class=\"av_textblock_section \"  itemscope=\"itemscope\" itemtype=\"https:\/\/schema.org\/BlogPosting\" itemprop=\"blogPost\" ><div class='avia_textblock  '   itemprop=\"text\" ><p style=\"text-align: center;\"><strong><span style=\"font-size: 18pt;\">Tiene que pasar agosto: ma\u00f1ana comienza la veda de la merluza austral<\/span><\/strong><\/p>\n<div id=\"gtx-trans\" style=\"position: absolute; left: -50px; top: 4.31534px;\">\n<div class=\"gtx-trans-icon\"><\/div>\n<\/div>\n<\/div><\/section><\/div><div class=\"flex_column av_one_full  flex_column_div av-zero-column-padding first  avia-builder-el-4  el_after_av_one_full  el_before_av_hr  column-top-margin\" style='border-radius:0px; '><section class=\"av_textblock_section \"  itemscope=\"itemscope\" itemtype=\"https:\/\/schema.org\/BlogPosting\" itemprop=\"blogPost\" ><div class='avia_textblock  '   itemprop=\"text\" ><p style=\"font-weight: 400; text-align: justify;\">Desde la Feria Rahue de Osorno el Servicio Nacional de Pesca y Acuicultura (Sernapesca) realiz\u00f3 el lanzamiento nacional de la veda de la merluza austral, un hito que anuncia el inicio del periodo del peak de reproducci\u00f3n de uno de los recursos pesqueros m\u00e1s importantes del sur de Chile y de la gastronom\u00eda nacional.<\/p>\n<p style=\"font-weight: 400; text-align: justify;\">\u201cPara que no se agote, tiene que pasar agosto\u201d, es la campa\u00f1a de Sernapesca para llamar a la ciudadan\u00eda a respetar la veda biol\u00f3gica de la merluza austral que como cada a\u00f1o inicia el 01 de agosto y se extiende hasta el 31 del mismo mes.<\/p>\n<p style=\"font-weight: 400; text-align: justify;\">El subdirector de pesquer\u00edas de Sernapesca, Pablo Ortiz, junto con la Seremi de Salud, Karin Sol\u00eds, el Seremi de Econom\u00eda, Fomento y Turismo, Luis C\u00e1rdenas, y a fiscalizadores recorrieron la feria con el fin informar sobre la veda a comercializadores y consumidores, pero tambi\u00e9n para verificar los stocks del recurso en los diferentes puntos de venta, ya que solo podr\u00e1n vender el recurso que hayan adquirido legalmente hasta el 3 de agosto, fecha l\u00edmite permitida para comercializar merluza austral.<\/p>\n<p style=\"font-weight: 400; text-align: justify;\">Pablo Ortiz, subdirector nacional de pesquer\u00edas de Sernapesca, se refiri\u00f3 al rol que tienen como Servicio para velar por el cumplimiento de esta medida de administraci\u00f3n. \u201cPara que pase agosto desde Sernapesca vamos a mantener fiscalizaciones permanentes con la Red Sustenta en puntos de desembarques, zonas de pesca, controles carreteros y en toda la cadena de valor, pero tambi\u00e9n hacemos el llamado a la ciudadan\u00eda a preferir otros pescados y mariscos durante agosto. De este modo, entre todos y todas cuidamos la recuperaci\u00f3n de este apreciado recurso y el trabajo de los pescadores y pescadoras artesanales\u201d.<\/p>\n<p style=\"font-weight: 400; text-align: justify;\">La veda biol\u00f3gica proh\u00edbe la extracci\u00f3n de merluza austral desde la regi\u00f3n de Los Lagos hasta Magallanes, de acuerdo con el decreto exento N\u00b0140 de la Subpesca, que tambi\u00e9n proh\u00edbe la comercializaci\u00f3n, procesamiento, almacenamiento, transporte del recurso fresco en todo el territorio nacional, siendo esto un delito.<\/p>\n<p style=\"font-weight: 400; text-align: justify;\">El objetivo de esta medida de administraci\u00f3n, adem\u00e1s de proteger la especie durante el peak de su per\u00edodo de reproducci\u00f3n es resguardar la actividad pesquera de la que dependen miles de familias de pescadores artesanales, quienes tienen sus embarcaciones inscritas para extraer merluza austral o tambi\u00e9n conocida como merluza del sur, de acuerdo con el Registro Pesquero Artesanal de Sernapesca.<\/p>\n<p style=\"font-weight: 400; text-align: justify;\">A nivel nacional, durante el a\u00f1o 2024 se desembarc\u00f3 un total de 17.781 toneladas de merluza austral, correspondiente a la cuota autorizada, entre la flota artesanal e industrial. Adem\u00e1s, se incaut\u00f3 un total de 24,68 toneladas del recurso de origen ilegal.<\/p>\n<p style=\"font-weight: 400; text-align: justify;\">Finalmente, desde Sernapesca hacen un llamado a la ciudadan\u00eda a sumarse a la campa\u00f1a \u201cPara que no se agote, tiene que pasar agosto\u201d. En caso de detectar venta de merluza austral en estado fresco durante el periodo de veda en agosto, denunciar al tel\u00e9fono 800 320 032 de Sernapesca.<\/p>\n<\/div><\/section><\/div><div  style='height:50px' class='hr hr-invisible   avia-builder-el-6  el_after_av_one_full  el_before_av_social_share '><span class='hr-inner ' ><span class='hr-inner-style'><\/span><\/span><\/div><\/p>\n<div  class='av-social-sharing-box  avia-builder-el-7  el_after_av_hr  el_before_av_hr  '><div class='av-share-box'><h5 class='av-share-link-description av-no-toc '>Compartir esta noticia<\/h5><ul class='av-share-box-list noLightbox'><li class='av-share-link av-social-link-facebook' ><a target=\"_blank\" aria-label=\"Compartir en Facebook\" href='https:\/\/www.facebook.com\/sharer.php?u=https:\/\/radiorevelacionfm.cl\/?p=57166&#038;t=Tiene%20que%20pasar%20agosto%3A%20ma%C3%B1ana%20comienza%20la%20veda%20de%20la%20merluza%20austral' aria-hidden='false' data-av_icon='\ue8f3' data-av_iconfont='entypo-fontello' title='' data-avia-related-tooltip='Compartir en Facebook' rel=\"noopener\"><span class='avia_hidden_link_text'>Compartir en Facebook<\/span><\/a><\/li><li class='av-share-link av-social-link-twitter' ><a target=\"_blank\" aria-label=\"Compartir en Twitter\" href='https:\/\/twitter.com\/share?text=Tiene%20que%20pasar%20agosto%3A%20ma%C3%B1ana%20comienza%20la%20veda%20de%20la%20merluza%20austral&#038;url=https:\/\/radiorevelacionfm.cl\/?p=57166' aria-hidden='false' data-av_icon='\ue8f1' data-av_iconfont='entypo-fontello' title='' data-avia-related-tooltip='Compartir en Twitter' rel=\"noopener\"><span class='avia_hidden_link_text'>Compartir en Twitter<\/span><\/a><\/li><li class='av-share-link av-social-link-whatsapp' ><a target=\"_blank\" aria-label=\"Compartir en Whatsapp\" href='https:\/\/api.whatsapp.com\/send?text=https:\/\/radiorevelacionfm.cl\/?p=57166' aria-hidden='false' data-av_icon='\uf232' data-av_iconfont='entypo-fontello' title='' data-avia-related-tooltip='Compartir en Whatsapp' rel=\"noopener\"><span class='avia_hidden_link_text'>Compartir en Whatsapp<\/span><\/a><\/li><li class='av-share-link av-social-link-linkedin' ><a target=\"_blank\" aria-label=\"Compartir en LinkedIn\" href='https:\/\/linkedin.com\/shareArticle?mini=true&#038;title=Tiene%20que%20pasar%20agosto%3A%20ma%C3%B1ana%20comienza%20la%20veda%20de%20la%20merluza%20austral&#038;url=https:\/\/radiorevelacionfm.cl\/?p=57166' aria-hidden='false' data-av_icon='\ue8fc' data-av_iconfont='entypo-fontello' title='' data-avia-related-tooltip='Compartir en LinkedIn' rel=\"noopener\"><span class='avia_hidden_link_text'>Compartir en LinkedIn<\/span><\/a><\/li><li class='av-share-link av-social-link-mail' ><a  aria-label=\"Compartir por correo\" href='mailto:?subject=Tiene%20que%20pasar%20agosto%3A%20ma%C3%B1ana%20comienza%20la%20veda%20de%20la%20merluza%20austral&#038;body=https:\/\/radiorevelacionfm.cl\/?p=57166' aria-hidden='false' data-av_icon='\ue805' data-av_iconfont='entypo-fontello' title='' data-avia-related-tooltip='Compartir por correo'><span class='avia_hidden_link_text'>Compartir por correo<\/span><\/a><\/li><\/ul><\/div><\/div>\n<div  style='height:50px' class='hr hr-invisible   avia-builder-el-8  el_after_av_social_share  el_before_av_comments_list '><span class='hr-inner ' ><span class='hr-inner-style'><\/span><\/span><\/div>\n<div  class='av-buildercomment  av-blog-meta-html-info-disabled av-blog-meta-tag-disabled  '><\/div>\n","protected":false},"excerpt":{"rendered":"","protected":false},"author":1,"featured_media":57167,"comment_status":"closed","ping_status":"closed","sticky":false,"template":"","format":"standard","meta":{"footnotes":""},"categories":[60],"tags":[],"class_list":["post-57166","post","type-post","status-publish","format-standard","has-post-thumbnail","hentry","category-pesca"],"jetpack_featured_media_url":"https:\/\/radiorevelacionfm.cl\/wp-content\/uploads\/2025\/07\/lanzamiento-vedamerluzaaustral8-1_optimized.jpg","_links":{"self":[{"href":"https:\/\/radiorevelacionfm.cl\/index.php?rest_route=\/wp\/v2\/posts\/57166","targetHints":{"allow":["GET"]}}],"collection":[{"href":"https:\/\/radiorevelacionfm.cl\/index.php?rest_route=\/wp\/v2\/posts"}],"about":[{"href":"https:\/\/radiorevelacionfm.cl\/index.php?rest_route=\/wp\/v2\/types\/post"}],"author":[{"embeddable":true,"href":"https:\/\/radiorevelacionfm.cl\/index.php?rest_route=\/wp\/v2\/users\/1"}],"replies":[{"embeddable":true,"href":"https:\/\/radiorevelacionfm.cl\/index.php?rest_route=%2Fwp%2Fv2%2Fcomments&post=57166"}],"version-history":[{"count":2,"href":"https:\/\/radiorevelacionfm.cl\/index.php?rest_route=\/wp\/v2\/posts\/57166\/revisions"}],"predecessor-version":[{"id":57197,"href":"https:\/\/radiorevelacionfm.cl\/index.php?rest_route=\/wp\/v2\/posts\/57166\/revisions\/57197"}],"wp:featuredmedia":[{"embeddable":true,"href":"https:\/\/radiorevelacionfm.cl\/index.php?rest_route=\/wp\/v2\/media\/57167"}],"wp:attachment":[{"href":"https:\/\/radiorevelacionfm.cl\/index.php?rest_route=%2Fwp%2Fv2%2Fmedia&parent=57166"}],"wp:term":[{"taxonomy":"category","embeddable":true,"href":"https:\/\/radiorevelacionfm.cl\/index.php?rest_route=%2Fwp%2Fv2%2Fcategories&post=57166"},{"taxonomy":"post_tag","embeddable":true,"href":"https:\/\/radiorevelacionfm.cl\/index.php?rest_route=%2Fwp%2Fv2%2Ftags&post=57166"}],"curies":[{"name":"wp","href":"https:\/\/api.w.org\/{rel}","templated":true}]}}