{"id":57163,"date":"2025-07-31T18:43:36","date_gmt":"2025-07-31T21:43:36","guid":{"rendered":"https:\/\/radiorevelacionfm.cl\/?p=57163"},"modified":"2025-07-31T18:51:06","modified_gmt":"2025-07-31T21:51:06","slug":"seremi-de-salud-intensifica-fiscalizaciones-en-resguardo-de-trabajadores-expuestos-al-frio","status":"publish","type":"post","link":"https:\/\/radiorevelacionfm.cl\/?p=57163","title":{"rendered":"Seremi de Salud intensifica fiscalizaciones en resguardo de trabajadores expuestos al fr\u00edo"},"content":{"rendered":"<div class=\"flex_column av_one_full  flex_column_div av-zero-column-padding first  avia-builder-el-0  el_before_av_one_full  avia-builder-el-first  \" style='border-radius:0px; '><div  class='avia-image-container  av-styling-    avia-builder-el-1  avia-builder-el-no-sibling  avia-align-center '  itemprop=\"image\" itemscope=\"itemscope\" itemtype=\"https:\/\/schema.org\/ImageObject\"  ><div class='avia-image-container-inner'><div class='avia-image-overlay-wrap'><img decoding=\"async\" class='wp-image-57192 avia-img-lazy-loading-not-57192 avia_image' src=\"https:\/\/radiorevelacionfm.cl\/wp-content\/uploads\/2025\/07\/fiscalizacion-exposicion-frio-2-1-1.jpeg\" alt='' title='fiscalizaci\u00f3n exposici\u00f3n fr\u00edo (2) (1) (1)' height=\"600\" width=\"800\"  itemprop=\"thumbnailUrl\" srcset=\"https:\/\/radiorevelacionfm.cl\/wp-content\/uploads\/2025\/07\/fiscalizacion-exposicion-frio-2-1-1.jpeg 800w, https:\/\/radiorevelacionfm.cl\/wp-content\/uploads\/2025\/07\/fiscalizacion-exposicion-frio-2-1-1-300x225.jpeg 300w, https:\/\/radiorevelacionfm.cl\/wp-content\/uploads\/2025\/07\/fiscalizacion-exposicion-frio-2-1-1-768x576.jpeg 768w, https:\/\/radiorevelacionfm.cl\/wp-content\/uploads\/2025\/07\/fiscalizacion-exposicion-frio-2-1-1-705x529.jpeg 705w, https:\/\/radiorevelacionfm.cl\/wp-content\/uploads\/2025\/07\/fiscalizacion-exposicion-frio-2-1-1-450x338.jpeg 450w, https:\/\/radiorevelacionfm.cl\/wp-content\/uploads\/2025\/07\/fiscalizacion-exposicion-frio-2-1-1-600x450.jpeg 600w\" sizes=\"(max-width: 800px) 100vw, 800px\" \/><\/div><\/div><\/div><\/div><div class=\"flex_column av_one_full  flex_column_div av-zero-column-padding first  avia-builder-el-2  el_after_av_one_full  el_before_av_one_full  column-top-margin\" style='border-radius:0px; '><section class=\"av_textblock_section \"  itemscope=\"itemscope\" itemtype=\"https:\/\/schema.org\/BlogPosting\" itemprop=\"blogPost\" ><div class='avia_textblock  '   itemprop=\"text\" ><p style=\"text-align: center;\"><strong><span style=\"font-size: 18pt;\">Seremi de Salud intensifica fiscalizaciones en resguardo de trabajadores expuestos al fr\u00edo<\/span><\/strong><\/p>\n<div id=\"gtx-trans\" style=\"position: absolute; left: -50px; top: 4.31534px;\">\n<div class=\"gtx-trans-icon\"><\/div>\n<\/div>\n<\/div><\/section><\/div><\/p>\n<div class=\"flex_column av_one_full  flex_column_div av-zero-column-padding first  avia-builder-el-4  el_after_av_one_full  el_before_av_hr  column-top-margin\" style='border-radius:0px; '><section class=\"av_textblock_section \"  itemscope=\"itemscope\" itemtype=\"https:\/\/schema.org\/BlogPosting\" itemprop=\"blogPost\" ><div class='avia_textblock  '   itemprop=\"text\" ><p style=\"text-align: justify;\"><em>Empleadores deben proporcionar ropa a quienes desarrollen actividades a la intemperie; y es responsabilidad de cada trabajador (a), utilizar adecuadamente estos elementos de protecci\u00f3n personal y ropa de abrigo, para evitar efectos negativos en la salud de las personas.<\/em><\/p>\n<p style=\"text-align: justify;\">Pese a las condiciones clim\u00e1ticas que se presentan en esta \u00e9poca del a\u00f1o, existen una serie de actividades productivas que contin\u00faan ejecut\u00e1ndose a lo largo de la regi\u00f3n, raz\u00f3n por la cual, desde la Unidad de Salud Ocupacional de la Seremi de Salud constantemente se est\u00e1n realizando acciones educativas y de fiscalizaci\u00f3n tendientes a resguardar la salud de las y los trabajadores que habitualmente est\u00e1n expuestos al fr\u00edo.<\/p>\n<p style=\"text-align: justify;\">Tal como lo manifest\u00f3 Jorge L\u00f3pez, fiscalizador de la Unidad de Salud Ocupacional de la Seremi de Salud, quien entreg\u00f3 m\u00e1s antecedentes respecto a las inspecciones que se realizan entre las empresas regionales.\u00a0 \u201cComo departamento de Acci\u00f3n Sanitaria, a nosotros nos corresponde fiscalizar la normativa sobre Condiciones Sanitarias y Ambientales B\u00e1sicas en los Lugares de Trabajo, la cual plantea que los y las trabajadoras expuestos al fr\u00edo deber\u00e1n contar con ropa adecuada para estas funciones, proporcionada por sus respectivos empleadores, que cumpla con materiales resistentes y con aislaci\u00f3n.\u00a0 Al igual que resguardar que las personas cuenten con per\u00edodos de descanso en zonas temperadas, ya que la exposici\u00f3n laboral a ambientes fr\u00edos puede causar serios problemas de salud\u201d.<\/p>\n<p style=\"text-align: justify;\">De esta forma, la Unidad de Salud Ocupacional de la Seremi de Salud, en forma permanente realiza fiscalizaciones al sector p\u00fablico y privado para el cuidado de la salud de las y los trabajadores, especialmente en las tareas que se desarrollan a la intemperie (trabajadores de la construcci\u00f3n, PMU, servicentros, entre otros); adem\u00e1s de trabajos en altura o en contacto con el agua, en frigor\u00edficos, entre otros. Estos son algunos de los entornos laborales en los que, ahora que llegan los meses de temperaturas m\u00e1s bajas, las personas se exponen a ambientes fr\u00edos que pueden causar serios problemas para su salud.<\/p>\n<p style=\"text-align: justify;\">Bajo esta normativa vigente (DS. N\u00b0594\/99), se asocian riesgos a la salud de las personas de no dar cumplimiento a esta medida, tal como lo explic\u00f3 Jorge L\u00f3pez. \u201cCon el objeto de prevenir enfermedades, recomendamos a los trabajadores que est\u00e1n expuestos al fr\u00edo el uso adecuado de ropa de abrigo, donde tienen la obligaci\u00f3n legal de utilizar esta indumentaria, y la empresa de proveerlos y capacitarlos, de modo que tanto el empleado como el empleador son responsables del desarrollo de un trabajo seguro\u201d, puntualiz\u00f3.<\/p>\n<p style=\"text-align: justify;\"><strong>Medidas preventivas personales<\/strong><\/p>\n<p style=\"text-align: justify;\">Para reducir la p\u00e9rdida de calor corporal es conveniente seleccionar la vestimenta adecuada que adem\u00e1s facilite la evaporaci\u00f3n de sudor. En este sentido hay que destacar que en determinados trabajos la ropa funciona como EPP en la prevenci\u00f3n de riesgos laborales. Otras medidas de prevenci\u00f3n son la ingesta de l\u00edquidos calientes, la disminuci\u00f3n del consumo de caf\u00e9, la sustituci\u00f3n de la ropa humedecida, as\u00ed como el control del ritmo de trabajo. Adem\u00e1s, tambi\u00e9n es esencial el suministro de calor externo estableciendo pausas para calentarse en una zona habilitada.<\/p>\n<p style=\"text-align: justify;\">Estas medidas, tiene como objetivo disminuir los efectos negativos sobre la salud de las personas, como prevenir enfermedades respiratorias (desde irritaciones hasta bronco-espasmos), efectos cardiovasculares y lesiones por fr\u00edo (por enfriamiento localizado sin congelaci\u00f3n o con congelaci\u00f3n y por enfriamiento general del cuerpo con hipotermia, el m\u00e1s grave de todos).<\/p>\n<\/div><\/section><\/div>\n<div  style='height:50px' class='hr hr-invisible   avia-builder-el-6  el_after_av_one_full  el_before_av_social_share '><span class='hr-inner ' ><span class='hr-inner-style'><\/span><\/span><\/div>\n<div  class='av-social-sharing-box  avia-builder-el-7  el_after_av_hr  el_before_av_hr  '><div class='av-share-box'><h5 class='av-share-link-description av-no-toc '>Compartir esta noticia<\/h5><ul class='av-share-box-list noLightbox'><li class='av-share-link av-social-link-facebook' ><a target=\"_blank\" aria-label=\"Compartir en Facebook\" href='https:\/\/www.facebook.com\/sharer.php?u=https:\/\/radiorevelacionfm.cl\/?p=57163&#038;t=Seremi%20de%20Salud%20intensifica%20fiscalizaciones%20en%20resguardo%20de%20trabajadores%20expuestos%20al%20fr%C3%ADo' aria-hidden='false' data-av_icon='\ue8f3' data-av_iconfont='entypo-fontello' title='' data-avia-related-tooltip='Compartir en Facebook' rel=\"noopener\"><span class='avia_hidden_link_text'>Compartir en Facebook<\/span><\/a><\/li><li class='av-share-link av-social-link-twitter' ><a target=\"_blank\" aria-label=\"Compartir en Twitter\" href='https:\/\/twitter.com\/share?text=Seremi%20de%20Salud%20intensifica%20fiscalizaciones%20en%20resguardo%20de%20trabajadores%20expuestos%20al%20fr%C3%ADo&#038;url=https:\/\/radiorevelacionfm.cl\/?p=57163' aria-hidden='false' data-av_icon='\ue8f1' data-av_iconfont='entypo-fontello' title='' data-avia-related-tooltip='Compartir en Twitter' rel=\"noopener\"><span class='avia_hidden_link_text'>Compartir en Twitter<\/span><\/a><\/li><li class='av-share-link av-social-link-whatsapp' ><a target=\"_blank\" aria-label=\"Compartir en Whatsapp\" href='https:\/\/api.whatsapp.com\/send?text=https:\/\/radiorevelacionfm.cl\/?p=57163' aria-hidden='false' data-av_icon='\uf232' data-av_iconfont='entypo-fontello' title='' data-avia-related-tooltip='Compartir en Whatsapp' rel=\"noopener\"><span class='avia_hidden_link_text'>Compartir en Whatsapp<\/span><\/a><\/li><li class='av-share-link av-social-link-linkedin' ><a target=\"_blank\" aria-label=\"Compartir en LinkedIn\" href='https:\/\/linkedin.com\/shareArticle?mini=true&#038;title=Seremi%20de%20Salud%20intensifica%20fiscalizaciones%20en%20resguardo%20de%20trabajadores%20expuestos%20al%20fr%C3%ADo&#038;url=https:\/\/radiorevelacionfm.cl\/?p=57163' aria-hidden='false' data-av_icon='\ue8fc' data-av_iconfont='entypo-fontello' title='' data-avia-related-tooltip='Compartir en LinkedIn' rel=\"noopener\"><span class='avia_hidden_link_text'>Compartir en LinkedIn<\/span><\/a><\/li><li class='av-share-link av-social-link-mail' ><a  aria-label=\"Compartir por correo\" href='mailto:?subject=Seremi%20de%20Salud%20intensifica%20fiscalizaciones%20en%20resguardo%20de%20trabajadores%20expuestos%20al%20fr%C3%ADo&#038;body=https:\/\/radiorevelacionfm.cl\/?p=57163' aria-hidden='false' data-av_icon='\ue805' data-av_iconfont='entypo-fontello' title='' data-avia-related-tooltip='Compartir por correo'><span class='avia_hidden_link_text'>Compartir por correo<\/span><\/a><\/li><\/ul><\/div><\/div>\n<div  style='height:50px' class='hr hr-invisible   avia-builder-el-8  el_after_av_social_share  el_before_av_comments_list '><span class='hr-inner ' ><span class='hr-inner-style'><\/span><\/span><\/div>\n<div  class='av-buildercomment  av-blog-meta-html-info-disabled av-blog-meta-tag-disabled  '><\/div>\n","protected":false},"excerpt":{"rendered":"","protected":false},"author":1,"featured_media":57192,"comment_status":"closed","ping_status":"closed","sticky":false,"template":"","format":"standard","meta":{"footnotes":""},"categories":[46],"tags":[],"class_list":["post-57163","post","type-post","status-publish","format-standard","has-post-thumbnail","hentry","category-salud"],"jetpack_featured_media_url":"https:\/\/radiorevelacionfm.cl\/wp-content\/uploads\/2025\/07\/fiscalizacion-exposicion-frio-2-1-1.jpeg","_links":{"self":[{"href":"https:\/\/radiorevelacionfm.cl\/index.php?rest_route=\/wp\/v2\/posts\/57163","targetHints":{"allow":["GET"]}}],"collection":[{"href":"https:\/\/radiorevelacionfm.cl\/index.php?rest_route=\/wp\/v2\/posts"}],"about":[{"href":"https:\/\/radiorevelacionfm.cl\/index.php?rest_route=\/wp\/v2\/types\/post"}],"author":[{"embeddable":true,"href":"https:\/\/radiorevelacionfm.cl\/index.php?rest_route=\/wp\/v2\/users\/1"}],"replies":[{"embeddable":true,"href":"https:\/\/radiorevelacionfm.cl\/index.php?rest_route=%2Fwp%2Fv2%2Fcomments&post=57163"}],"version-history":[{"count":3,"href":"https:\/\/radiorevelacionfm.cl\/index.php?rest_route=\/wp\/v2\/posts\/57163\/revisions"}],"predecessor-version":[{"id":57191,"href":"https:\/\/radiorevelacionfm.cl\/index.php?rest_route=\/wp\/v2\/posts\/57163\/revisions\/57191"}],"wp:featuredmedia":[{"embeddable":true,"href":"https:\/\/radiorevelacionfm.cl\/index.php?rest_route=\/wp\/v2\/media\/57192"}],"wp:attachment":[{"href":"https:\/\/radiorevelacionfm.cl\/index.php?rest_route=%2Fwp%2Fv2%2Fmedia&parent=57163"}],"wp:term":[{"taxonomy":"category","embeddable":true,"href":"https:\/\/radiorevelacionfm.cl\/index.php?rest_route=%2Fwp%2Fv2%2Fcategories&post=57163"},{"taxonomy":"post_tag","embeddable":true,"href":"https:\/\/radiorevelacionfm.cl\/index.php?rest_route=%2Fwp%2Fv2%2Ftags&post=57163"}],"curies":[{"name":"wp","href":"https:\/\/api.w.org\/{rel}","templated":true}]}}