{"id":57152,"date":"2025-08-01T10:45:53","date_gmt":"2025-08-01T13:45:53","guid":{"rendered":"https:\/\/radiorevelacionfm.cl\/?p=57152"},"modified":"2025-08-01T10:45:53","modified_gmt":"2025-08-01T13:45:53","slug":"edelaysen-recibe-a-estudiantes-de-inacap-que-presentaron-proyectos-innovadores","status":"publish","type":"post","link":"https:\/\/radiorevelacionfm.cl\/?p=57152","title":{"rendered":"Edelaysen recibe a estudiantes de Inacap que presentaron proyectos innovadores"},"content":{"rendered":"<div class=\"flex_column av_one_full  flex_column_div av-zero-column-padding first  avia-builder-el-0  el_before_av_one_full  avia-builder-el-first  \" style='border-radius:0px; '><div  class='avia-image-container  av-styling-    avia-builder-el-1  avia-builder-el-no-sibling  avia-align-center '  itemprop=\"image\" itemscope=\"itemscope\" itemtype=\"https:\/\/schema.org\/ImageObject\"  ><div class='avia-image-container-inner'><div class='avia-image-overlay-wrap'><img decoding=\"async\" class='wp-image-57153 avia-img-lazy-loading-not-57153 avia_image' src=\"https:\/\/radiorevelacionfm.cl\/wp-content\/uploads\/2025\/07\/presentacion-cierre-semestre4-1_optimized.jpeg\" alt='' title='presentaci\u00f3n-cierre-semestre4-(1)_optimized' height=\"600\" width=\"800\"  itemprop=\"thumbnailUrl\" srcset=\"https:\/\/radiorevelacionfm.cl\/wp-content\/uploads\/2025\/07\/presentacion-cierre-semestre4-1_optimized.jpeg 800w, https:\/\/radiorevelacionfm.cl\/wp-content\/uploads\/2025\/07\/presentacion-cierre-semestre4-1_optimized-300x225.jpeg 300w, https:\/\/radiorevelacionfm.cl\/wp-content\/uploads\/2025\/07\/presentacion-cierre-semestre4-1_optimized-768x576.jpeg 768w, https:\/\/radiorevelacionfm.cl\/wp-content\/uploads\/2025\/07\/presentacion-cierre-semestre4-1_optimized-705x529.jpeg 705w, https:\/\/radiorevelacionfm.cl\/wp-content\/uploads\/2025\/07\/presentacion-cierre-semestre4-1_optimized-450x338.jpeg 450w, https:\/\/radiorevelacionfm.cl\/wp-content\/uploads\/2025\/07\/presentacion-cierre-semestre4-1_optimized-600x450.jpeg 600w\" sizes=\"(max-width: 800px) 100vw, 800px\" \/><\/div><\/div><\/div><\/div><div class=\"flex_column av_one_full  flex_column_div av-zero-column-padding first  avia-builder-el-2  el_after_av_one_full  el_before_av_one_full  column-top-margin\" style='border-radius:0px; '><section class=\"av_textblock_section \"  itemscope=\"itemscope\" itemtype=\"https:\/\/schema.org\/BlogPosting\" itemprop=\"blogPost\" ><div class='avia_textblock  '   itemprop=\"text\" ><p style=\"text-align: center;\"><strong><span style=\"font-size: 18pt;\">Edelaysen recibe a estudiantes de Inacap que presentaron proyectos innovadores<\/span><\/strong><\/p>\n<div id=\"gtx-trans\" style=\"position: absolute; left: -50px; top: 4.31534px;\">\n<div class=\"gtx-trans-icon\"><\/div>\n<\/div>\n<\/div><\/section><\/div><div class=\"flex_column av_one_full  flex_column_div av-zero-column-padding first  avia-builder-el-4  el_after_av_one_full  el_before_av_hr  column-top-margin\" style='border-radius:0px; '><section class=\"av_textblock_section \"  itemscope=\"itemscope\" itemtype=\"https:\/\/schema.org\/BlogPosting\" itemprop=\"blogPost\" ><div class='avia_textblock  '   itemprop=\"text\" ><p style=\"text-align: justify;\"><em>Alumnos de segundo a\u00f1o de Administraci\u00f3n de Empresas de Inacap sede Coyhaique visitaron las oficinas de Edelaysen para compartir iniciativas desarrolladas durante el semestre.<\/em><\/p>\n<p style=\"text-align: justify;\">Desde las oficinas de la distribuidora el\u00e9ctrica se llev\u00f3 a cabo la presentaci\u00f3n de proyectos trabajados a lo largo del semestre, por los estudiantes de segundo a\u00f1o de la carrera profesional de Administraci\u00f3n de Empresas de Inacap sede Coyhaique, como parte de su cierre acad\u00e9mico.<\/p>\n<p style=\"text-align: justify;\">La instancia no solo fue una oportunidad para exponer sus ideas y propuestas vinculadas a desaf\u00edos reales del mundo empresarial, sino tambi\u00e9n para recibir la retroalimentaci\u00f3n directa de parte de l\u00edderes de Edelaysen. En la jornada participaron el gerente Zonal Leonardo Mor\u00e1n, as\u00ed como tambi\u00e9n la jefa de Servicio al Cliente Mar\u00eda de los \u00c1ngeles Gajardo, jefe de Distribuci\u00f3n Juan Cifra y jefe de Proyectos de Generaci\u00f3n Arturo Coronado, quienes escucharon con atenci\u00f3n cada presentaci\u00f3n y compartieron comentarios, experiencias y consejos con los estudiantes.<\/p>\n<p style=\"text-align: justify;\">En ese sentido, la jefa de Servicio al Cliente de Edelaysen destac\u00f3: \u201cValoramos profundamente que nos hayan considerado parte de esta experiencia educativa. Estas instancias nos permiten abrir espacios de conversaci\u00f3n con nuevas generaciones de profesionales, escuchar sus ideas frescas y tambi\u00e9n compartir nuestra visi\u00f3n sobre el desarrollo empresarial en la regi\u00f3n\u201d.<\/p>\n<p style=\"text-align: justify;\">Durante la visita, los estudiantes dieron a conocer dos interesantes iniciativas orientadas a mejorar procesos y fortalecer la relaci\u00f3n con los clientes. Una de ellas busc\u00f3 optimizar la comunicaci\u00f3n interna en situaciones operativas, mientras que la otra se enfoc\u00f3 en mejorar la atenci\u00f3n y respuesta para personas electrodependientes o personas minusv\u00e1lidas. Ambas ideas generaron un valioso intercambio de miradas y fueron valoradas por su creatividad, enfoque social y conexi\u00f3n con necesidades reales de la regi\u00f3n.<\/p>\n<p style=\"text-align: justify;\">De esta manera Carla Rodr\u00edguez, alumna y una de las expositoras destac\u00f3: \u201cLa verdad es que la carrera y el ramo de innovaci\u00f3n y emprendimiento ha sido bastante genial, ya que no solamente vemos un ramo como para pasar la nota, sino que tambi\u00e9n nos ense\u00f1a a nosotros mismos a como poder hacer algo m\u00e1s de lo que ya est\u00e1. La innovaci\u00f3n siempre va a ser algo que podemos mejorar m\u00e1s all\u00e1 de algo que podamos crear y nosotros en este ramo nos ayudamos bastante a expandir la mente, con nuevos proyectos como con Edelaysen, que nos dio esta oportunidad para poder incursionar m\u00e1s en las ideas, problemas y soluciones\u201d.<\/p>\n<p style=\"text-align: justify;\">La jornada fue una valiosa oportunidad para acercar a los futuros profesionales al entorno laboral real, fortalecer habilidades comunicacionales y reflexionar sobre el impacto de la innovaci\u00f3n dentro de la sociedad y sus comunidades.<\/p>\n<p style=\"text-align: justify;\">Por su parte vicerrector de la instituci\u00f3n acad\u00e9mica Patrice Van de Male agreg\u00f3: \u201cEstoy muy contento y la verdad quisimos estar porque est\u00e1n los estudiantes, la empresa privada, hay un problema y nuestros estudiantes fueron reconocidos por Edelaysen, estamos muy contentos porque esta instancia es la m\u00e1s profunda que hemos tenido en esta asignatura innovadora que pretende transversalmente formar a nuestros estudiantes. Inacap se junt\u00f3 con Edelaysen, ellos nos prestaron sus instalaciones, nos mostraron sus procesos y los estudiantes pudieron proponer algunas ideas que buscan innovar o mejorar los procesos de la empresa\u201d.<\/p>\n<p style=\"text-align: justify;\">Finalmente, desde Edelaysen agradecieron la visita de Inacap y destacaron el compromiso de los estudiantes en esta etapa final del semestre, reafirmando su disposici\u00f3n a seguir colaborando con instituciones educativas que promuevan el talento joven y la conexi\u00f3n con los desaf\u00edos locales.<\/p>\n<p style=\"text-align: justify;\"><strong>\u00a0<\/strong><\/p>\n<\/div><\/section><\/div><div  style='height:50px' class='hr hr-invisible   avia-builder-el-6  el_after_av_one_full  el_before_av_social_share '><span class='hr-inner ' ><span class='hr-inner-style'><\/span><\/span><\/div><\/p>\n<div  class='av-social-sharing-box  avia-builder-el-7  el_after_av_hr  el_before_av_hr  '><div class='av-share-box'><h5 class='av-share-link-description av-no-toc '>Compartir esta noticia<\/h5><ul class='av-share-box-list noLightbox'><li class='av-share-link av-social-link-facebook' ><a target=\"_blank\" aria-label=\"Compartir en Facebook\" href='https:\/\/www.facebook.com\/sharer.php?u=https:\/\/radiorevelacionfm.cl\/?p=57152&#038;t=Edelaysen%20recibe%20a%20estudiantes%20de%20Inacap%20que%20presentaron%20proyectos%20innovadores' aria-hidden='false' data-av_icon='\ue8f3' data-av_iconfont='entypo-fontello' title='' data-avia-related-tooltip='Compartir en Facebook' rel=\"noopener\"><span class='avia_hidden_link_text'>Compartir en Facebook<\/span><\/a><\/li><li class='av-share-link av-social-link-twitter' ><a target=\"_blank\" aria-label=\"Compartir en Twitter\" href='https:\/\/twitter.com\/share?text=Edelaysen%20recibe%20a%20estudiantes%20de%20Inacap%20que%20presentaron%20proyectos%20innovadores&#038;url=https:\/\/radiorevelacionfm.cl\/?p=57152' aria-hidden='false' data-av_icon='\ue8f1' data-av_iconfont='entypo-fontello' title='' data-avia-related-tooltip='Compartir en Twitter' rel=\"noopener\"><span class='avia_hidden_link_text'>Compartir en Twitter<\/span><\/a><\/li><li class='av-share-link av-social-link-whatsapp' ><a target=\"_blank\" aria-label=\"Compartir en Whatsapp\" href='https:\/\/api.whatsapp.com\/send?text=https:\/\/radiorevelacionfm.cl\/?p=57152' aria-hidden='false' data-av_icon='\uf232' data-av_iconfont='entypo-fontello' title='' data-avia-related-tooltip='Compartir en Whatsapp' rel=\"noopener\"><span class='avia_hidden_link_text'>Compartir en Whatsapp<\/span><\/a><\/li><li class='av-share-link av-social-link-linkedin' ><a target=\"_blank\" aria-label=\"Compartir en LinkedIn\" href='https:\/\/linkedin.com\/shareArticle?mini=true&#038;title=Edelaysen%20recibe%20a%20estudiantes%20de%20Inacap%20que%20presentaron%20proyectos%20innovadores&#038;url=https:\/\/radiorevelacionfm.cl\/?p=57152' aria-hidden='false' data-av_icon='\ue8fc' data-av_iconfont='entypo-fontello' title='' data-avia-related-tooltip='Compartir en LinkedIn' rel=\"noopener\"><span class='avia_hidden_link_text'>Compartir en LinkedIn<\/span><\/a><\/li><li class='av-share-link av-social-link-mail' ><a  aria-label=\"Compartir por correo\" href='mailto:?subject=Edelaysen%20recibe%20a%20estudiantes%20de%20Inacap%20que%20presentaron%20proyectos%20innovadores&#038;body=https:\/\/radiorevelacionfm.cl\/?p=57152' aria-hidden='false' data-av_icon='\ue805' data-av_iconfont='entypo-fontello' title='' data-avia-related-tooltip='Compartir por correo'><span class='avia_hidden_link_text'>Compartir por correo<\/span><\/a><\/li><\/ul><\/div><\/div>\n<div  style='height:50px' class='hr hr-invisible   avia-builder-el-8  el_after_av_social_share  el_before_av_comments_list '><span class='hr-inner ' ><span class='hr-inner-style'><\/span><\/span><\/div>\n<div  class='av-buildercomment  av-blog-meta-html-info-disabled av-blog-meta-tag-disabled  '><\/div>\n","protected":false},"excerpt":{"rendered":"","protected":false},"author":1,"featured_media":57153,"comment_status":"closed","ping_status":"closed","sticky":false,"template":"","format":"standard","meta":{"footnotes":""},"categories":[38],"tags":[],"class_list":["post-57152","post","type-post","status-publish","format-standard","has-post-thumbnail","hentry","category-regional"],"jetpack_featured_media_url":"https:\/\/radiorevelacionfm.cl\/wp-content\/uploads\/2025\/07\/presentacion-cierre-semestre4-1_optimized.jpeg","_links":{"self":[{"href":"https:\/\/radiorevelacionfm.cl\/index.php?rest_route=\/wp\/v2\/posts\/57152","targetHints":{"allow":["GET"]}}],"collection":[{"href":"https:\/\/radiorevelacionfm.cl\/index.php?rest_route=\/wp\/v2\/posts"}],"about":[{"href":"https:\/\/radiorevelacionfm.cl\/index.php?rest_route=\/wp\/v2\/types\/post"}],"author":[{"embeddable":true,"href":"https:\/\/radiorevelacionfm.cl\/index.php?rest_route=\/wp\/v2\/users\/1"}],"replies":[{"embeddable":true,"href":"https:\/\/radiorevelacionfm.cl\/index.php?rest_route=%2Fwp%2Fv2%2Fcomments&post=57152"}],"version-history":[{"count":2,"href":"https:\/\/radiorevelacionfm.cl\/index.php?rest_route=\/wp\/v2\/posts\/57152\/revisions"}],"predecessor-version":[{"id":57209,"href":"https:\/\/radiorevelacionfm.cl\/index.php?rest_route=\/wp\/v2\/posts\/57152\/revisions\/57209"}],"wp:featuredmedia":[{"embeddable":true,"href":"https:\/\/radiorevelacionfm.cl\/index.php?rest_route=\/wp\/v2\/media\/57153"}],"wp:attachment":[{"href":"https:\/\/radiorevelacionfm.cl\/index.php?rest_route=%2Fwp%2Fv2%2Fmedia&parent=57152"}],"wp:term":[{"taxonomy":"category","embeddable":true,"href":"https:\/\/radiorevelacionfm.cl\/index.php?rest_route=%2Fwp%2Fv2%2Fcategories&post=57152"},{"taxonomy":"post_tag","embeddable":true,"href":"https:\/\/radiorevelacionfm.cl\/index.php?rest_route=%2Fwp%2Fv2%2Ftags&post=57152"}],"curies":[{"name":"wp","href":"https:\/\/api.w.org\/{rel}","templated":true}]}}