{"id":57143,"date":"2025-07-31T12:05:09","date_gmt":"2025-07-31T15:05:09","guid":{"rendered":"https:\/\/radiorevelacionfm.cl\/?p=57143"},"modified":"2025-07-31T12:05:09","modified_gmt":"2025-07-31T15:05:09","slug":"numerosa-delegacion-de-coyhaique-aterriza-en-la-xii-feria-del-libro-de-comodoro-rivadavia","status":"publish","type":"post","link":"https:\/\/radiorevelacionfm.cl\/?p=57143","title":{"rendered":"Numerosa delegaci\u00f3n de Coyhaique aterriza en la XII Feria del Libro de Comodoro Rivadavia"},"content":{"rendered":"<div class=\"flex_column av_one_full  flex_column_div av-zero-column-padding first  avia-builder-el-0  el_before_av_one_full  avia-builder-el-first  \" style='border-radius:0px; '><div  class='avia-image-container  av-styling-    avia-builder-el-1  avia-builder-el-no-sibling  avia-align-center '  itemprop=\"image\" itemscope=\"itemscope\" itemtype=\"https:\/\/schema.org\/ImageObject\"  ><div class='avia-image-container-inner'><div class='avia-image-overlay-wrap'><img decoding=\"async\" class='wp-image-57144 avia-img-lazy-loading-not-57144 avia_image' src=\"https:\/\/radiorevelacionfm.cl\/wp-content\/uploads\/2025\/07\/talleres-comodoro-3-1-1-1-1.jpeg\" alt='' title='talleres comodoro 3 (1) (1) (1) (1)' height=\"600\" width=\"901\"  itemprop=\"thumbnailUrl\" srcset=\"https:\/\/radiorevelacionfm.cl\/wp-content\/uploads\/2025\/07\/talleres-comodoro-3-1-1-1-1.jpeg 901w, https:\/\/radiorevelacionfm.cl\/wp-content\/uploads\/2025\/07\/talleres-comodoro-3-1-1-1-1-300x200.jpeg 300w, https:\/\/radiorevelacionfm.cl\/wp-content\/uploads\/2025\/07\/talleres-comodoro-3-1-1-1-1-768x511.jpeg 768w, https:\/\/radiorevelacionfm.cl\/wp-content\/uploads\/2025\/07\/talleres-comodoro-3-1-1-1-1-705x469.jpeg 705w, https:\/\/radiorevelacionfm.cl\/wp-content\/uploads\/2025\/07\/talleres-comodoro-3-1-1-1-1-450x300.jpeg 450w, https:\/\/radiorevelacionfm.cl\/wp-content\/uploads\/2025\/07\/talleres-comodoro-3-1-1-1-1-600x400.jpeg 600w\" sizes=\"(max-width: 901px) 100vw, 901px\" \/><\/div><\/div><\/div><\/div><div class=\"flex_column av_one_full  flex_column_div av-zero-column-padding first  avia-builder-el-2  el_after_av_one_full  el_before_av_one_full  column-top-margin\" style='border-radius:0px; '><section class=\"av_textblock_section \"  itemscope=\"itemscope\" itemtype=\"https:\/\/schema.org\/BlogPosting\" itemprop=\"blogPost\" ><div class='avia_textblock  '   itemprop=\"text\" ><p style=\"text-align: center;\"><strong><span style=\"font-size: 18pt;\">Numerosa delegaci\u00f3n de Coyhaique aterriza en la XII Feria del Libro de Comodoro Rivadavia<\/span><\/strong><\/p>\n<div id=\"gtx-trans\" style=\"position: absolute; left: -50px; top: 4.31534px;\">\n<div class=\"gtx-trans-icon\"><\/div>\n<\/div>\n<\/div><\/section><\/div><div class=\"flex_column av_one_full  flex_column_div av-zero-column-padding first  avia-builder-el-4  el_after_av_one_full  el_before_av_hr  column-top-margin\" style='border-radius:0px; '><section class=\"av_textblock_section \"  itemscope=\"itemscope\" itemtype=\"https:\/\/schema.org\/BlogPosting\" itemprop=\"blogPost\" ><div class='avia_textblock  '   itemprop=\"text\" ><p style=\"text-align: justify;\">Con lanzamientos de libros, talleres literarios y fotogr\u00e1ficos, conversatorios y presentaciones teatrales, este jueves parte a Comodoro Rivadavia, la delegaci\u00f3n que participar\u00e1 en la duod\u00e9cima edici\u00f3n de la Feria Internacional del Libro de la ciudad, la feria p\u00fablica m\u00e1s grande\u00a0de Argentina.<\/p>\n<p style=\"text-align: justify;\">Se trata del trabajo iniciado hace un a\u00f1o por el periodista y gestor cultural Rodrigo Campusano, que se solidific\u00f3 gracias a la firma de un preacuerdo entre los gobiernos comunales de Comodoro y Coyhaique. Este jueves se firmar\u00e1 en el puerto argentino el acuerdo definitivo por el Corredor Cultural Comodoro Rivadavia-Coyhaique, que dar\u00e1 vida y espacio a las m\u00e1s diversas expresiones culturales y art\u00edsticas de ambas ciudades, para que sus contenidos y espacios de formaci\u00f3n puedan circular a trav\u00e9s de la frontera en una sola Patagonia.<\/p>\n<p style=\"text-align: justify;\">Rodrigo Campusano cuenta que \u201chemos estado durante m\u00e1s de un a\u00f1o trabajando a pulso, pero con voluntad pol\u00edtica y con el compromiso de ambas ciudades, hemos conseguido un primer paso en este Corredor Cultural. Estaremos en Comodoro participando con numerosas experiencias literarias, fotogr\u00e1ficas y creativas para la comunidad Comodorense. Junto a un hermoso equipo humano de la Secretar\u00eda de Cultura de Comodoro Rivadavia hemos ido construyendo un v\u00ednculo de trabajo sostenido con resultados\u00a0palpables\u201d.<\/p>\n<p style=\"text-align: justify;\">El equipo que llega este jueves al Atl\u00e1ntico tras cruzar el continente, est\u00e1 integrado por Marisol S\u00e1nchez, Valeria Rodr\u00edguez, Sebasti\u00e1n Gayoso y Jorge Navarro de Nodos Narrativos, colectivo que practica la escritura creativa en Coyhaique; el escritor Sebasti\u00e1n Saavedra, que lanzar\u00e1 en Argentina por primera vez el libro Archivo Fotogr\u00e1fico Ays\u00e9n Tomo II; Marcela Cruces, representando a la Editorial Dire Negro; Dami\u00e1n Antiguez e Iris Ortega, quienes en un esfuerzo conjunto de Vuelo Teatro y Teatro Austral llevar\u00e1n estatuas vivientes y al m\u00edtico personaje Vivenciolo.<\/p>\n<p style=\"text-align: justify;\">Sebasti\u00e1n Gayoso dice que \u00aben Nodos Narrativos buscamos reconocer el potencial creativo de Coyhaique. Por eso vamos a realizar cinco talleres gratuitos en la nueva versi\u00f3n de la Feria del Libro de Comodoro Rivadavia. Estaremos tambi\u00e9n con el lanzamiento del libro Anatom\u00eda del silencio, escrito por Jorge Navarro, instancia que releva a la cultura de esta ciudad, posesionando a las narrativas emergentes de Coyhaique y dando a conocer nuevas voces\u201d.<\/p>\n<p style=\"text-align: justify;\">Para el alcalde Carlos Gatica, \u00ablo que est\u00e1 sucediendo con respecto a la ciudad de hermana de Comodoro es muy importante, poder ir y poder establecer de manera formal los lazos para que se genere este Corredor Cultural que en alg\u00fan momento tuvo un inicio, pero que se diluy\u00f3 en el tiempo. Nosotros queremos no tan solo volver a fortalecer las alianzas, sino que adem\u00e1s fortalecer y desarrollar de manera duradera un Corredor Cultural que permita que tanto los artistas de Comodoro vengan hacia Coyhaique y de Coyhaique hacia Comodoro y as\u00ed tambi\u00e9n poder fortalecer estrategias de desarrollo cultural como es establecer nuevamente la Feria del libro de Coyhaique y otras actividades\u201d.<\/p>\n<p style=\"text-align: justify;\">Junto a la principal autoridad comunal, viaja a una delegaci\u00f3n de concejales que desde su lanzamiento, est\u00e1n apoyando el Corredor Cultural que este jueves se inaugura con esta Feria donde Coyhaique es el \u00fanico invitado internacional y suscribir\u00e1 este hist\u00f3rico acuerdo.<\/p>\n<\/div><\/section><\/div><div  style='height:50px' class='hr hr-invisible   avia-builder-el-6  el_after_av_one_full  el_before_av_social_share '><span class='hr-inner ' ><span class='hr-inner-style'><\/span><\/span><\/div><\/p>\n<div  class='av-social-sharing-box  avia-builder-el-7  el_after_av_hr  el_before_av_hr  '><div class='av-share-box'><h5 class='av-share-link-description av-no-toc '>Compartir esta noticia<\/h5><ul class='av-share-box-list noLightbox'><li class='av-share-link av-social-link-facebook' ><a target=\"_blank\" aria-label=\"Compartir en Facebook\" href='https:\/\/www.facebook.com\/sharer.php?u=https:\/\/radiorevelacionfm.cl\/?p=57143&#038;t=Numerosa%20delegaci%C3%B3n%20de%20Coyhaique%20aterriza%20en%20la%20XII%20Feria%20del%20Libro%20de%20Comodoro%20Rivadavia' aria-hidden='false' data-av_icon='\ue8f3' data-av_iconfont='entypo-fontello' title='' data-avia-related-tooltip='Compartir en Facebook' rel=\"noopener\"><span class='avia_hidden_link_text'>Compartir en Facebook<\/span><\/a><\/li><li class='av-share-link av-social-link-twitter' ><a target=\"_blank\" aria-label=\"Compartir en Twitter\" href='https:\/\/twitter.com\/share?text=Numerosa%20delegaci%C3%B3n%20de%20Coyhaique%20aterriza%20en%20la%20XII%20Feria%20del%20Libro%20de%20Comodoro%20Rivadavia&#038;url=https:\/\/radiorevelacionfm.cl\/?p=57143' aria-hidden='false' data-av_icon='\ue8f1' data-av_iconfont='entypo-fontello' title='' data-avia-related-tooltip='Compartir en Twitter' rel=\"noopener\"><span class='avia_hidden_link_text'>Compartir en Twitter<\/span><\/a><\/li><li class='av-share-link av-social-link-whatsapp' ><a target=\"_blank\" aria-label=\"Compartir en Whatsapp\" href='https:\/\/api.whatsapp.com\/send?text=https:\/\/radiorevelacionfm.cl\/?p=57143' aria-hidden='false' data-av_icon='\uf232' data-av_iconfont='entypo-fontello' title='' data-avia-related-tooltip='Compartir en Whatsapp' rel=\"noopener\"><span class='avia_hidden_link_text'>Compartir en Whatsapp<\/span><\/a><\/li><li class='av-share-link av-social-link-linkedin' ><a target=\"_blank\" aria-label=\"Compartir en LinkedIn\" href='https:\/\/linkedin.com\/shareArticle?mini=true&#038;title=Numerosa%20delegaci%C3%B3n%20de%20Coyhaique%20aterriza%20en%20la%20XII%20Feria%20del%20Libro%20de%20Comodoro%20Rivadavia&#038;url=https:\/\/radiorevelacionfm.cl\/?p=57143' aria-hidden='false' data-av_icon='\ue8fc' data-av_iconfont='entypo-fontello' title='' data-avia-related-tooltip='Compartir en LinkedIn' rel=\"noopener\"><span class='avia_hidden_link_text'>Compartir en LinkedIn<\/span><\/a><\/li><li class='av-share-link av-social-link-mail' ><a  aria-label=\"Compartir por correo\" href='mailto:?subject=Numerosa%20delegaci%C3%B3n%20de%20Coyhaique%20aterriza%20en%20la%20XII%20Feria%20del%20Libro%20de%20Comodoro%20Rivadavia&#038;body=https:\/\/radiorevelacionfm.cl\/?p=57143' aria-hidden='false' data-av_icon='\ue805' data-av_iconfont='entypo-fontello' title='' data-avia-related-tooltip='Compartir por correo'><span class='avia_hidden_link_text'>Compartir por correo<\/span><\/a><\/li><\/ul><\/div><\/div>\n<div  style='height:50px' class='hr hr-invisible   avia-builder-el-8  el_after_av_social_share  el_before_av_comments_list '><span class='hr-inner ' ><span class='hr-inner-style'><\/span><\/span><\/div>\n<div  class='av-buildercomment  av-blog-meta-html-info-disabled av-blog-meta-tag-disabled  '><\/div>\n","protected":false},"excerpt":{"rendered":"","protected":false},"author":1,"featured_media":57144,"comment_status":"closed","ping_status":"closed","sticky":false,"template":"","format":"standard","meta":{"footnotes":""},"categories":[52],"tags":[],"class_list":["post-57143","post","type-post","status-publish","format-standard","has-post-thumbnail","hentry","category-cultura"],"jetpack_featured_media_url":"https:\/\/radiorevelacionfm.cl\/wp-content\/uploads\/2025\/07\/talleres-comodoro-3-1-1-1-1.jpeg","_links":{"self":[{"href":"https:\/\/radiorevelacionfm.cl\/index.php?rest_route=\/wp\/v2\/posts\/57143","targetHints":{"allow":["GET"]}}],"collection":[{"href":"https:\/\/radiorevelacionfm.cl\/index.php?rest_route=\/wp\/v2\/posts"}],"about":[{"href":"https:\/\/radiorevelacionfm.cl\/index.php?rest_route=\/wp\/v2\/types\/post"}],"author":[{"embeddable":true,"href":"https:\/\/radiorevelacionfm.cl\/index.php?rest_route=\/wp\/v2\/users\/1"}],"replies":[{"embeddable":true,"href":"https:\/\/radiorevelacionfm.cl\/index.php?rest_route=%2Fwp%2Fv2%2Fcomments&post=57143"}],"version-history":[{"count":2,"href":"https:\/\/radiorevelacionfm.cl\/index.php?rest_route=\/wp\/v2\/posts\/57143\/revisions"}],"predecessor-version":[{"id":57151,"href":"https:\/\/radiorevelacionfm.cl\/index.php?rest_route=\/wp\/v2\/posts\/57143\/revisions\/57151"}],"wp:featuredmedia":[{"embeddable":true,"href":"https:\/\/radiorevelacionfm.cl\/index.php?rest_route=\/wp\/v2\/media\/57144"}],"wp:attachment":[{"href":"https:\/\/radiorevelacionfm.cl\/index.php?rest_route=%2Fwp%2Fv2%2Fmedia&parent=57143"}],"wp:term":[{"taxonomy":"category","embeddable":true,"href":"https:\/\/radiorevelacionfm.cl\/index.php?rest_route=%2Fwp%2Fv2%2Fcategories&post=57143"},{"taxonomy":"post_tag","embeddable":true,"href":"https:\/\/radiorevelacionfm.cl\/index.php?rest_route=%2Fwp%2Fv2%2Ftags&post=57143"}],"curies":[{"name":"wp","href":"https:\/\/api.w.org\/{rel}","templated":true}]}}