{"id":5714,"date":"2021-06-29T14:09:28","date_gmt":"2021-06-29T17:09:28","guid":{"rendered":"https:\/\/radiorevelacionfm.cl\/?p=5714"},"modified":"2021-06-29T15:04:09","modified_gmt":"2021-06-29T18:04:09","slug":"jardines-infantiles-de-integra-reciben-sello-achs-por-cumplimiento-de-protocolos-covid","status":"publish","type":"post","link":"https:\/\/radiorevelacionfm.cl\/?p=5714","title":{"rendered":"Jardines Infantiles de Integra reciben Sello ACHS por cumplimiento de protocolos COVID"},"content":{"rendered":"<div class=\"flex_column av_one_full  flex_column_div av-zero-column-padding first  avia-builder-el-0  el_before_av_one_full  avia-builder-el-first  \" style='border-radius:0px; '><div  class='avia-image-container  av-styling-    avia-builder-el-1  avia-builder-el-no-sibling  avia-align-center '  itemprop=\"image\" itemscope=\"itemscope\" itemtype=\"https:\/\/schema.org\/ImageObject\"  ><div class='avia-image-container-inner'><div class='avia-image-overlay-wrap'><img decoding=\"async\" class='wp-image-0 avia-img-lazy-loading-not-0 avia_image' src=\"https:\/\/radiorevelacionfm.cl\/wp-content\/uploads\/2021\/06\/1-51-1-1.jpg\" alt='' title=''   itemprop=\"thumbnailUrl\"  \/><\/div><\/div><\/div><\/div>\n<div class=\"flex_column av_one_full  flex_column_div av-zero-column-padding first  avia-builder-el-2  el_after_av_one_full  el_before_av_one_full  column-top-margin\" style='border-radius:0px; '><section class=\"av_textblock_section \"  itemscope=\"itemscope\" itemtype=\"https:\/\/schema.org\/BlogPosting\" itemprop=\"blogPost\" ><div class='avia_textblock  '   itemprop=\"text\" ><p><span style=\"font-size: 18pt;\">Jardines Infantiles de Integra reciben Sello ACHS por cumplimiento de protocolos COVID<\/span><\/p>\n<div id=\"gtx-trans\" style=\"position: absolute; left: -50px; top: 4.31534px;\">\n<div class=\"gtx-trans-icon\"><\/div>\n<\/div>\n<\/div><\/section><\/div>\n<div class=\"flex_column av_one_full  flex_column_div av-zero-column-padding first  avia-builder-el-4  el_after_av_one_full  el_before_av_hr  column-top-margin\" style='border-radius:0px; '><section class=\"av_textblock_section \"  itemscope=\"itemscope\" itemtype=\"https:\/\/schema.org\/BlogPosting\" itemprop=\"blogPost\" ><div class='avia_textblock  '   itemprop=\"text\" ><p style=\"text-align: justify;\">Tras la aplicacio\u0301n de un formulario de verificacio\u0301n a manos de los expertos coordinadores de Asociaci\u00f3n Chilena de Seguridad (ACHS) a nivel nacional, dos jardines infantiles de Fundaci\u00f3n Integra en la regi\u00f3n de Ays\u00e9n fueron reconocidos con la entrega del SELLO ACHS, el cual es un distintivo que refleja el cumplimiento de los requerimientos establecidos por el Ministerio de Salud, Superintendencia de Seguridad Social y Fundaci\u00f3n Integra, para control de la Pandemia por COVID-19.<\/p>\n<p style=\"text-align: justify;\">Los jardines infantiles reconocidos con esta distinci\u00f3n son \u201cCaminito Austral\u201d de Puerto Tranquilo y \u201cLas Murtitas\u201d de Bah\u00eda Murta -ambos de la comuna de R\u00edo Ib\u00e1\u00f1ez- transform\u00e1ndose en los primeros establecimientos educacionales del pa\u00eds en recibir dicho Sello, y que se enmarca dentro del Plan de Monitoreo Nacional impulsado por Fundaci\u00f3n Integra.<\/p>\n<p style=\"text-align: justify;\">Felipe \u00c1guila, jefe del Departamento de Promoci\u00f3n y Protecci\u00f3n a la Infancia destac\u00f3 esta acci\u00f3n ya que \u201cbusca\u00a0verificar la implementaci\u00f3n y cumplimiento de todas las medidas y actividades establecidas para la prevenci\u00f3n del COVID-19 en establecimientos educacionales, direcciones regionales y casa central\u201d. A la vez destaca que \u201cbusca identificar el estado de cumplimiento de aspectos normativos fiscalizables por la Direcci\u00f3n del Trabajo y algunos lineamientos institucionales que deben estar implementados en los establecimientos educacionales y dependencias de nuestra instituci\u00f3n\u201d.<\/p>\n<p style=\"text-align: justify;\">Para que este reconocimiento fuera posible se deb\u00edan desarrollar diversas etapas como lo son: Conformaci\u00f3n de la mesa de Gesti\u00f3n; Priorizaci\u00f3n de establecimientos en la aplicaci\u00f3n del Formulario y Ciclo de aplicaci\u00f3n y monitoreo las que permitieron dar curso a esta estrategia nacional.<\/p>\n<p style=\"text-align: justify;\">Patricio Schwenke, coordinador experto de la ACHS en la regi\u00f3n de Ays\u00e9n destac\u00f3 el trabajo desarrollado por los equipos educativos \u201cy queremos expresar nuestro reconocimiento a las trabajadoras de los jardines y al equipo regional de Ays\u00e9n, por su compromiso y responsabilidad para garantizar condiciones de seguridad para los ni\u00f1os y ni\u00f1as, familias y equipos. Queremos felicitarlos por ser los primeros en acreditar el cumplimiento de las exigentes medidas que la instituci\u00f3n voluntariamente se ha autoimpuesto\u201d.<\/p>\n<p style=\"text-align: justify;\">Finalmente, cabe se\u00f1alar que la distinci\u00f3n del SELLO ACHS es el acto c\u00falmine y el reconocimiento al trabajo que vienen desarrollado los establecimientos educacionales, direcciones regionales y nacionales de Fundaci\u00f3n Integra en Pandemia, pero en la que se deber\u00e1 seguir trabajando a diario permitiendo con esto dar tranquilidad a quienes ah\u00ed se desempe\u00f1an laboralmente.<\/p>\n<\/div><\/section><\/div><div  style='height:50px' class='hr hr-invisible   avia-builder-el-6  el_after_av_one_full  el_before_av_social_share '><span class='hr-inner ' ><span class='hr-inner-style'><\/span><\/span><\/div><\/p>\n<div  class='av-social-sharing-box  avia-builder-el-7  el_after_av_hr  el_before_av_hr  '><div class='av-share-box'><h5 class='av-share-link-description av-no-toc '>Compartir esta noticia<\/h5><ul class='av-share-box-list noLightbox'><li class='av-share-link av-social-link-facebook' ><a target=\"_blank\" aria-label=\"Compartir en Facebook\" href='https:\/\/www.facebook.com\/sharer.php?u=https:\/\/radiorevelacionfm.cl\/?p=5714&#038;t=Jardines%20Infantiles%20de%20Integra%20reciben%20Sello%20ACHS%20por%20cumplimiento%20de%20protocolos%20COVID' aria-hidden='false' data-av_icon='\ue8f3' data-av_iconfont='entypo-fontello' title='' data-avia-related-tooltip='Compartir en Facebook' rel=\"noopener\"><span class='avia_hidden_link_text'>Compartir en Facebook<\/span><\/a><\/li><li class='av-share-link av-social-link-twitter' ><a target=\"_blank\" aria-label=\"Compartir en Twitter\" href='https:\/\/twitter.com\/share?text=Jardines%20Infantiles%20de%20Integra%20reciben%20Sello%20ACHS%20por%20cumplimiento%20de%20protocolos%20COVID&#038;url=https:\/\/radiorevelacionfm.cl\/?p=5714' aria-hidden='false' data-av_icon='\ue8f1' data-av_iconfont='entypo-fontello' title='' data-avia-related-tooltip='Compartir en Twitter' rel=\"noopener\"><span class='avia_hidden_link_text'>Compartir en Twitter<\/span><\/a><\/li><li class='av-share-link av-social-link-whatsapp' ><a target=\"_blank\" aria-label=\"Compartir en Whatsapp\" href='https:\/\/api.whatsapp.com\/send?text=https:\/\/radiorevelacionfm.cl\/?p=5714' aria-hidden='false' data-av_icon='\uf232' data-av_iconfont='entypo-fontello' title='' data-avia-related-tooltip='Compartir en Whatsapp' rel=\"noopener\"><span class='avia_hidden_link_text'>Compartir en Whatsapp<\/span><\/a><\/li><li class='av-share-link av-social-link-linkedin' ><a target=\"_blank\" aria-label=\"Compartir en LinkedIn\" href='https:\/\/linkedin.com\/shareArticle?mini=true&#038;title=Jardines%20Infantiles%20de%20Integra%20reciben%20Sello%20ACHS%20por%20cumplimiento%20de%20protocolos%20COVID&#038;url=https:\/\/radiorevelacionfm.cl\/?p=5714' aria-hidden='false' data-av_icon='\ue8fc' data-av_iconfont='entypo-fontello' title='' data-avia-related-tooltip='Compartir en LinkedIn' rel=\"noopener\"><span class='avia_hidden_link_text'>Compartir en LinkedIn<\/span><\/a><\/li><li class='av-share-link av-social-link-mail' ><a  aria-label=\"Compartir por correo\" href='mailto:?subject=Jardines%20Infantiles%20de%20Integra%20reciben%20Sello%20ACHS%20por%20cumplimiento%20de%20protocolos%20COVID&#038;body=https:\/\/radiorevelacionfm.cl\/?p=5714' aria-hidden='false' data-av_icon='\ue805' data-av_iconfont='entypo-fontello' title='' data-avia-related-tooltip='Compartir por correo'><span class='avia_hidden_link_text'>Compartir por correo<\/span><\/a><\/li><\/ul><\/div><\/div>\n<div  style='height:50px' class='hr hr-invisible   avia-builder-el-8  el_after_av_social_share  el_before_av_comments_list '><span class='hr-inner ' ><span class='hr-inner-style'><\/span><\/span><\/div>\n<div  class='av-buildercomment  av-blog-meta-html-info-disabled av-blog-meta-tag-disabled  '><\/div>\n","protected":false},"excerpt":{"rendered":"","protected":false},"author":1,"featured_media":5721,"comment_status":"open","ping_status":"open","sticky":false,"template":"","format":"standard","meta":{"footnotes":""},"categories":[49],"tags":[],"class_list":["post-5714","post","type-post","status-publish","format-standard","has-post-thumbnail","hentry","category-educacion"],"jetpack_featured_media_url":"https:\/\/radiorevelacionfm.cl\/wp-content\/uploads\/2021\/06\/1-51-4-1.jpg","_links":{"self":[{"href":"https:\/\/radiorevelacionfm.cl\/index.php?rest_route=\/wp\/v2\/posts\/5714","targetHints":{"allow":["GET"]}}],"collection":[{"href":"https:\/\/radiorevelacionfm.cl\/index.php?rest_route=\/wp\/v2\/posts"}],"about":[{"href":"https:\/\/radiorevelacionfm.cl\/index.php?rest_route=\/wp\/v2\/types\/post"}],"author":[{"embeddable":true,"href":"https:\/\/radiorevelacionfm.cl\/index.php?rest_route=\/wp\/v2\/users\/1"}],"replies":[{"embeddable":true,"href":"https:\/\/radiorevelacionfm.cl\/index.php?rest_route=%2Fwp%2Fv2%2Fcomments&post=5714"}],"version-history":[{"count":3,"href":"https:\/\/radiorevelacionfm.cl\/index.php?rest_route=\/wp\/v2\/posts\/5714\/revisions"}],"predecessor-version":[{"id":5722,"href":"https:\/\/radiorevelacionfm.cl\/index.php?rest_route=\/wp\/v2\/posts\/5714\/revisions\/5722"}],"wp:featuredmedia":[{"embeddable":true,"href":"https:\/\/radiorevelacionfm.cl\/index.php?rest_route=\/wp\/v2\/media\/5721"}],"wp:attachment":[{"href":"https:\/\/radiorevelacionfm.cl\/index.php?rest_route=%2Fwp%2Fv2%2Fmedia&parent=5714"}],"wp:term":[{"taxonomy":"category","embeddable":true,"href":"https:\/\/radiorevelacionfm.cl\/index.php?rest_route=%2Fwp%2Fv2%2Fcategories&post=5714"},{"taxonomy":"post_tag","embeddable":true,"href":"https:\/\/radiorevelacionfm.cl\/index.php?rest_route=%2Fwp%2Fv2%2Ftags&post=5714"}],"curies":[{"name":"wp","href":"https:\/\/api.w.org\/{rel}","templated":true}]}}