{"id":57138,"date":"2025-08-02T12:54:52","date_gmt":"2025-08-02T15:54:52","guid":{"rendered":"https:\/\/radiorevelacionfm.cl\/?p=57138"},"modified":"2025-08-02T12:54:52","modified_gmt":"2025-08-02T15:54:52","slug":"magna-wedding-fest-2025-la-primera-feria-de-bodas-y-eventos-de-la-patagonia-ya-tiene-fecha-y-promete-sorprender","status":"publish","type":"post","link":"https:\/\/radiorevelacionfm.cl\/?p=57138","title":{"rendered":"Magna Wedding Fest 2025: La primera feria de bodas y eventos de la Patagonia ya tiene fecha y promete sorprender"},"content":{"rendered":"<div class=\"flex_column av_one_full  flex_column_div av-zero-column-padding first  avia-builder-el-0  el_before_av_one_full  avia-builder-el-first  \" style='border-radius:0px; '><div  class='avia-image-container  av-styling-    avia-builder-el-1  avia-builder-el-no-sibling  avia-align-center '  itemprop=\"image\" itemscope=\"itemscope\" itemtype=\"https:\/\/schema.org\/ImageObject\"  ><div class='avia-image-container-inner'><div class='avia-image-overlay-wrap'><img decoding=\"async\" class='wp-image-57140 avia-img-lazy-loading-not-57140 avia_image' src=\"https:\/\/radiorevelacionfm.cl\/wp-content\/uploads\/2025\/07\/whatsapp-image-2025-07-30-at-6_optimized.16.23-pm-1.jpeg\" alt='' title='whatsapp-image-2025-07-30-at-6_optimized.16.23-pm-(1)' height=\"620\" width=\"800\"  itemprop=\"thumbnailUrl\" srcset=\"https:\/\/radiorevelacionfm.cl\/wp-content\/uploads\/2025\/07\/whatsapp-image-2025-07-30-at-6_optimized.16.23-pm-1.jpeg 800w, https:\/\/radiorevelacionfm.cl\/wp-content\/uploads\/2025\/07\/whatsapp-image-2025-07-30-at-6_optimized.16.23-pm-1-300x233.jpeg 300w, https:\/\/radiorevelacionfm.cl\/wp-content\/uploads\/2025\/07\/whatsapp-image-2025-07-30-at-6_optimized.16.23-pm-1-768x595.jpeg 768w, https:\/\/radiorevelacionfm.cl\/wp-content\/uploads\/2025\/07\/whatsapp-image-2025-07-30-at-6_optimized.16.23-pm-1-705x546.jpeg 705w, https:\/\/radiorevelacionfm.cl\/wp-content\/uploads\/2025\/07\/whatsapp-image-2025-07-30-at-6_optimized.16.23-pm-1-450x349.jpeg 450w, https:\/\/radiorevelacionfm.cl\/wp-content\/uploads\/2025\/07\/whatsapp-image-2025-07-30-at-6_optimized.16.23-pm-1-600x465.jpeg 600w\" sizes=\"(max-width: 800px) 100vw, 800px\" \/><\/div><\/div><\/div><\/div><div class=\"flex_column av_one_full  flex_column_div av-zero-column-padding first  avia-builder-el-2  el_after_av_one_full  el_before_av_one_full  column-top-margin\" style='border-radius:0px; '><section class=\"av_textblock_section \"  itemscope=\"itemscope\" itemtype=\"https:\/\/schema.org\/BlogPosting\" itemprop=\"blogPost\" ><div class='avia_textblock  '   itemprop=\"text\" ><p style=\"text-align: center;\"><strong><span style=\"font-size: 18pt;\">Magna Wedding Fest 2025: La primera feria de bodas y eventos de la Patagonia ya tiene fecha y promete sorprender<\/span><\/strong><\/p>\n<div id=\"gtx-trans\" style=\"position: absolute; left: -50px; top: 4.31534px;\">\n<div class=\"gtx-trans-icon\"><\/div>\n<\/div>\n<\/div><\/section><\/div><div class=\"flex_column av_one_full  flex_column_div av-zero-column-padding first  avia-builder-el-4  el_after_av_one_full  el_before_av_hr  column-top-margin\" style='border-radius:0px; '><section class=\"av_textblock_section \"  itemscope=\"itemscope\" itemtype=\"https:\/\/schema.org\/BlogPosting\" itemprop=\"blogPost\" ><div class='avia_textblock  '   itemprop=\"text\" ><p style=\"text-align: justify;\"><em>El evento pionero que re\u00fane a los mejores proveedores del sur de Chile llega a Coyhaique con actividades en vivo, desfiles, fiestas tem\u00e1ticas y m\u00e1s de 30 marcas especializadas.<\/em><\/p>\n<p style=\"text-align: justify;\">Por primera vez en la historia de la Regi\u00f3n de Ays\u00e9n, las bodas y celebraciones tendr\u00e1n su gran escenario: <strong>Magna Wedding Fest 2025<\/strong>, la feria que reunir\u00e1 lo mejor del rubro nupcial y de eventos especiales en un solo lugar.<\/p>\n<p style=\"text-align: justify;\">Organizado por Ma\u00f1io Eventos, este festival busca posicionar a la Patagonia como un destino de bodas de ensue\u00f1o, conectando a parejas, organizadores y proveedores en una experiencia \u00fanica llena de inspiraci\u00f3n, creatividad y estilo.<\/p>\n<p style=\"text-align: justify;\">Magna Wedding Fest 2025 se realizar\u00e1 el domingo 03 de agosto, de 12:00 a 19:00 horas, en el sal\u00f3n de eventos Dreams Coyhaique, con entrada liberada.<\/p>\n<p style=\"text-align: justify;\">M\u00e1s de 30 marcas locales dar\u00e1n vida a la feria con propuestas innovadoras en decoraci\u00f3n, catering, fotograf\u00eda, moda, dise\u00f1o floral, planificaci\u00f3n, m\u00fasica, belleza, reposter\u00eda y mucho m\u00e1s. La jornada estar\u00e1 llena de experiencias: desde un <strong>workshop gratuito de dise\u00f1o floral<\/strong> a cargo de <em>Carrito de Flores<\/em> (desde Santiago), hasta <strong>charlas especializadas, asesor\u00edas en vivo<\/strong>, desfiles de moda nupcial, <strong>concursos, sorteos, regalos de marcas auspiciadoras<\/strong> y una programaci\u00f3n continua de <strong>m\u00fasica en vivo y activaciones interactivas<\/strong> pensadas para sorprender e inspirar a todos los asistentes.<\/p>\n<p style=\"text-align: justify;\">Como antesala al festival, el s\u00e1bado 02 de agosto se celebrar\u00e1 la imperdible \u201cFiesta No Matri\u201d, una fiesta tem\u00e1tica que recrea una boda real, pero sin compromiso: novios, lanzamiento de ramo, show en vivo, cotill\u00f3n, sorpresas y toda la alegr\u00eda de una gran celebraci\u00f3n, abierta a todos los que aman una buena fiesta con esp\u00edritu nupcial.<\/p>\n<p style=\"text-align: justify;\"><strong>Fabiana Carrasco<\/strong>, productora general de Magna Wedding Fest y Wedding Planner en Ma\u00f1io Eventos, destaca el prop\u00f3sito del encuentro:<em>\u201cCreemos profundamente en el trabajo colaborativo y en visibilizar a los talentos regionales. Esta feria nace para conectar a las parejas con proveedores de calidad y para fortalecer el comercio local.\u201d<\/em><\/p>\n<p style=\"text-align: justify;\"><strong>Felipe Caballero<\/strong>, fot\u00f3grafo de bodas y co-creador del evento, agrega:<em>\u201cQueremos que la Patagonia se consolide como un destino so\u00f1ado para bodas. Tenemos paisajes, talento y ganas: solo faltaba un espacio para mostrarlo. Ese espacio es Magna.\u201d<\/em><\/p>\n<p style=\"text-align: justify;\"><strong>Magna Wedding Fest 2025<\/strong> no es solo una feria: es una invitaci\u00f3n a so\u00f1ar, descubrir, planificar y celebrar. Si est\u00e1s organizando tu boda, tu evento o simplemente disfrutas del universo de las celebraciones, <strong>este evento es para ti<\/strong>.<\/p>\n<p style=\"text-align: justify;\"><strong>\ud83d\uddd3\ufe0f<\/strong><strong> Cu\u00e1ndo:<\/strong> Domingo 03 de agosto<br \/>\n<strong>\ud83d\udccd<\/strong><strong> D\u00f3nde:<\/strong> Sal\u00f3n Dreams Coyhaique<br \/>\n<strong>\ud83d\udd5b<\/strong><strong> Horario:<\/strong> De 12:00 a 19:00 hrs<br \/>\n<strong>\ud83c\udf9f\ufe0f<\/strong><strong> Entrada:<\/strong> \u00a1Liberada!<\/p>\n<\/div><\/section><\/div><div  style='height:50px' class='hr hr-invisible   avia-builder-el-6  el_after_av_one_full  el_before_av_social_share '><span class='hr-inner ' ><span class='hr-inner-style'><\/span><\/span><\/div><\/p>\n<div  class='av-social-sharing-box  avia-builder-el-7  el_after_av_hr  el_before_av_hr  '><div class='av-share-box'><h5 class='av-share-link-description av-no-toc '>Compartir esta noticia<\/h5><ul class='av-share-box-list noLightbox'><li class='av-share-link av-social-link-facebook' ><a target=\"_blank\" aria-label=\"Compartir en Facebook\" href='https:\/\/www.facebook.com\/sharer.php?u=https:\/\/radiorevelacionfm.cl\/?p=57138&#038;t=Magna%20Wedding%20Fest%202025%3A%20La%20primera%20feria%20de%20bodas%20y%20eventos%20de%20la%20Patagonia%20ya%20tiene%20fecha%20y%20promete%20sorprender' aria-hidden='false' data-av_icon='\ue8f3' data-av_iconfont='entypo-fontello' title='' data-avia-related-tooltip='Compartir en Facebook' rel=\"noopener\"><span class='avia_hidden_link_text'>Compartir en Facebook<\/span><\/a><\/li><li class='av-share-link av-social-link-twitter' ><a target=\"_blank\" aria-label=\"Compartir en Twitter\" href='https:\/\/twitter.com\/share?text=Magna%20Wedding%20Fest%202025%3A%20La%20primera%20feria%20de%20bodas%20y%20eventos%20de%20la%20Patagonia%20ya%20tiene%20fecha%20y%20promete%20sorprender&#038;url=https:\/\/radiorevelacionfm.cl\/?p=57138' aria-hidden='false' data-av_icon='\ue8f1' data-av_iconfont='entypo-fontello' title='' data-avia-related-tooltip='Compartir en Twitter' rel=\"noopener\"><span class='avia_hidden_link_text'>Compartir en Twitter<\/span><\/a><\/li><li class='av-share-link av-social-link-whatsapp' ><a target=\"_blank\" aria-label=\"Compartir en Whatsapp\" href='https:\/\/api.whatsapp.com\/send?text=https:\/\/radiorevelacionfm.cl\/?p=57138' aria-hidden='false' data-av_icon='\uf232' data-av_iconfont='entypo-fontello' title='' data-avia-related-tooltip='Compartir en Whatsapp' rel=\"noopener\"><span class='avia_hidden_link_text'>Compartir en Whatsapp<\/span><\/a><\/li><li class='av-share-link av-social-link-linkedin' ><a target=\"_blank\" aria-label=\"Compartir en LinkedIn\" href='https:\/\/linkedin.com\/shareArticle?mini=true&#038;title=Magna%20Wedding%20Fest%202025%3A%20La%20primera%20feria%20de%20bodas%20y%20eventos%20de%20la%20Patagonia%20ya%20tiene%20fecha%20y%20promete%20sorprender&#038;url=https:\/\/radiorevelacionfm.cl\/?p=57138' aria-hidden='false' data-av_icon='\ue8fc' data-av_iconfont='entypo-fontello' title='' data-avia-related-tooltip='Compartir en LinkedIn' rel=\"noopener\"><span class='avia_hidden_link_text'>Compartir en LinkedIn<\/span><\/a><\/li><li class='av-share-link av-social-link-mail' ><a  aria-label=\"Compartir por correo\" href='mailto:?subject=Magna%20Wedding%20Fest%202025%3A%20La%20primera%20feria%20de%20bodas%20y%20eventos%20de%20la%20Patagonia%20ya%20tiene%20fecha%20y%20promete%20sorprender&#038;body=https:\/\/radiorevelacionfm.cl\/?p=57138' aria-hidden='false' data-av_icon='\ue805' data-av_iconfont='entypo-fontello' title='' data-avia-related-tooltip='Compartir por correo'><span class='avia_hidden_link_text'>Compartir por correo<\/span><\/a><\/li><\/ul><\/div><\/div>\n<div  style='height:50px' class='hr hr-invisible   avia-builder-el-8  el_after_av_social_share  el_before_av_comments_list '><span class='hr-inner ' ><span class='hr-inner-style'><\/span><\/span><\/div>\n<div  class='av-buildercomment  av-blog-meta-html-info-disabled av-blog-meta-tag-disabled  '><\/div>\n","protected":false},"excerpt":{"rendered":"","protected":false},"author":1,"featured_media":57140,"comment_status":"closed","ping_status":"closed","sticky":false,"template":"","format":"standard","meta":{"footnotes":""},"categories":[38],"tags":[],"class_list":["post-57138","post","type-post","status-publish","format-standard","has-post-thumbnail","hentry","category-regional"],"jetpack_featured_media_url":"https:\/\/radiorevelacionfm.cl\/wp-content\/uploads\/2025\/07\/whatsapp-image-2025-07-30-at-6_optimized.16.23-pm-1.jpeg","_links":{"self":[{"href":"https:\/\/radiorevelacionfm.cl\/index.php?rest_route=\/wp\/v2\/posts\/57138","targetHints":{"allow":["GET"]}}],"collection":[{"href":"https:\/\/radiorevelacionfm.cl\/index.php?rest_route=\/wp\/v2\/posts"}],"about":[{"href":"https:\/\/radiorevelacionfm.cl\/index.php?rest_route=\/wp\/v2\/types\/post"}],"author":[{"embeddable":true,"href":"https:\/\/radiorevelacionfm.cl\/index.php?rest_route=\/wp\/v2\/users\/1"}],"replies":[{"embeddable":true,"href":"https:\/\/radiorevelacionfm.cl\/index.php?rest_route=%2Fwp%2Fv2%2Fcomments&post=57138"}],"version-history":[{"count":2,"href":"https:\/\/radiorevelacionfm.cl\/index.php?rest_route=\/wp\/v2\/posts\/57138\/revisions"}],"predecessor-version":[{"id":57242,"href":"https:\/\/radiorevelacionfm.cl\/index.php?rest_route=\/wp\/v2\/posts\/57138\/revisions\/57242"}],"wp:featuredmedia":[{"embeddable":true,"href":"https:\/\/radiorevelacionfm.cl\/index.php?rest_route=\/wp\/v2\/media\/57140"}],"wp:attachment":[{"href":"https:\/\/radiorevelacionfm.cl\/index.php?rest_route=%2Fwp%2Fv2%2Fmedia&parent=57138"}],"wp:term":[{"taxonomy":"category","embeddable":true,"href":"https:\/\/radiorevelacionfm.cl\/index.php?rest_route=%2Fwp%2Fv2%2Fcategories&post=57138"},{"taxonomy":"post_tag","embeddable":true,"href":"https:\/\/radiorevelacionfm.cl\/index.php?rest_route=%2Fwp%2Fv2%2Ftags&post=57138"}],"curies":[{"name":"wp","href":"https:\/\/api.w.org\/{rel}","templated":true}]}}