{"id":57131,"date":"2025-07-31T11:43:55","date_gmt":"2025-07-31T14:43:55","guid":{"rendered":"https:\/\/radiorevelacionfm.cl\/?p=57131"},"modified":"2025-07-31T11:43:55","modified_gmt":"2025-07-31T14:43:55","slug":"indap-aysen-conmemora-dia-de-la-campesina-y-el-campesino-en-el-territorio-junto-a-equipos-prodesal","status":"publish","type":"post","link":"https:\/\/radiorevelacionfm.cl\/?p=57131","title":{"rendered":"Indap Ays\u00e9n conmemora D\u00eda de la Campesina y el Campesino en el territorio junto a equipos Prodesal"},"content":{"rendered":"<div class=\"flex_column av_one_full  flex_column_div av-zero-column-padding first  avia-builder-el-0  el_before_av_one_full  avia-builder-el-first  \" style='border-radius:0px; '><div  class='avia-image-container  av-styling-    avia-builder-el-1  avia-builder-el-no-sibling  avia-align-center '  itemprop=\"image\" itemscope=\"itemscope\" itemtype=\"https:\/\/schema.org\/ImageObject\"  ><div class='avia-image-container-inner'><div class='avia-image-overlay-wrap'><img decoding=\"async\" class='wp-image-57132 avia-img-lazy-loading-not-57132 avia_image' src=\"https:\/\/radiorevelacionfm.cl\/wp-content\/uploads\/2025\/07\/conmemoracion-dia-del-campesino-indap-4-1_optimized.jpeg\" alt='' title='conmemoracion-dia-del-campesino-indap-(4)-(1)_optimized' height=\"600\" width=\"800\"  itemprop=\"thumbnailUrl\" srcset=\"https:\/\/radiorevelacionfm.cl\/wp-content\/uploads\/2025\/07\/conmemoracion-dia-del-campesino-indap-4-1_optimized.jpeg 800w, https:\/\/radiorevelacionfm.cl\/wp-content\/uploads\/2025\/07\/conmemoracion-dia-del-campesino-indap-4-1_optimized-300x225.jpeg 300w, https:\/\/radiorevelacionfm.cl\/wp-content\/uploads\/2025\/07\/conmemoracion-dia-del-campesino-indap-4-1_optimized-768x576.jpeg 768w, https:\/\/radiorevelacionfm.cl\/wp-content\/uploads\/2025\/07\/conmemoracion-dia-del-campesino-indap-4-1_optimized-705x529.jpeg 705w, https:\/\/radiorevelacionfm.cl\/wp-content\/uploads\/2025\/07\/conmemoracion-dia-del-campesino-indap-4-1_optimized-450x338.jpeg 450w, https:\/\/radiorevelacionfm.cl\/wp-content\/uploads\/2025\/07\/conmemoracion-dia-del-campesino-indap-4-1_optimized-600x450.jpeg 600w\" sizes=\"(max-width: 800px) 100vw, 800px\" \/><\/div><\/div><\/div><\/div><div class=\"flex_column av_one_full  flex_column_div av-zero-column-padding first  avia-builder-el-2  el_after_av_one_full  el_before_av_one_full  column-top-margin\" style='border-radius:0px; '><section class=\"av_textblock_section \"  itemscope=\"itemscope\" itemtype=\"https:\/\/schema.org\/BlogPosting\" itemprop=\"blogPost\" ><div class='avia_textblock  '   itemprop=\"text\" ><p style=\"text-align: center;\"><strong><span style=\"font-size: 18pt;\">Indap Ays\u00e9n conmemora D\u00eda de la Campesina y el Campesino en el territorio junto a equipos Prodesal<\/span><\/strong><\/p>\n<div id=\"gtx-trans\" style=\"position: absolute; left: -50px; top: 4.31534px;\">\n<div class=\"gtx-trans-icon\"><\/div>\n<\/div>\n<\/div><\/section><\/div><div class=\"flex_column av_one_full  flex_column_div av-zero-column-padding first  avia-builder-el-4  el_after_av_one_full  el_before_av_hr  column-top-margin\" style='border-radius:0px; '><section class=\"av_textblock_section \"  itemscope=\"itemscope\" itemtype=\"https:\/\/schema.org\/BlogPosting\" itemprop=\"blogPost\" ><div class='avia_textblock  '   itemprop=\"text\" ><p style=\"text-align: justify;\">En el marco del D\u00eda de la Campesina y el Campesino, INDAP Ays\u00e9n del Ministerio de Agricultura reafirm\u00f3 su compromiso con el mundo rural desplegando su labor en terreno junto a los equipos t\u00e9cnicos del Programa de Desarrollo Local (PRODESAL); iniciativa financiada por INDAP en alianza con los municipios de las diez comunas de la regi\u00f3n. Con la ejecuci\u00f3n de PRODESAL en cada comuna de la Regi\u00f3n de Ays\u00e9n, INDAP entrega asesor\u00eda t\u00e9cnica, inversiones y acompa\u00f1amiento especializado a 873 familias campesinas de Ays\u00e9n. A ellos se suma el Programa de Desarrollo Territorial Ind\u00edgena (PDTI), que extiende esta cobertura a comunidades originarias en zonas rurales en La Junta, Melinka y Coyhaique, llevando los beneficios que ofrece INDAP a 110 familias de los pueblos originarios.<\/p>\n<p style=\"text-align: justify;\">\u201cEn este d\u00eda tan significativo, nuestro homenaje no es con discursos, sino con hechos: seguir en terreno, generando oportunidades, asegurando el acceso a la tierra, a la producci\u00f3n limpia, al acompa\u00f1amiento t\u00e9cnico y a los instrumentos que dignifican la vida en el campo. Quiero agradecer a cada municipio que ha confiado en INDAP para ejecutar estos programas, y a los equipos PRODESAL y PDTI que con enorme vocaci\u00f3n hacen posible que nuestra presencia institucional llegue a cada rinc\u00f3n de Ays\u00e9n\u201d, se\u00f1al\u00f3 la directora regional de INDAP, Yessica Lagos C\u00e1rdenas.<\/p>\n<p style=\"text-align: justify;\">Como ejemplo concreto de este despliegue, este lunes se realiz\u00f3 una visita al sector Pangal Alto, en la comuna de Ays\u00e9n, donde se entreg\u00f3 un invernadero a la usuaria Ilda Maripill\u00e1n Inao, beneficiaria del programa PRODESAL. Esta herramienta permitir\u00e1 fortalecer su sistema productivo con acceso a hortalizas libres de agroqu\u00edmicos, mejorar su autonom\u00eda alimentaria y aportar a la soberan\u00eda alimentaria familiar. La entrega fue realizada junto a la Jefa de \u00c1rea de INDAP Puerto Ays\u00e9n, N\u00e9lida Mu\u00f1oz junto a los equipos t\u00e9cnicos de PRODESAL Ays\u00e9n 2 al alero del municipio de Puerto Ays\u00e9n, quienes acompa\u00f1an permanentemente a las y los agricultores de la zona.<\/p>\n<p style=\"text-align: justify;\">El programa PRODESAL est\u00e1 presente en las diez comunas de la regi\u00f3n de Ays\u00e9n y opera a trav\u00e9s de un convenio entre INDAP y cada municipio. INDAP financia el 90% de su ejecuci\u00f3n, mientras que los gobiernos comunales aportan el porcentaje restante y colaboran en la implementaci\u00f3n local. A trav\u00e9s de este instrumento, las familias campesinas acceden a asesor\u00eda t\u00e9cnica especializada, recursos de inversi\u00f3n, capacitaci\u00f3n y acompa\u00f1amiento directo en sus predios. En tanto, el programa PDTI, presente en Coyhaique y La Junta, entrega un apoyo similar a las comunidades ind\u00edgenas, con pertinencia cultural y enfoque territorial.<\/p>\n<p style=\"text-align: justify;\">En el marco de conmemoraci\u00f3n, INDAP Ays\u00e9n proyecta su despliegue institucional en las diez comunas de la regi\u00f3n como fruto de una planificaci\u00f3n estrat\u00e9gica, convenios firmados formalmente, m\u00e1s de 906 millones en recursos p\u00fablicos comprometidos para PRODESAL y m\u00e1s de 110 millones para el programa PDTI, junto a un equipo profesional que trabaja diariamente en terreno. Las asesor\u00edas t\u00e9cnicas que acompa\u00f1an a las familias campesinas, los invernaderos que llegan a sectores aislados, las giras t\u00e9cnicas, las actividades de comercializaci\u00f3n y capacitaciones especializadas son parte del despliegue que INDAP ejecuta junto a los municipios, gracias al financiamiento y conducci\u00f3n t\u00e9cnica que provee a cada administraci\u00f3n municipal.<\/p>\n<\/div><\/section><\/div><div  style='height:50px' class='hr hr-invisible   avia-builder-el-6  el_after_av_one_full  el_before_av_social_share '><span class='hr-inner ' ><span class='hr-inner-style'><\/span><\/span><\/div><\/p>\n<div  class='av-social-sharing-box  avia-builder-el-7  el_after_av_hr  el_before_av_hr  '><div class='av-share-box'><h5 class='av-share-link-description av-no-toc '>Compartir esta noticia<\/h5><ul class='av-share-box-list noLightbox'><li class='av-share-link av-social-link-facebook' ><a target=\"_blank\" aria-label=\"Compartir en Facebook\" href='https:\/\/www.facebook.com\/sharer.php?u=https:\/\/radiorevelacionfm.cl\/?p=57131&#038;t=Indap%20Ays%C3%A9n%20conmemora%20D%C3%ADa%20de%20la%20Campesina%20y%20el%20Campesino%20en%20el%20territorio%20junto%20a%20equipos%20Prodesal' aria-hidden='false' data-av_icon='\ue8f3' data-av_iconfont='entypo-fontello' title='' data-avia-related-tooltip='Compartir en Facebook' rel=\"noopener\"><span class='avia_hidden_link_text'>Compartir en Facebook<\/span><\/a><\/li><li class='av-share-link av-social-link-twitter' ><a target=\"_blank\" aria-label=\"Compartir en Twitter\" href='https:\/\/twitter.com\/share?text=Indap%20Ays%C3%A9n%20conmemora%20D%C3%ADa%20de%20la%20Campesina%20y%20el%20Campesino%20en%20el%20territorio%20junto%20a%20equipos%20Prodesal&#038;url=https:\/\/radiorevelacionfm.cl\/?p=57131' aria-hidden='false' data-av_icon='\ue8f1' data-av_iconfont='entypo-fontello' title='' data-avia-related-tooltip='Compartir en Twitter' rel=\"noopener\"><span class='avia_hidden_link_text'>Compartir en Twitter<\/span><\/a><\/li><li class='av-share-link av-social-link-whatsapp' ><a target=\"_blank\" aria-label=\"Compartir en Whatsapp\" href='https:\/\/api.whatsapp.com\/send?text=https:\/\/radiorevelacionfm.cl\/?p=57131' aria-hidden='false' data-av_icon='\uf232' data-av_iconfont='entypo-fontello' title='' data-avia-related-tooltip='Compartir en Whatsapp' rel=\"noopener\"><span class='avia_hidden_link_text'>Compartir en Whatsapp<\/span><\/a><\/li><li class='av-share-link av-social-link-linkedin' ><a target=\"_blank\" aria-label=\"Compartir en LinkedIn\" href='https:\/\/linkedin.com\/shareArticle?mini=true&#038;title=Indap%20Ays%C3%A9n%20conmemora%20D%C3%ADa%20de%20la%20Campesina%20y%20el%20Campesino%20en%20el%20territorio%20junto%20a%20equipos%20Prodesal&#038;url=https:\/\/radiorevelacionfm.cl\/?p=57131' aria-hidden='false' data-av_icon='\ue8fc' data-av_iconfont='entypo-fontello' title='' data-avia-related-tooltip='Compartir en LinkedIn' rel=\"noopener\"><span class='avia_hidden_link_text'>Compartir en LinkedIn<\/span><\/a><\/li><li class='av-share-link av-social-link-mail' ><a  aria-label=\"Compartir por correo\" href='mailto:?subject=Indap%20Ays%C3%A9n%20conmemora%20D%C3%ADa%20de%20la%20Campesina%20y%20el%20Campesino%20en%20el%20territorio%20junto%20a%20equipos%20Prodesal&#038;body=https:\/\/radiorevelacionfm.cl\/?p=57131' aria-hidden='false' data-av_icon='\ue805' data-av_iconfont='entypo-fontello' title='' data-avia-related-tooltip='Compartir por correo'><span class='avia_hidden_link_text'>Compartir por correo<\/span><\/a><\/li><\/ul><\/div><\/div>\n<div  style='height:50px' class='hr hr-invisible   avia-builder-el-8  el_after_av_social_share  el_before_av_comments_list '><span class='hr-inner ' ><span class='hr-inner-style'><\/span><\/span><\/div>\n<div  class='av-buildercomment  av-blog-meta-html-info-disabled av-blog-meta-tag-disabled  '><\/div>\n","protected":false},"excerpt":{"rendered":"","protected":false},"author":1,"featured_media":57132,"comment_status":"closed","ping_status":"closed","sticky":false,"template":"","format":"standard","meta":{"footnotes":""},"categories":[58],"tags":[],"class_list":["post-57131","post","type-post","status-publish","format-standard","has-post-thumbnail","hentry","category-agricultura"],"jetpack_featured_media_url":"https:\/\/radiorevelacionfm.cl\/wp-content\/uploads\/2025\/07\/conmemoracion-dia-del-campesino-indap-4-1_optimized.jpeg","_links":{"self":[{"href":"https:\/\/radiorevelacionfm.cl\/index.php?rest_route=\/wp\/v2\/posts\/57131","targetHints":{"allow":["GET"]}}],"collection":[{"href":"https:\/\/radiorevelacionfm.cl\/index.php?rest_route=\/wp\/v2\/posts"}],"about":[{"href":"https:\/\/radiorevelacionfm.cl\/index.php?rest_route=\/wp\/v2\/types\/post"}],"author":[{"embeddable":true,"href":"https:\/\/radiorevelacionfm.cl\/index.php?rest_route=\/wp\/v2\/users\/1"}],"replies":[{"embeddable":true,"href":"https:\/\/radiorevelacionfm.cl\/index.php?rest_route=%2Fwp%2Fv2%2Fcomments&post=57131"}],"version-history":[{"count":2,"href":"https:\/\/radiorevelacionfm.cl\/index.php?rest_route=\/wp\/v2\/posts\/57131\/revisions"}],"predecessor-version":[{"id":57148,"href":"https:\/\/radiorevelacionfm.cl\/index.php?rest_route=\/wp\/v2\/posts\/57131\/revisions\/57148"}],"wp:featuredmedia":[{"embeddable":true,"href":"https:\/\/radiorevelacionfm.cl\/index.php?rest_route=\/wp\/v2\/media\/57132"}],"wp:attachment":[{"href":"https:\/\/radiorevelacionfm.cl\/index.php?rest_route=%2Fwp%2Fv2%2Fmedia&parent=57131"}],"wp:term":[{"taxonomy":"category","embeddable":true,"href":"https:\/\/radiorevelacionfm.cl\/index.php?rest_route=%2Fwp%2Fv2%2Fcategories&post=57131"},{"taxonomy":"post_tag","embeddable":true,"href":"https:\/\/radiorevelacionfm.cl\/index.php?rest_route=%2Fwp%2Fv2%2Ftags&post=57131"}],"curies":[{"name":"wp","href":"https:\/\/api.w.org\/{rel}","templated":true}]}}