{"id":57128,"date":"2025-07-31T11:48:32","date_gmt":"2025-07-31T14:48:32","guid":{"rendered":"https:\/\/radiorevelacionfm.cl\/?p=57128"},"modified":"2025-07-31T11:48:32","modified_gmt":"2025-07-31T14:48:32","slug":"culturas-aysen-lleva-residencias-artisticas-con-identidad-a-todas-las-comunas-de-la-region","status":"publish","type":"post","link":"https:\/\/radiorevelacionfm.cl\/?p=57128","title":{"rendered":"Culturas Ays\u00e9n lleva residencias art\u00edsticas con identidad a todas las comunas de la regi\u00f3n"},"content":{"rendered":"<div class=\"flex_column av_one_full  flex_column_div av-zero-column-padding first  avia-builder-el-0  el_before_av_one_full  avia-builder-el-first  \" style='border-radius:0px; '><div  class='avia-image-container  av-styling-    avia-builder-el-1  avia-builder-el-no-sibling  avia-align-center '  itemprop=\"image\" itemscope=\"itemscope\" itemtype=\"https:\/\/schema.org\/ImageObject\"  ><div class='avia-image-container-inner'><div class='avia-image-overlay-wrap'><img decoding=\"async\" class='wp-image-57129 avia-img-lazy-loading-not-57129 avia_image' src=\"https:\/\/radiorevelacionfm.cl\/wp-content\/uploads\/2025\/07\/residencia-ohiggins-1_optimized-1.jpg\" alt='' title='residencia-ohiggins-(1)_optimized (1)' height=\"600\" width=\"1061\"  itemprop=\"thumbnailUrl\" srcset=\"https:\/\/radiorevelacionfm.cl\/wp-content\/uploads\/2025\/07\/residencia-ohiggins-1_optimized-1.jpg 1061w, https:\/\/radiorevelacionfm.cl\/wp-content\/uploads\/2025\/07\/residencia-ohiggins-1_optimized-1-300x170.jpg 300w, https:\/\/radiorevelacionfm.cl\/wp-content\/uploads\/2025\/07\/residencia-ohiggins-1_optimized-1-1030x582.jpg 1030w, https:\/\/radiorevelacionfm.cl\/wp-content\/uploads\/2025\/07\/residencia-ohiggins-1_optimized-1-768x434.jpg 768w, https:\/\/radiorevelacionfm.cl\/wp-content\/uploads\/2025\/07\/residencia-ohiggins-1_optimized-1-705x399.jpg 705w, https:\/\/radiorevelacionfm.cl\/wp-content\/uploads\/2025\/07\/residencia-ohiggins-1_optimized-1-450x254.jpg 450w, https:\/\/radiorevelacionfm.cl\/wp-content\/uploads\/2025\/07\/residencia-ohiggins-1_optimized-1-600x339.jpg 600w\" sizes=\"(max-width: 1061px) 100vw, 1061px\" \/><\/div><\/div><\/div><\/div><div class=\"flex_column av_one_full  flex_column_div av-zero-column-padding first  avia-builder-el-2  el_after_av_one_full  el_before_av_one_full  column-top-margin\" style='border-radius:0px; '><section class=\"av_textblock_section \"  itemscope=\"itemscope\" itemtype=\"https:\/\/schema.org\/BlogPosting\" itemprop=\"blogPost\" ><div class='avia_textblock  '   itemprop=\"text\" ><p style=\"text-align: center;\"><span style=\"font-size: 18pt;\"><b>Culturas Ays\u00e9n lleva residencias art\u00edsticas con identidad a todas las comunas de la regi\u00f3n<\/b><\/span><\/p>\n<div id=\"gtx-trans\" style=\"position: absolute; left: -50px; top: 4.31534px;\">\n<div class=\"gtx-trans-icon\"><\/div>\n<\/div>\n<\/div><\/section><\/div><div class=\"flex_column av_one_full  flex_column_div av-zero-column-padding first  avia-builder-el-4  el_after_av_one_full  el_before_av_hr  column-top-margin\" style='border-radius:0px; '><section class=\"av_textblock_section \"  itemscope=\"itemscope\" itemtype=\"https:\/\/schema.org\/BlogPosting\" itemprop=\"blogPost\" ><div class='avia_textblock  '   itemprop=\"text\" ><p style=\"text-align: justify;\">Este 2025, las residencias art\u00edsticas que lleva adelante el Programa con Identidad Cultural Regional del Departamento de Ciudadan\u00eda de la Seremi de Culturas Ays\u00e9n llegar\u00e1 a las 10 comunas del territorio.<\/p>\n<p style=\"text-align: justify;\">Las primeras este lunes 4 de agosto en la localidad de La Junta, comuna de Cisnes, donde Jaime Casanovas iniciar\u00e1 su residencia de Confecci\u00f3n en Soga. Al d\u00eda siguiente, Magaly C\u00e1rdenas har\u00e1 lo propio, ense\u00f1ando a vecinas y vecinos Artesan\u00edas en Fibras Vegetales.<\/p>\n<p style=\"text-align: justify;\">Jaime Casanovas est\u00e1 emocionado con esta oportunidad: \u201cEs una pega de muchos a\u00f1os que se va transmitiendo de familia en familia, y se va, hasta aqu\u00ed, perdiendo much\u00edsimo. Las personas que trabajaban la soga realmente superbi\u00e9n ya se han terminado casi todas y est\u00e1n quedando muy pocas. Hacer esto es superlindo, una buena experiencia, se conocen muchas ideas\u201d.<\/p>\n<p style=\"text-align: justify;\">El Seremi de Culturas Ays\u00e9n, Felipe Quiroz, dijo que \u201cpara nuestro Gobierno, la descentralizaci\u00f3n y desconcentraci\u00f3n territorial son una prioridad. Por ello, acercar experiencias culturales formativas a todos los rincones del pa\u00eds -sin importar la distancia ni el tama\u00f1o de las comunidades-, es parte de nuestro compromiso con una cultura democr\u00e1tica y territorial. Durante dos meses, estas residencias art\u00edsticas permitir\u00e1n el desarrollo de 13 experiencias culturales en diversas disciplinas a lo largo y ancho de nuestra regi\u00f3n, promoviendo el acceso, la creaci\u00f3n y el aprendizaje en cada espacio donde se lleven a cabo.\u201d\u201d.<\/p>\n<p style=\"text-align: justify;\">Magaly C\u00e1rdenas cont\u00f3 que \u201ctrabajamos nosotros una materia prima que se saca en la localidad que se llama manila o tambi\u00e9n conocida como chilla, es una fibra que es natural. Es algo que me gusta esta t\u00e9cnica, este arte y lo atesoro mucho, y lo quiero compartir con las dem\u00e1s personas.<\/p>\n<p style=\"text-align: justify;\">El 9 de agosto es el turno de Mar\u00eda Alicia Aguilar con su residencia de Teatro junto a Antonieta Inostroza. Ambas residentes estar\u00e1n entregando sus conocimientos en el Liceo de Melinka. El 27 de agosto, la disciplina de Pintura y Manualidades tendr\u00e1 su espacio en la Casa Comunitaria de Villa La Tapera a cargo de las residentes Javiera Mancilla y Yessica Gallardo. La Narraci\u00f3n Oral llegar\u00e1 el 28 de agosto a la comuna de Ays\u00e9n de la mano de Leyla Nates, y el 30, el Teatro llega a Chile Chico con Javiera Gonz\u00e1lez y Rosa Gallardo. El 11 de septiembre comienza la inducci\u00f3n de la residencia de Mar\u00eda Jos\u00e9 \u00c1lvarez, sobre linograbado y el primero del mismo mes, Amelia Jara iniciar\u00e1 su residencia de Fanzine de bolsillo y collage anal\u00f3gico.<\/p>\n<\/div><\/section><\/div><div  style='height:50px' class='hr hr-invisible   avia-builder-el-6  el_after_av_one_full  el_before_av_social_share '><span class='hr-inner ' ><span class='hr-inner-style'><\/span><\/span><\/div><\/p>\n<div  class='av-social-sharing-box  avia-builder-el-7  el_after_av_hr  el_before_av_hr  '><div class='av-share-box'><h5 class='av-share-link-description av-no-toc '>Compartir esta noticia<\/h5><ul class='av-share-box-list noLightbox'><li class='av-share-link av-social-link-facebook' ><a target=\"_blank\" aria-label=\"Compartir en Facebook\" href='https:\/\/www.facebook.com\/sharer.php?u=https:\/\/radiorevelacionfm.cl\/?p=57128&#038;t=Culturas%20Ays%C3%A9n%20lleva%20residencias%20art%C3%ADsticas%20con%20identidad%20a%20todas%20las%20comunas%20de%20la%20regi%C3%B3n' aria-hidden='false' data-av_icon='\ue8f3' data-av_iconfont='entypo-fontello' title='' data-avia-related-tooltip='Compartir en Facebook' rel=\"noopener\"><span class='avia_hidden_link_text'>Compartir en Facebook<\/span><\/a><\/li><li class='av-share-link av-social-link-twitter' ><a target=\"_blank\" aria-label=\"Compartir en Twitter\" href='https:\/\/twitter.com\/share?text=Culturas%20Ays%C3%A9n%20lleva%20residencias%20art%C3%ADsticas%20con%20identidad%20a%20todas%20las%20comunas%20de%20la%20regi%C3%B3n&#038;url=https:\/\/radiorevelacionfm.cl\/?p=57128' aria-hidden='false' data-av_icon='\ue8f1' data-av_iconfont='entypo-fontello' title='' data-avia-related-tooltip='Compartir en Twitter' rel=\"noopener\"><span class='avia_hidden_link_text'>Compartir en Twitter<\/span><\/a><\/li><li class='av-share-link av-social-link-whatsapp' ><a target=\"_blank\" aria-label=\"Compartir en Whatsapp\" href='https:\/\/api.whatsapp.com\/send?text=https:\/\/radiorevelacionfm.cl\/?p=57128' aria-hidden='false' data-av_icon='\uf232' data-av_iconfont='entypo-fontello' title='' data-avia-related-tooltip='Compartir en Whatsapp' rel=\"noopener\"><span class='avia_hidden_link_text'>Compartir en Whatsapp<\/span><\/a><\/li><li class='av-share-link av-social-link-linkedin' ><a target=\"_blank\" aria-label=\"Compartir en LinkedIn\" href='https:\/\/linkedin.com\/shareArticle?mini=true&#038;title=Culturas%20Ays%C3%A9n%20lleva%20residencias%20art%C3%ADsticas%20con%20identidad%20a%20todas%20las%20comunas%20de%20la%20regi%C3%B3n&#038;url=https:\/\/radiorevelacionfm.cl\/?p=57128' aria-hidden='false' data-av_icon='\ue8fc' data-av_iconfont='entypo-fontello' title='' data-avia-related-tooltip='Compartir en LinkedIn' rel=\"noopener\"><span class='avia_hidden_link_text'>Compartir en LinkedIn<\/span><\/a><\/li><li class='av-share-link av-social-link-mail' ><a  aria-label=\"Compartir por correo\" href='mailto:?subject=Culturas%20Ays%C3%A9n%20lleva%20residencias%20art%C3%ADsticas%20con%20identidad%20a%20todas%20las%20comunas%20de%20la%20regi%C3%B3n&#038;body=https:\/\/radiorevelacionfm.cl\/?p=57128' aria-hidden='false' data-av_icon='\ue805' data-av_iconfont='entypo-fontello' title='' data-avia-related-tooltip='Compartir por correo'><span class='avia_hidden_link_text'>Compartir por correo<\/span><\/a><\/li><\/ul><\/div><\/div>\n<div  style='height:50px' class='hr hr-invisible   avia-builder-el-8  el_after_av_social_share  el_before_av_comments_list '><span class='hr-inner ' ><span class='hr-inner-style'><\/span><\/span><\/div>\n<div  class='av-buildercomment  av-blog-meta-html-info-disabled av-blog-meta-tag-disabled  '><\/div>\n","protected":false},"excerpt":{"rendered":"","protected":false},"author":1,"featured_media":57129,"comment_status":"closed","ping_status":"closed","sticky":false,"template":"","format":"standard","meta":{"footnotes":""},"categories":[52],"tags":[],"class_list":["post-57128","post","type-post","status-publish","format-standard","has-post-thumbnail","hentry","category-cultura"],"jetpack_featured_media_url":"https:\/\/radiorevelacionfm.cl\/wp-content\/uploads\/2025\/07\/residencia-ohiggins-1_optimized-1.jpg","_links":{"self":[{"href":"https:\/\/radiorevelacionfm.cl\/index.php?rest_route=\/wp\/v2\/posts\/57128","targetHints":{"allow":["GET"]}}],"collection":[{"href":"https:\/\/radiorevelacionfm.cl\/index.php?rest_route=\/wp\/v2\/posts"}],"about":[{"href":"https:\/\/radiorevelacionfm.cl\/index.php?rest_route=\/wp\/v2\/types\/post"}],"author":[{"embeddable":true,"href":"https:\/\/radiorevelacionfm.cl\/index.php?rest_route=\/wp\/v2\/users\/1"}],"replies":[{"embeddable":true,"href":"https:\/\/radiorevelacionfm.cl\/index.php?rest_route=%2Fwp%2Fv2%2Fcomments&post=57128"}],"version-history":[{"count":2,"href":"https:\/\/radiorevelacionfm.cl\/index.php?rest_route=\/wp\/v2\/posts\/57128\/revisions"}],"predecessor-version":[{"id":57149,"href":"https:\/\/radiorevelacionfm.cl\/index.php?rest_route=\/wp\/v2\/posts\/57128\/revisions\/57149"}],"wp:featuredmedia":[{"embeddable":true,"href":"https:\/\/radiorevelacionfm.cl\/index.php?rest_route=\/wp\/v2\/media\/57129"}],"wp:attachment":[{"href":"https:\/\/radiorevelacionfm.cl\/index.php?rest_route=%2Fwp%2Fv2%2Fmedia&parent=57128"}],"wp:term":[{"taxonomy":"category","embeddable":true,"href":"https:\/\/radiorevelacionfm.cl\/index.php?rest_route=%2Fwp%2Fv2%2Fcategories&post=57128"},{"taxonomy":"post_tag","embeddable":true,"href":"https:\/\/radiorevelacionfm.cl\/index.php?rest_route=%2Fwp%2Fv2%2Ftags&post=57128"}],"curies":[{"name":"wp","href":"https:\/\/api.w.org\/{rel}","templated":true}]}}