{"id":57125,"date":"2025-07-31T11:00:17","date_gmt":"2025-07-31T14:00:17","guid":{"rendered":"https:\/\/radiorevelacionfm.cl\/?p=57125"},"modified":"2025-07-31T11:00:17","modified_gmt":"2025-07-31T14:00:17","slug":"mas-de-mil-personas-participaron-en-la-decima-version-de-la-escuela-de-invierno-uaysen","status":"publish","type":"post","link":"https:\/\/radiorevelacionfm.cl\/?p=57125","title":{"rendered":"M\u00e1s de mil personas participaron en la d\u00e9cima versi\u00f3n de la Escuela de Invierno UAys\u00e9n"},"content":{"rendered":"<div class=\"flex_column av_one_full  flex_column_div av-zero-column-padding first  avia-builder-el-0  el_before_av_one_full  avia-builder-el-first  \" style='border-radius:0px; '><div  class='avia-image-container  av-styling-    avia-builder-el-1  avia-builder-el-no-sibling  avia-align-center '  itemprop=\"image\" itemscope=\"itemscope\" itemtype=\"https:\/\/schema.org\/ImageObject\"  ><div class='avia-image-container-inner'><div class='avia-image-overlay-wrap'><img decoding=\"async\" class='wp-image-57126 avia-img-lazy-loading-not-57126 avia_image' src=\"https:\/\/radiorevelacionfm.cl\/wp-content\/uploads\/2025\/07\/dsc00247-1_optimized.jpg\" alt='' title='dsc00247-(1)_optimized' height=\"600\" width=\"900\"  itemprop=\"thumbnailUrl\" srcset=\"https:\/\/radiorevelacionfm.cl\/wp-content\/uploads\/2025\/07\/dsc00247-1_optimized.jpg 900w, https:\/\/radiorevelacionfm.cl\/wp-content\/uploads\/2025\/07\/dsc00247-1_optimized-300x200.jpg 300w, https:\/\/radiorevelacionfm.cl\/wp-content\/uploads\/2025\/07\/dsc00247-1_optimized-768x512.jpg 768w, https:\/\/radiorevelacionfm.cl\/wp-content\/uploads\/2025\/07\/dsc00247-1_optimized-705x470.jpg 705w, https:\/\/radiorevelacionfm.cl\/wp-content\/uploads\/2025\/07\/dsc00247-1_optimized-450x300.jpg 450w, https:\/\/radiorevelacionfm.cl\/wp-content\/uploads\/2025\/07\/dsc00247-1_optimized-600x400.jpg 600w\" sizes=\"(max-width: 900px) 100vw, 900px\" \/><\/div><\/div><\/div><\/div><div class=\"flex_column av_one_full  flex_column_div av-zero-column-padding first  avia-builder-el-2  el_after_av_one_full  el_before_av_one_full  column-top-margin\" style='border-radius:0px; '><section class=\"av_textblock_section \"  itemscope=\"itemscope\" itemtype=\"https:\/\/schema.org\/BlogPosting\" itemprop=\"blogPost\" ><div class='avia_textblock  '   itemprop=\"text\" ><p style=\"text-align: center;\"><strong><span style=\"font-size: 18pt;\">M\u00e1s de mil personas participaron en la d\u00e9cima versi\u00f3n de la Escuela de Invierno UAys\u00e9n<\/span><\/strong><\/p>\n<div id=\"gtx-trans\" style=\"position: absolute; left: -50px; top: 4.31534px;\">\n<div class=\"gtx-trans-icon\"><\/div>\n<\/div>\n<\/div><\/section><\/div><div class=\"flex_column av_one_full  flex_column_div av-zero-column-padding first  avia-builder-el-4  el_after_av_one_full  el_before_av_hr  column-top-margin\" style='border-radius:0px; '><section class=\"av_textblock_section \"  itemscope=\"itemscope\" itemtype=\"https:\/\/schema.org\/BlogPosting\" itemprop=\"blogPost\" ><div class='avia_textblock  '   itemprop=\"text\" ><p dir=\"ltr\" style=\"text-align: justify;\"><em>Se realizaron m\u00e1s de 40 actividades abiertas a la comunidad en marco del aniversario institucional.<\/em><\/p>\n<p dir=\"ltr\" style=\"text-align: justify;\">Con una semana repleta de talleres, charlas, m\u00fasica y actividades culturales, la Universidad de Ays\u00e9n cerr\u00f3 con \u00e9xito la d\u00e9cima versi\u00f3n de su ya tradicional Escuela de Invierno, realizada entre el 21 y el 25 de julio. Esta edici\u00f3n cont\u00f3 con la participaci\u00f3n de m\u00e1s de mil personas en las distintas actividades abiertas a la comunidad, lideradas por acad\u00e9micos, profesionales, artistas y organizaciones colaboradoras.<\/p>\n<p dir=\"ltr\" style=\"text-align: justify;\">Entre las actividades m\u00e1s destacadas se encuentran la charla del reconocido divulgador cient\u00edfico Gabriel Le\u00f3n, un ciclo de cine de monta\u00f1a, talleres sobre salud mental, realidad aumentada, pueblos originarios, compostaje de lana, fotograf\u00eda de aves, agricultura sostenible, pol\u00edticas p\u00fablicas regionales, diversidad sexo-gen\u00e9rica y derechos humanos, entre otros.<\/p>\n<p dir=\"ltr\" style=\"text-align: justify;\">El cierre de la Escuela estuvo marcado por un concierto barroco de clausura, protagonizado por la Orquesta de C\u00e1mara y la Camerata Vocal de la\u00a0 Universidad UAys\u00e9n, donde el administrador provisional de la instituci\u00f3n, Juan Pablo Prieto Cox, coment\u00f3,\u00a0\u00abcerramos de una manera espectacular, tuvimos un concierto precioso con nuestra Orquesta C\u00e1mara y el coro de la universidad que coron\u00f3 justamente una semana muy intensa, muy activa tambi\u00e9n con mucha participaci\u00f3n\u00bb.\u00a0Agreg\u00f3 que\u00a0\u00abtuvimos m\u00e1s de mil personas participando en nuestra Escuela de Invierno, un \u00e9xito total. Es parte de la labor que queremos, que apreciamos mucho, que nos encanta hacer tambi\u00e9n, entregarle a la comunidad conocimiento, diversi\u00f3n, tambi\u00e9n alegr\u00eda.\u00bb<\/p>\n<p dir=\"ltr\" style=\"text-align: justify;\">Por su parte, Gabriel N\u00fa\u00f1ez, Director General de V\u00ednculos de la UAys\u00e9n se\u00f1al\u00f3 que\u00a0\u00abm\u00e1s de 40 talleres fueron entregados a la comunidad por nuestro estamento acad\u00e9mico, por profesionales tambi\u00e9n, por los m\u00fasicos y m\u00fasicas a trav\u00e9s de de distintas iniciativas que involucraron, por ejemplo, el reciclaje de lana, musicoterapia, el \u00e1mbito campesino, salud mental, en fin, una Escuela de Invierno que ha sido exitosa y que esperamos se mantenga por muchos a\u00f1os m\u00e1s en nuestra instituci\u00f3n\u00bb, agreg\u00f3.<\/p>\n<p dir=\"ltr\" style=\"text-align: justify;\">Una de las actividades centrales de esta Escuela de Invierno, fue la participaci\u00f3n del divulgador cient\u00edfico Gabriel Le\u00f3n, quien ofreci\u00f3 tres charlas para p\u00fablicos diversos: acad\u00e9micos, funcionarios, estudiantes secundarios y universitarios.\u00a0\u00abFue una experiencia espectacular, una interacci\u00f3n muy entretenida, conversamos sobre la naturaleza de la ciencia, la importancia de la curiosidad y tambi\u00e9n de las buenas preguntas en un evento al que espero me inviten de nuevo en el futuro\u00bb.\u00a0valor\u00f3 Le\u00f3n.<\/p>\n<p dir=\"ltr\" style=\"text-align: justify;\">A su vez, destac\u00f3 c\u00f3mo se est\u00e1 desarrollando la ciencia en la UAys\u00e9n \u00abRecorr\u00ed las instalaciones de la universidad, tienen laboratorios super bien equipados, la verdad fue muy reconfortante volver a entrar a laboratorios de investigaci\u00f3n y ver el gran nivel de investigaci\u00f3n que est\u00e1n realizando aqu\u00ed en la universidad\u00bb.<\/p>\n<p dir=\"ltr\" style=\"text-align: justify;\">Por su parte, Gonzalo Sep\u00falveda, estudiante de Psicolog\u00eda UAys\u00e9n y participante de la Escuela, destac\u00f3 el impacto que este tipo de espacios tiene para la comunidad.\u00a0\u00abme parece que es una tremenda oportunidad, no solo para los estudiantes, sino como para la comunidad. Creo que son iniciativas que responden a ciertas necesidades que son locales, pero tambi\u00e9n globales y creo que la UAys\u00e9n en esto tiene un rol s\u00faper importante, como centro de discusi\u00f3n, centro de exposici\u00f3n de actividad me parece que es incre\u00edble todo esto que se ha hecho\u00bb, afirm\u00f3.<\/p>\n<p dir=\"ltr\" style=\"text-align: justify;\">La d\u00e9cima versi\u00f3n de la Escuela de Invierno UAys\u00e9n reafirma el compromiso de la universidad con la formaci\u00f3n abierta, la cultura regional y la vinculaci\u00f3n con el territorio, consolid\u00e1ndose como un espacio de encuentro, reflexi\u00f3n y creaci\u00f3n colectiva.<\/p>\n<\/div><\/section><\/div><div  style='height:50px' class='hr hr-invisible   avia-builder-el-6  el_after_av_one_full  el_before_av_social_share '><span class='hr-inner ' ><span class='hr-inner-style'><\/span><\/span><\/div><\/p>\n<div  class='av-social-sharing-box  avia-builder-el-7  el_after_av_hr  el_before_av_hr  '><div class='av-share-box'><h5 class='av-share-link-description av-no-toc '>Compartir esta noticia<\/h5><ul class='av-share-box-list noLightbox'><li class='av-share-link av-social-link-facebook' ><a target=\"_blank\" aria-label=\"Compartir en Facebook\" href='https:\/\/www.facebook.com\/sharer.php?u=https:\/\/radiorevelacionfm.cl\/?p=57125&#038;t=M%C3%A1s%20de%20mil%20personas%20participaron%20en%20la%20d%C3%A9cima%20versi%C3%B3n%20de%20la%20Escuela%20de%20Invierno%20UAys%C3%A9n' aria-hidden='false' data-av_icon='\ue8f3' data-av_iconfont='entypo-fontello' title='' data-avia-related-tooltip='Compartir en Facebook' rel=\"noopener\"><span class='avia_hidden_link_text'>Compartir en Facebook<\/span><\/a><\/li><li class='av-share-link av-social-link-twitter' ><a target=\"_blank\" aria-label=\"Compartir en Twitter\" href='https:\/\/twitter.com\/share?text=M%C3%A1s%20de%20mil%20personas%20participaron%20en%20la%20d%C3%A9cima%20versi%C3%B3n%20de%20la%20Escuela%20de%20Invierno%20UAys%C3%A9n&#038;url=https:\/\/radiorevelacionfm.cl\/?p=57125' aria-hidden='false' data-av_icon='\ue8f1' data-av_iconfont='entypo-fontello' title='' data-avia-related-tooltip='Compartir en Twitter' rel=\"noopener\"><span class='avia_hidden_link_text'>Compartir en Twitter<\/span><\/a><\/li><li class='av-share-link av-social-link-whatsapp' ><a target=\"_blank\" aria-label=\"Compartir en Whatsapp\" href='https:\/\/api.whatsapp.com\/send?text=https:\/\/radiorevelacionfm.cl\/?p=57125' aria-hidden='false' data-av_icon='\uf232' data-av_iconfont='entypo-fontello' title='' data-avia-related-tooltip='Compartir en Whatsapp' rel=\"noopener\"><span class='avia_hidden_link_text'>Compartir en Whatsapp<\/span><\/a><\/li><li class='av-share-link av-social-link-linkedin' ><a target=\"_blank\" aria-label=\"Compartir en LinkedIn\" href='https:\/\/linkedin.com\/shareArticle?mini=true&#038;title=M%C3%A1s%20de%20mil%20personas%20participaron%20en%20la%20d%C3%A9cima%20versi%C3%B3n%20de%20la%20Escuela%20de%20Invierno%20UAys%C3%A9n&#038;url=https:\/\/radiorevelacionfm.cl\/?p=57125' aria-hidden='false' data-av_icon='\ue8fc' data-av_iconfont='entypo-fontello' title='' data-avia-related-tooltip='Compartir en LinkedIn' rel=\"noopener\"><span class='avia_hidden_link_text'>Compartir en LinkedIn<\/span><\/a><\/li><li class='av-share-link av-social-link-mail' ><a  aria-label=\"Compartir por correo\" href='mailto:?subject=M%C3%A1s%20de%20mil%20personas%20participaron%20en%20la%20d%C3%A9cima%20versi%C3%B3n%20de%20la%20Escuela%20de%20Invierno%20UAys%C3%A9n&#038;body=https:\/\/radiorevelacionfm.cl\/?p=57125' aria-hidden='false' data-av_icon='\ue805' data-av_iconfont='entypo-fontello' title='' data-avia-related-tooltip='Compartir por correo'><span class='avia_hidden_link_text'>Compartir por correo<\/span><\/a><\/li><\/ul><\/div><\/div>\n<div  style='height:50px' class='hr hr-invisible   avia-builder-el-8  el_after_av_social_share  el_before_av_comments_list '><span class='hr-inner ' ><span class='hr-inner-style'><\/span><\/span><\/div>\n<div  class='av-buildercomment  av-blog-meta-html-info-disabled av-blog-meta-tag-disabled  '><\/div>\n","protected":false},"excerpt":{"rendered":"","protected":false},"author":1,"featured_media":57126,"comment_status":"closed","ping_status":"closed","sticky":false,"template":"","format":"standard","meta":{"footnotes":""},"categories":[49],"tags":[],"class_list":["post-57125","post","type-post","status-publish","format-standard","has-post-thumbnail","hentry","category-educacion"],"jetpack_featured_media_url":"https:\/\/radiorevelacionfm.cl\/wp-content\/uploads\/2025\/07\/dsc00247-1_optimized.jpg","_links":{"self":[{"href":"https:\/\/radiorevelacionfm.cl\/index.php?rest_route=\/wp\/v2\/posts\/57125","targetHints":{"allow":["GET"]}}],"collection":[{"href":"https:\/\/radiorevelacionfm.cl\/index.php?rest_route=\/wp\/v2\/posts"}],"about":[{"href":"https:\/\/radiorevelacionfm.cl\/index.php?rest_route=\/wp\/v2\/types\/post"}],"author":[{"embeddable":true,"href":"https:\/\/radiorevelacionfm.cl\/index.php?rest_route=\/wp\/v2\/users\/1"}],"replies":[{"embeddable":true,"href":"https:\/\/radiorevelacionfm.cl\/index.php?rest_route=%2Fwp%2Fv2%2Fcomments&post=57125"}],"version-history":[{"count":2,"href":"https:\/\/radiorevelacionfm.cl\/index.php?rest_route=\/wp\/v2\/posts\/57125\/revisions"}],"predecessor-version":[{"id":57147,"href":"https:\/\/radiorevelacionfm.cl\/index.php?rest_route=\/wp\/v2\/posts\/57125\/revisions\/57147"}],"wp:featuredmedia":[{"embeddable":true,"href":"https:\/\/radiorevelacionfm.cl\/index.php?rest_route=\/wp\/v2\/media\/57126"}],"wp:attachment":[{"href":"https:\/\/radiorevelacionfm.cl\/index.php?rest_route=%2Fwp%2Fv2%2Fmedia&parent=57125"}],"wp:term":[{"taxonomy":"category","embeddable":true,"href":"https:\/\/radiorevelacionfm.cl\/index.php?rest_route=%2Fwp%2Fv2%2Fcategories&post=57125"},{"taxonomy":"post_tag","embeddable":true,"href":"https:\/\/radiorevelacionfm.cl\/index.php?rest_route=%2Fwp%2Fv2%2Ftags&post=57125"}],"curies":[{"name":"wp","href":"https:\/\/api.w.org\/{rel}","templated":true}]}}