{"id":57122,"date":"2025-07-31T15:10:45","date_gmt":"2025-07-31T18:10:45","guid":{"rendered":"https:\/\/radiorevelacionfm.cl\/?p=57122"},"modified":"2025-07-31T15:55:56","modified_gmt":"2025-07-31T18:55:56","slug":"servicios-participan-en-nueva-plaza-de-justicia-y-ddhh-realizada-en-supermercado-de-coyhaique","status":"publish","type":"post","link":"https:\/\/radiorevelacionfm.cl\/?p=57122","title":{"rendered":"Servicios participan en nueva Plaza de justicia y DDHH realizada en supermercado de Coyhaique"},"content":{"rendered":"<div class=\"flex_column av_one_full  flex_column_div av-zero-column-padding first  avia-builder-el-0  el_before_av_one_full  avia-builder-el-first  \" style='border-radius:0px; '><div  class='avia-image-container  av-styling-    avia-builder-el-1  avia-builder-el-no-sibling  avia-align-center '  itemprop=\"image\" itemscope=\"itemscope\" itemtype=\"https:\/\/schema.org\/ImageObject\"  ><div class='avia-image-container-inner'><div class='avia-image-overlay-wrap'><img decoding=\"async\" class='wp-image-57123 avia-img-lazy-loading-not-57123 avia_image' src=\"https:\/\/radiorevelacionfm.cl\/wp-content\/uploads\/2025\/07\/foto-plaza-4-1_optimized.jpg\" alt='' title='foto-plaza-4-(1)_optimized' height=\"600\" width=\"800\"  itemprop=\"thumbnailUrl\" srcset=\"https:\/\/radiorevelacionfm.cl\/wp-content\/uploads\/2025\/07\/foto-plaza-4-1_optimized.jpg 800w, https:\/\/radiorevelacionfm.cl\/wp-content\/uploads\/2025\/07\/foto-plaza-4-1_optimized-300x225.jpg 300w, https:\/\/radiorevelacionfm.cl\/wp-content\/uploads\/2025\/07\/foto-plaza-4-1_optimized-768x576.jpg 768w, https:\/\/radiorevelacionfm.cl\/wp-content\/uploads\/2025\/07\/foto-plaza-4-1_optimized-705x529.jpg 705w, https:\/\/radiorevelacionfm.cl\/wp-content\/uploads\/2025\/07\/foto-plaza-4-1_optimized-450x338.jpg 450w, https:\/\/radiorevelacionfm.cl\/wp-content\/uploads\/2025\/07\/foto-plaza-4-1_optimized-600x450.jpg 600w\" sizes=\"(max-width: 800px) 100vw, 800px\" \/><\/div><\/div><\/div><\/div><div class=\"flex_column av_one_full  flex_column_div av-zero-column-padding first  avia-builder-el-2  el_after_av_one_full  el_before_av_one_full  column-top-margin\" style='border-radius:0px; '><section class=\"av_textblock_section \"  itemscope=\"itemscope\" itemtype=\"https:\/\/schema.org\/BlogPosting\" itemprop=\"blogPost\" ><div class='avia_textblock  '   itemprop=\"text\" ><p style=\"text-align: center;\"><strong><span style=\"font-size: 18pt;\">Servicios participan en nueva Plaza de justicia y DDHH realizada en supermercado de Coyhaique<\/span><\/strong><\/p>\n<div id=\"gtx-trans\" style=\"position: absolute; left: -50px; top: 4.31534px;\">\n<div class=\"gtx-trans-icon\"><\/div>\n<\/div>\n<\/div><\/section><\/div><div class=\"flex_column av_one_full  flex_column_div av-zero-column-padding first  avia-builder-el-4  el_after_av_one_full  el_before_av_hr  column-top-margin\" style='border-radius:0px; '><section class=\"av_textblock_section \"  itemscope=\"itemscope\" itemtype=\"https:\/\/schema.org\/BlogPosting\" itemprop=\"blogPost\" ><div class='avia_textblock  '   itemprop=\"text\" ><p style=\"text-align: justify;\"><em>La jornada fue encabezada por el Seremi de Justicia y DD.HH Samuel Navarro y permiti\u00f3 orientar e informar a los vecinos y trabajadores de este centro comercial.<\/em><\/p>\n<p style=\"text-align: justify;\">Con el prop\u00f3sito de acercar la atenci\u00f3n a la comunidad, la Secretar\u00eda Regional Ministerial de Justicia y Derechos humanos, junto a sus servicios dependientes y relacionados, desarrollaron una Plaza de Justicia y DDHH en dependencias del supermercado Unimarc de Coyhaique.<\/p>\n<p style=\"text-align: justify;\">La jornada permiti\u00f3 atender y orientar a los vecinos en distintas materias, ya sean orientaciones jur\u00eddicas, as\u00ed como tr\u00e1mites como la obtenci\u00f3n y\/o renovaci\u00f3n de c\u00e9dulas de identidad, clave \u00fanica, entre otros.<\/p>\n<p style=\"text-align: justify;\">El seremi de Justicia y Derechos Humanos, Samuel Navarro Castro explic\u00f3 que \u201cestamos muy contentos como cartera de Justicia junto a sus servicios dependientes y relacionados mas algunos servicios que nos acompa\u00f1aron el d\u00eda de hoy\u00a0 pudimos desarrollar esta nueva versi\u00f3n de Plaza de Justicia en esta oportunidad en el supermercado Unimarc de la comuna de Coyhaique donde pudimos atender principalmente p\u00fablico asistente al supermercado, pero tambi\u00e9n a trabajadores y trabajadoras del mismo, que pudieron realizar algunos tr\u00e1mites, consultas a los distintos servicios, como Gobierno estamos muy satisfechos de poder cumplir nuestro objetivo de acercar los servicios p\u00fablicos a la gente que por razones de tiempo o de alcance no puede concurrir presencialmente a los servicios, por eso el hecho de poder nosotros desplazarnos satisface una necesidad y un requerimiento de la ciudadan\u00eda de estar en terreno y continuaremos esta senda en otras organizaciones sociales y comunitarias conforme a la planificaci\u00f3n que tenemos para este a\u00f1o 2025\u201d.<\/p>\n<p style=\"text-align: justify;\"><strong>Fue as\u00ed como la<\/strong> Corporaci\u00f3n de Asistencia Judicial (CAJ), el Registro Civil e Identificaci\u00f3n, la Defensor\u00eda Penal P\u00fablica (DPP), Servicio M\u00e9dico Legal (SML) el Servicio de Reinserci\u00f3n Social Juvenil fueron parte de la actividad que se desarroll\u00f3 en el supermercado Unimarc.\u00a0Participaron adicionalmente funcionarios de la Segegob, de la Seremi de la Mujer y Equidad de G\u00e9nero y de Gobierno en Terreno de la Delegaci\u00f3n Presidencial Regional de Ays\u00e9n.<\/p>\n<p style=\"text-align: justify;\">Finalmente, se\u00f1alar que en el caso de la CAJ Biob\u00edo, sus profesionales informaron y orientaron a la comunidad en materias civiles (Posesiones efectivas, regularizaciones de propiedades), de familia (pensiones de alimentos) y laborales, mientras que la Defensor\u00eda Penal entreg\u00f3 informaci\u00f3n y asesor\u00eda en materia penal con especial \u00e9nfasis en las l\u00edneas de defensa especializada y material gr\u00e1fico sobre los derechos de los imputados, a su vez los funcionarios del SML y el Servicio de Reinserci\u00f3n Social Juvenil realizaron una labor informativa sobre sus principales funciones y ofertas de programas en la regi\u00f3n.<\/p>\n<\/div><\/section><\/div><div  style='height:50px' class='hr hr-invisible   avia-builder-el-6  el_after_av_one_full  el_before_av_social_share '><span class='hr-inner ' ><span class='hr-inner-style'><\/span><\/span><\/div><\/p>\n<div  class='av-social-sharing-box  avia-builder-el-7  el_after_av_hr  el_before_av_hr  '><div class='av-share-box'><h5 class='av-share-link-description av-no-toc '>Compartir esta noticia<\/h5><ul class='av-share-box-list noLightbox'><li class='av-share-link av-social-link-facebook' ><a target=\"_blank\" aria-label=\"Compartir en Facebook\" href='https:\/\/www.facebook.com\/sharer.php?u=https:\/\/radiorevelacionfm.cl\/?p=57122&#038;t=Servicios%20participan%20en%20nueva%20Plaza%20de%20justicia%20y%20DDHH%20realizada%20en%20supermercado%20de%20Coyhaique' aria-hidden='false' data-av_icon='\ue8f3' data-av_iconfont='entypo-fontello' title='' data-avia-related-tooltip='Compartir en Facebook' rel=\"noopener\"><span class='avia_hidden_link_text'>Compartir en Facebook<\/span><\/a><\/li><li class='av-share-link av-social-link-twitter' ><a target=\"_blank\" aria-label=\"Compartir en Twitter\" href='https:\/\/twitter.com\/share?text=Servicios%20participan%20en%20nueva%20Plaza%20de%20justicia%20y%20DDHH%20realizada%20en%20supermercado%20de%20Coyhaique&#038;url=https:\/\/radiorevelacionfm.cl\/?p=57122' aria-hidden='false' data-av_icon='\ue8f1' data-av_iconfont='entypo-fontello' title='' data-avia-related-tooltip='Compartir en Twitter' rel=\"noopener\"><span class='avia_hidden_link_text'>Compartir en Twitter<\/span><\/a><\/li><li class='av-share-link av-social-link-whatsapp' ><a target=\"_blank\" aria-label=\"Compartir en Whatsapp\" href='https:\/\/api.whatsapp.com\/send?text=https:\/\/radiorevelacionfm.cl\/?p=57122' aria-hidden='false' data-av_icon='\uf232' data-av_iconfont='entypo-fontello' title='' data-avia-related-tooltip='Compartir en Whatsapp' rel=\"noopener\"><span class='avia_hidden_link_text'>Compartir en Whatsapp<\/span><\/a><\/li><li class='av-share-link av-social-link-linkedin' ><a target=\"_blank\" aria-label=\"Compartir en LinkedIn\" href='https:\/\/linkedin.com\/shareArticle?mini=true&#038;title=Servicios%20participan%20en%20nueva%20Plaza%20de%20justicia%20y%20DDHH%20realizada%20en%20supermercado%20de%20Coyhaique&#038;url=https:\/\/radiorevelacionfm.cl\/?p=57122' aria-hidden='false' data-av_icon='\ue8fc' data-av_iconfont='entypo-fontello' title='' data-avia-related-tooltip='Compartir en LinkedIn' rel=\"noopener\"><span class='avia_hidden_link_text'>Compartir en LinkedIn<\/span><\/a><\/li><li class='av-share-link av-social-link-mail' ><a  aria-label=\"Compartir por correo\" href='mailto:?subject=Servicios%20participan%20en%20nueva%20Plaza%20de%20justicia%20y%20DDHH%20realizada%20en%20supermercado%20de%20Coyhaique&#038;body=https:\/\/radiorevelacionfm.cl\/?p=57122' aria-hidden='false' data-av_icon='\ue805' data-av_iconfont='entypo-fontello' title='' data-avia-related-tooltip='Compartir por correo'><span class='avia_hidden_link_text'>Compartir por correo<\/span><\/a><\/li><\/ul><\/div><\/div>\n<div  style='height:50px' class='hr hr-invisible   avia-builder-el-8  el_after_av_social_share  el_before_av_comments_list '><span class='hr-inner ' ><span class='hr-inner-style'><\/span><\/span><\/div>\n<div  class='av-buildercomment  av-blog-meta-html-info-disabled av-blog-meta-tag-disabled  '><\/div>\n","protected":false},"excerpt":{"rendered":"","protected":false},"author":1,"featured_media":57123,"comment_status":"closed","ping_status":"closed","sticky":false,"template":"","format":"standard","meta":{"footnotes":""},"categories":[55],"tags":[],"class_list":["post-57122","post","type-post","status-publish","format-standard","has-post-thumbnail","hentry","category-justicia"],"jetpack_featured_media_url":"https:\/\/radiorevelacionfm.cl\/wp-content\/uploads\/2025\/07\/foto-plaza-4-1_optimized.jpg","_links":{"self":[{"href":"https:\/\/radiorevelacionfm.cl\/index.php?rest_route=\/wp\/v2\/posts\/57122","targetHints":{"allow":["GET"]}}],"collection":[{"href":"https:\/\/radiorevelacionfm.cl\/index.php?rest_route=\/wp\/v2\/posts"}],"about":[{"href":"https:\/\/radiorevelacionfm.cl\/index.php?rest_route=\/wp\/v2\/types\/post"}],"author":[{"embeddable":true,"href":"https:\/\/radiorevelacionfm.cl\/index.php?rest_route=\/wp\/v2\/users\/1"}],"replies":[{"embeddable":true,"href":"https:\/\/radiorevelacionfm.cl\/index.php?rest_route=%2Fwp%2Fv2%2Fcomments&post=57122"}],"version-history":[{"count":2,"href":"https:\/\/radiorevelacionfm.cl\/index.php?rest_route=\/wp\/v2\/posts\/57122\/revisions"}],"predecessor-version":[{"id":57169,"href":"https:\/\/radiorevelacionfm.cl\/index.php?rest_route=\/wp\/v2\/posts\/57122\/revisions\/57169"}],"wp:featuredmedia":[{"embeddable":true,"href":"https:\/\/radiorevelacionfm.cl\/index.php?rest_route=\/wp\/v2\/media\/57123"}],"wp:attachment":[{"href":"https:\/\/radiorevelacionfm.cl\/index.php?rest_route=%2Fwp%2Fv2%2Fmedia&parent=57122"}],"wp:term":[{"taxonomy":"category","embeddable":true,"href":"https:\/\/radiorevelacionfm.cl\/index.php?rest_route=%2Fwp%2Fv2%2Fcategories&post=57122"},{"taxonomy":"post_tag","embeddable":true,"href":"https:\/\/radiorevelacionfm.cl\/index.php?rest_route=%2Fwp%2Fv2%2Ftags&post=57122"}],"curies":[{"name":"wp","href":"https:\/\/api.w.org\/{rel}","templated":true}]}}