{"id":57119,"date":"2025-07-30T21:31:14","date_gmt":"2025-07-31T00:31:14","guid":{"rendered":"https:\/\/radiorevelacionfm.cl\/?p=57119"},"modified":"2025-07-30T21:31:14","modified_gmt":"2025-07-31T00:31:14","slug":"comite-de-ibanez-se-reune-con-serviu-bienes-nacionales-y-mop-buscan-concretar-traspaso-de-terreno-para-construccion-de-viviendas","status":"publish","type":"post","link":"https:\/\/radiorevelacionfm.cl\/?p=57119","title":{"rendered":"Comit\u00e9 de Ib\u00e1\u00f1ez se re\u00fane con Serviu, Bienes Nacionales y MOP: Buscan concretar traspaso de terreno para construcci\u00f3n de viviendas"},"content":{"rendered":"<div class=\"flex_column av_one_full  flex_column_div av-zero-column-padding first  avia-builder-el-0  el_before_av_one_full  avia-builder-el-first  \" style='border-radius:0px; '><div  class='avia-image-container  av-styling-    avia-builder-el-1  avia-builder-el-no-sibling  avia-align-center '  itemprop=\"image\" itemscope=\"itemscope\" itemtype=\"https:\/\/schema.org\/ImageObject\"  ><div class='avia-image-container-inner'><div class='avia-image-overlay-wrap'><img decoding=\"async\" class='wp-image-57120 avia-img-lazy-loading-not-57120 avia_image' src=\"https:\/\/radiorevelacionfm.cl\/wp-content\/uploads\/2025\/07\/foto-comitE-grecas-ibANez-1_optimized-1.jpg\" alt='' title='foto-comit\u00c9-grecas-ib\u00c1\u00d1ez-(1)_optimized (1)' height=\"600\" width=\"800\"  itemprop=\"thumbnailUrl\" srcset=\"https:\/\/radiorevelacionfm.cl\/wp-content\/uploads\/2025\/07\/foto-comitE-grecas-ibANez-1_optimized-1.jpg 800w, https:\/\/radiorevelacionfm.cl\/wp-content\/uploads\/2025\/07\/foto-comitE-grecas-ibANez-1_optimized-1-300x225.jpg 300w, https:\/\/radiorevelacionfm.cl\/wp-content\/uploads\/2025\/07\/foto-comitE-grecas-ibANez-1_optimized-1-768x576.jpg 768w, https:\/\/radiorevelacionfm.cl\/wp-content\/uploads\/2025\/07\/foto-comitE-grecas-ibANez-1_optimized-1-705x529.jpg 705w, https:\/\/radiorevelacionfm.cl\/wp-content\/uploads\/2025\/07\/foto-comitE-grecas-ibANez-1_optimized-1-450x338.jpg 450w, https:\/\/radiorevelacionfm.cl\/wp-content\/uploads\/2025\/07\/foto-comitE-grecas-ibANez-1_optimized-1-600x450.jpg 600w\" sizes=\"(max-width: 800px) 100vw, 800px\" \/><\/div><\/div><\/div><\/div><div class=\"flex_column av_one_full  flex_column_div av-zero-column-padding first  avia-builder-el-2  el_after_av_one_full  el_before_av_one_full  column-top-margin\" style='border-radius:0px; '><section class=\"av_textblock_section \"  itemscope=\"itemscope\" itemtype=\"https:\/\/schema.org\/BlogPosting\" itemprop=\"blogPost\" ><div class='avia_textblock  '   itemprop=\"text\" ><p style=\"text-align: center;\"><strong><span style=\"font-size: 18pt;\">Comit\u00e9 de Ib\u00e1\u00f1ez se re\u00fane con Serviu, Bienes Nacionales y MOP: Buscan concretar traspaso de terreno para construcci\u00f3n de viviendas<\/span><\/strong><\/p>\n<div id=\"gtx-trans\" style=\"position: absolute; left: -50px; top: 4.31534px;\">\n<div class=\"gtx-trans-icon\"><\/div>\n<\/div>\n<\/div><\/section><\/div><div class=\"flex_column av_one_full  flex_column_div av-zero-column-padding first  avia-builder-el-4  el_after_av_one_full  el_before_av_hr  column-top-margin\" style='border-radius:0px; '><section class=\"av_textblock_section \"  itemscope=\"itemscope\" itemtype=\"https:\/\/schema.org\/BlogPosting\" itemprop=\"blogPost\" ><div class='avia_textblock  '   itemprop=\"text\" ><p style=\"text-align: justify;\">El diputado Miguel \u00c1ngel Calisto junto a dirigentes del comit\u00e9 habitacional Greca de Puerto Ib\u00e1\u00f1ez, sostuvo una\u00a0 reuni\u00f3n con representantes del Servicio de Vivienda y Urbanismo (Serviu Ays\u00e9n), el Ministerio de Bienes Nacionales y el Ministerio de Obras P\u00fablicas (MOP). El encuentro, busca destrabar y acelerar la construcci\u00f3n de viviendas tan anheladas por\u00a0 diez familias de la localidad.<\/p>\n<p style=\"text-align: justify;\">La reuni\u00f3n, que tuvo lugar en dependencias del Serviu, se centr\u00f3 en la gesti\u00f3n de un terreno que permita la edificaci\u00f3n de estas viviendas, un desaf\u00edo significativo en una localidad que no ha visto nuevos complejos habitacionales en mucho tiempo.<\/p>\n<p style=\"text-align: justify;\">El diputado Calisto destac\u00f3 el avance logrado y la coordinaci\u00f3n interinstitucional. \u00abSon diez familias las que esperan su casa propia. Buscamos que se puedan construir estas viviendas en Ib\u00e1\u00f1ez, donde durante mucho tiempo no se han construido complejos habitacionales. Y es importante porque nuestras localidades tienen que seguir creciendo\u00bb.<\/p>\n<p style=\"text-align: justify;\">\u00abAqu\u00ed ha sido una gesti\u00f3n tit\u00e1nica. Hemos tenido que, particularmente con el esfuerzo de las dirigentas, coordinar la disposici\u00f3n de Vialidad para poder ceder un terreno a Bienes Nacionales. Este servicio ha manifestado tambi\u00e9n la disposici\u00f3n de buscar un terreno para poder compensar a Vialidad y tambi\u00e9n de esa manera con otras instituciones para poder buscar la factibilidad t\u00e9cnica respecto al pa\u00f1o\u00bb, indic\u00f3.<\/p>\n<p style=\"text-align: justify;\">Calisto asegur\u00f3\u00a0que \u00abhoy d\u00eda yo creo que sacamos cuentas alegres respecto de la coordinaci\u00f3n, respecto de los resultados y la disposici\u00f3n de las instituciones Y, por supuesto, esperamos que lo antes posible tengamos ya este terreno traspasado al SERVIU para que ya se pueda proyectar de manera definitiva estas diez viviendas\u00bb.<\/p>\n<p style=\"text-align: justify;\">Por su parte, la dirigenta Yeni Mansilla expres\u00f3 la gratitud de las familias beneficiarias. \u00abVenimos desde Puerto Ingeniero Ib\u00e1\u00f1ez a una reuni\u00f3n en dependencias del SERVIU con diferentes entidades como el MOP, como Bienes Nacionales, para poder concretar nuestro sue\u00f1o como es la casa propia. Agradecemos la presencia del diputado, quien nos ha estado apoyando desde el comienzo de esto\u00bb.<\/p>\n<p style=\"text-align: justify;\">Este nuevo avance se suma a la constante labor que el diputado Miguel \u00c1ngel Calisto ha demostrado en su compromiso con los distintos comit\u00e9s habitacionales de la Regi\u00f3n de Ays\u00e9n. Su gesti\u00f3n se ha caracterizado por el acompa\u00f1amiento y la b\u00fasqueda incansable de soluciones para miles de familias que sue\u00f1an con la casa propia.<\/p>\n<\/div><\/section><\/div><div  style='height:50px' class='hr hr-invisible   avia-builder-el-6  el_after_av_one_full  el_before_av_social_share '><span class='hr-inner ' ><span class='hr-inner-style'><\/span><\/span><\/div><\/p>\n<div  class='av-social-sharing-box  avia-builder-el-7  el_after_av_hr  el_before_av_hr  '><div class='av-share-box'><h5 class='av-share-link-description av-no-toc '>Compartir esta noticia<\/h5><ul class='av-share-box-list noLightbox'><li class='av-share-link av-social-link-facebook' ><a target=\"_blank\" aria-label=\"Compartir en Facebook\" href='https:\/\/www.facebook.com\/sharer.php?u=https:\/\/radiorevelacionfm.cl\/?p=57119&#038;t=Comit%C3%A9%20de%20Ib%C3%A1%C3%B1ez%20se%20re%C3%BAne%20con%20Serviu%2C%20Bienes%20Nacionales%20y%20MOP%3A%20Buscan%20concretar%20traspaso%20de%20terreno%20para%20construcci%C3%B3n%20de%20viviendas' aria-hidden='false' data-av_icon='\ue8f3' data-av_iconfont='entypo-fontello' title='' data-avia-related-tooltip='Compartir en Facebook' rel=\"noopener\"><span class='avia_hidden_link_text'>Compartir en Facebook<\/span><\/a><\/li><li class='av-share-link av-social-link-twitter' ><a target=\"_blank\" aria-label=\"Compartir en Twitter\" href='https:\/\/twitter.com\/share?text=Comit%C3%A9%20de%20Ib%C3%A1%C3%B1ez%20se%20re%C3%BAne%20con%20Serviu%2C%20Bienes%20Nacionales%20y%20MOP%3A%20Buscan%20concretar%20traspaso%20de%20terreno%20para%20construcci%C3%B3n%20de%20viviendas&#038;url=https:\/\/radiorevelacionfm.cl\/?p=57119' aria-hidden='false' data-av_icon='\ue8f1' data-av_iconfont='entypo-fontello' title='' data-avia-related-tooltip='Compartir en Twitter' rel=\"noopener\"><span class='avia_hidden_link_text'>Compartir en Twitter<\/span><\/a><\/li><li class='av-share-link av-social-link-whatsapp' ><a target=\"_blank\" aria-label=\"Compartir en Whatsapp\" href='https:\/\/api.whatsapp.com\/send?text=https:\/\/radiorevelacionfm.cl\/?p=57119' aria-hidden='false' data-av_icon='\uf232' data-av_iconfont='entypo-fontello' title='' data-avia-related-tooltip='Compartir en Whatsapp' rel=\"noopener\"><span class='avia_hidden_link_text'>Compartir en Whatsapp<\/span><\/a><\/li><li class='av-share-link av-social-link-linkedin' ><a target=\"_blank\" aria-label=\"Compartir en LinkedIn\" href='https:\/\/linkedin.com\/shareArticle?mini=true&#038;title=Comit%C3%A9%20de%20Ib%C3%A1%C3%B1ez%20se%20re%C3%BAne%20con%20Serviu%2C%20Bienes%20Nacionales%20y%20MOP%3A%20Buscan%20concretar%20traspaso%20de%20terreno%20para%20construcci%C3%B3n%20de%20viviendas&#038;url=https:\/\/radiorevelacionfm.cl\/?p=57119' aria-hidden='false' data-av_icon='\ue8fc' data-av_iconfont='entypo-fontello' title='' data-avia-related-tooltip='Compartir en LinkedIn' rel=\"noopener\"><span class='avia_hidden_link_text'>Compartir en LinkedIn<\/span><\/a><\/li><li class='av-share-link av-social-link-mail' ><a  aria-label=\"Compartir por correo\" href='mailto:?subject=Comit%C3%A9%20de%20Ib%C3%A1%C3%B1ez%20se%20re%C3%BAne%20con%20Serviu%2C%20Bienes%20Nacionales%20y%20MOP%3A%20Buscan%20concretar%20traspaso%20de%20terreno%20para%20construcci%C3%B3n%20de%20viviendas&#038;body=https:\/\/radiorevelacionfm.cl\/?p=57119' aria-hidden='false' data-av_icon='\ue805' data-av_iconfont='entypo-fontello' title='' data-avia-related-tooltip='Compartir por correo'><span class='avia_hidden_link_text'>Compartir por correo<\/span><\/a><\/li><\/ul><\/div><\/div>\n<div  style='height:50px' class='hr hr-invisible   avia-builder-el-8  el_after_av_social_share  el_before_av_comments_list '><span class='hr-inner ' ><span class='hr-inner-style'><\/span><\/span><\/div>\n<div  class='av-buildercomment  av-blog-meta-html-info-disabled av-blog-meta-tag-disabled  '><\/div>\n","protected":false},"excerpt":{"rendered":"","protected":false},"author":1,"featured_media":57120,"comment_status":"closed","ping_status":"closed","sticky":false,"template":"","format":"standard","meta":{"footnotes":""},"categories":[38],"tags":[],"class_list":["post-57119","post","type-post","status-publish","format-standard","has-post-thumbnail","hentry","category-regional"],"jetpack_featured_media_url":"https:\/\/radiorevelacionfm.cl\/wp-content\/uploads\/2025\/07\/foto-comitE-grecas-ibANez-1_optimized-1.jpg","_links":{"self":[{"href":"https:\/\/radiorevelacionfm.cl\/index.php?rest_route=\/wp\/v2\/posts\/57119","targetHints":{"allow":["GET"]}}],"collection":[{"href":"https:\/\/radiorevelacionfm.cl\/index.php?rest_route=\/wp\/v2\/posts"}],"about":[{"href":"https:\/\/radiorevelacionfm.cl\/index.php?rest_route=\/wp\/v2\/types\/post"}],"author":[{"embeddable":true,"href":"https:\/\/radiorevelacionfm.cl\/index.php?rest_route=\/wp\/v2\/users\/1"}],"replies":[{"embeddable":true,"href":"https:\/\/radiorevelacionfm.cl\/index.php?rest_route=%2Fwp%2Fv2%2Fcomments&post=57119"}],"version-history":[{"count":2,"href":"https:\/\/radiorevelacionfm.cl\/index.php?rest_route=\/wp\/v2\/posts\/57119\/revisions"}],"predecessor-version":[{"id":57142,"href":"https:\/\/radiorevelacionfm.cl\/index.php?rest_route=\/wp\/v2\/posts\/57119\/revisions\/57142"}],"wp:featuredmedia":[{"embeddable":true,"href":"https:\/\/radiorevelacionfm.cl\/index.php?rest_route=\/wp\/v2\/media\/57120"}],"wp:attachment":[{"href":"https:\/\/radiorevelacionfm.cl\/index.php?rest_route=%2Fwp%2Fv2%2Fmedia&parent=57119"}],"wp:term":[{"taxonomy":"category","embeddable":true,"href":"https:\/\/radiorevelacionfm.cl\/index.php?rest_route=%2Fwp%2Fv2%2Fcategories&post=57119"},{"taxonomy":"post_tag","embeddable":true,"href":"https:\/\/radiorevelacionfm.cl\/index.php?rest_route=%2Fwp%2Fv2%2Ftags&post=57119"}],"curies":[{"name":"wp","href":"https:\/\/api.w.org\/{rel}","templated":true}]}}