{"id":57115,"date":"2025-07-30T17:28:20","date_gmt":"2025-07-30T20:28:20","guid":{"rendered":"https:\/\/radiorevelacionfm.cl\/?p=57115"},"modified":"2025-07-30T17:28:20","modified_gmt":"2025-07-30T20:28:20","slug":"robo-con-intimidacion-en-coyhaique-fiscalia-solicito-la-prision-preventiva-del-imputado","status":"publish","type":"post","link":"https:\/\/radiorevelacionfm.cl\/?p=57115","title":{"rendered":"Robo con intimidaci\u00f3n en Coyhaique: Fiscal\u00eda solicit\u00f3 la prisi\u00f3n preventiva del imputado"},"content":{"rendered":"<div class=\"flex_column av_one_full  flex_column_div av-zero-column-padding first  avia-builder-el-0  el_before_av_one_full  avia-builder-el-first  \" style='border-radius:0px; '><div  class='avia-image-container  av-styling-    avia-builder-el-1  avia-builder-el-no-sibling  avia-align-center '  itemprop=\"image\" itemscope=\"itemscope\" itemtype=\"https:\/\/schema.org\/ImageObject\"  ><div class='avia-image-container-inner'><div class='avia-image-overlay-wrap'><img decoding=\"async\" class='wp-image-38612 avia-img-lazy-loading-not-38612 avia_image' src=\"https:\/\/radiorevelacionfm.cl\/wp-content\/uploads\/2024\/01\/fiscalia_7-1_optimized.jpeg\" alt='' title='fiscalia_7-(1)_optimized' height=\"600\" width=\"859\"  itemprop=\"thumbnailUrl\" srcset=\"https:\/\/radiorevelacionfm.cl\/wp-content\/uploads\/2024\/01\/fiscalia_7-1_optimized.jpeg 859w, https:\/\/radiorevelacionfm.cl\/wp-content\/uploads\/2024\/01\/fiscalia_7-1_optimized-300x210.jpeg 300w, https:\/\/radiorevelacionfm.cl\/wp-content\/uploads\/2024\/01\/fiscalia_7-1_optimized-768x536.jpeg 768w, https:\/\/radiorevelacionfm.cl\/wp-content\/uploads\/2024\/01\/fiscalia_7-1_optimized-705x492.jpeg 705w, https:\/\/radiorevelacionfm.cl\/wp-content\/uploads\/2024\/01\/fiscalia_7-1_optimized-450x314.jpeg 450w, https:\/\/radiorevelacionfm.cl\/wp-content\/uploads\/2024\/01\/fiscalia_7-1_optimized-600x419.jpeg 600w\" sizes=\"(max-width: 859px) 100vw, 859px\" \/><\/div><\/div><\/div><\/div><div class=\"flex_column av_one_full  flex_column_div av-zero-column-padding first  avia-builder-el-2  el_after_av_one_full  el_before_av_one_full  column-top-margin\" style='border-radius:0px; '><section class=\"av_textblock_section \"  itemscope=\"itemscope\" itemtype=\"https:\/\/schema.org\/BlogPosting\" itemprop=\"blogPost\" ><div class='avia_textblock  '   itemprop=\"text\" ><p style=\"text-align: center;\"><span style=\"font-size: 18pt;\"><b>Robo con intimidaci\u00f3n en Coyhaique: Fiscal\u00eda solicit\u00f3 la prisi\u00f3n preventiva del imputado<\/b><\/span><\/p>\n<div id=\"gtx-trans\" style=\"position: absolute; left: -50px; top: 4.31534px;\">\n<div class=\"gtx-trans-icon\"><\/div>\n<\/div>\n<\/div><\/section><\/div><div class=\"flex_column av_one_full  flex_column_div av-zero-column-padding first  avia-builder-el-4  el_after_av_one_full  el_before_av_hr  column-top-margin\" style='border-radius:0px; '><section class=\"av_textblock_section \"  itemscope=\"itemscope\" itemtype=\"https:\/\/schema.org\/BlogPosting\" itemprop=\"blogPost\" ><div class='avia_textblock  '   itemprop=\"text\" ><p class=\"v1MsoNormal\" style=\"text-align: justify;\"><em>Sujeto hab\u00eda sido condenado en Iquique por el mismo delito.<\/em><\/p>\n<p class=\"v1MsoNormal\" style=\"text-align: justify;\">La Fiscal\u00eda Local de Coyhaique formaliz\u00f3 hoy una investigaci\u00f3n por el delito de robo con intimidaci\u00f3n y amenazas a Carabineros, hecho perpetrado por un sujeto de 45 a\u00f1os cerca de las 15.30 horas del martes en una tienda de calle Prat, quien ya hab\u00eda sido condenado el 2022 por hechos similares en la ciudad de Iquique. En esta ocasi\u00f3n fue detenido por personal de Carabineros de la Primera Comisar\u00eda.<\/p>\n<p class=\"v1MsoNormal\" style=\"text-align: justify;\">Seg\u00fan explic\u00f3 la abogada de la Fiscal\u00eda Local de Coyhaique, Tamara Acevedo, \u201choy se control\u00f3 la detenci\u00f3n de un imputado por el delito de robo con intimidaci\u00f3n ocurrido en una tienda comercial del centro de nuestra capital regional\u201d. El imputado, a\u00f1adi\u00f3 Tamara Acevedo, tambi\u00e9n fue formalizado \u201cpor el delito de amenazas en contra de personal de Carabineros\u201d.<\/p>\n<p class=\"v1MsoNormal\" style=\"text-align: justify;\">REINCIDENTE<\/p>\n<p class=\"v1MsoNormal\" style=\"text-align: justify;\">En este caso, a\u00f1adi\u00f3 la abogada, \u201cel Ministerio P\u00fablico solicit\u00f3 se decretar\u00e1 la prisi\u00f3n preventiva respecto del imputado en atenci\u00f3n al delito, ya que este tambi\u00e9n manten\u00eda una condena anterior por hechos del mismo tipo, la cual cumpli\u00f3 de manera efectiva en otra ciudad del pa\u00eds\u201d.<\/p>\n<p class=\"v1MsoNormal\" style=\"text-align: justify;\">Tambi\u00e9n fue considerado, precis\u00f3 la profesional que \u201ceste individuo fue identificado por parte de la v\u00edctima a ra\u00edz de publicaciones en diversas redes sociales que daban cuenta de la circulaci\u00f3n de este imputado a trav\u00e9s de la ciudad de Coyhaique con un modus operandi de similares caracter\u00edsticas\u201d.<\/p>\n<p class=\"v1MsoNormal\" style=\"text-align: justify;\">En este caso de robo con intimidaci\u00f3n, \u201cel tribunal accedi\u00f3 a la solicitud del Ministerio P\u00fablico, dejando en prisi\u00f3n preventiva al imputado por el plazo de la investigaci\u00f3n, que es de 60 d\u00edas\u201d, finaliz\u00f3 Tamara Acevedo.<\/p>\n<\/div><\/section><\/div><div  style='height:50px' class='hr hr-invisible   avia-builder-el-6  el_after_av_one_full  el_before_av_social_share '><span class='hr-inner ' ><span class='hr-inner-style'><\/span><\/span><\/div><\/p>\n<div  class='av-social-sharing-box  avia-builder-el-7  el_after_av_hr  el_before_av_hr  '><div class='av-share-box'><h5 class='av-share-link-description av-no-toc '>Compartir esta noticia<\/h5><ul class='av-share-box-list noLightbox'><li class='av-share-link av-social-link-facebook' ><a target=\"_blank\" aria-label=\"Compartir en Facebook\" href='https:\/\/www.facebook.com\/sharer.php?u=https:\/\/radiorevelacionfm.cl\/?p=57115&#038;t=Robo%20con%20intimidaci%C3%B3n%20en%20Coyhaique%3A%20Fiscal%C3%ADa%20solicit%C3%B3%20la%20prisi%C3%B3n%20preventiva%20del%20imputado' aria-hidden='false' data-av_icon='\ue8f3' data-av_iconfont='entypo-fontello' title='' data-avia-related-tooltip='Compartir en Facebook' rel=\"noopener\"><span class='avia_hidden_link_text'>Compartir en Facebook<\/span><\/a><\/li><li class='av-share-link av-social-link-twitter' ><a target=\"_blank\" aria-label=\"Compartir en Twitter\" href='https:\/\/twitter.com\/share?text=Robo%20con%20intimidaci%C3%B3n%20en%20Coyhaique%3A%20Fiscal%C3%ADa%20solicit%C3%B3%20la%20prisi%C3%B3n%20preventiva%20del%20imputado&#038;url=https:\/\/radiorevelacionfm.cl\/?p=57115' aria-hidden='false' data-av_icon='\ue8f1' data-av_iconfont='entypo-fontello' title='' data-avia-related-tooltip='Compartir en Twitter' rel=\"noopener\"><span class='avia_hidden_link_text'>Compartir en Twitter<\/span><\/a><\/li><li class='av-share-link av-social-link-whatsapp' ><a target=\"_blank\" aria-label=\"Compartir en Whatsapp\" href='https:\/\/api.whatsapp.com\/send?text=https:\/\/radiorevelacionfm.cl\/?p=57115' aria-hidden='false' data-av_icon='\uf232' data-av_iconfont='entypo-fontello' title='' data-avia-related-tooltip='Compartir en Whatsapp' rel=\"noopener\"><span class='avia_hidden_link_text'>Compartir en Whatsapp<\/span><\/a><\/li><li class='av-share-link av-social-link-linkedin' ><a target=\"_blank\" aria-label=\"Compartir en LinkedIn\" href='https:\/\/linkedin.com\/shareArticle?mini=true&#038;title=Robo%20con%20intimidaci%C3%B3n%20en%20Coyhaique%3A%20Fiscal%C3%ADa%20solicit%C3%B3%20la%20prisi%C3%B3n%20preventiva%20del%20imputado&#038;url=https:\/\/radiorevelacionfm.cl\/?p=57115' aria-hidden='false' data-av_icon='\ue8fc' data-av_iconfont='entypo-fontello' title='' data-avia-related-tooltip='Compartir en LinkedIn' rel=\"noopener\"><span class='avia_hidden_link_text'>Compartir en LinkedIn<\/span><\/a><\/li><li class='av-share-link av-social-link-mail' ><a  aria-label=\"Compartir por correo\" href='mailto:?subject=Robo%20con%20intimidaci%C3%B3n%20en%20Coyhaique%3A%20Fiscal%C3%ADa%20solicit%C3%B3%20la%20prisi%C3%B3n%20preventiva%20del%20imputado&#038;body=https:\/\/radiorevelacionfm.cl\/?p=57115' aria-hidden='false' data-av_icon='\ue805' data-av_iconfont='entypo-fontello' title='' data-avia-related-tooltip='Compartir por correo'><span class='avia_hidden_link_text'>Compartir por correo<\/span><\/a><\/li><\/ul><\/div><\/div>\n<div  style='height:50px' class='hr hr-invisible   avia-builder-el-8  el_after_av_social_share  el_before_av_comments_list '><span class='hr-inner ' ><span class='hr-inner-style'><\/span><\/span><\/div>\n<div  class='av-buildercomment  av-blog-meta-html-info-disabled av-blog-meta-tag-disabled  '><\/div>\n","protected":false},"excerpt":{"rendered":"","protected":false},"author":1,"featured_media":38612,"comment_status":"closed","ping_status":"closed","sticky":false,"template":"","format":"standard","meta":{"footnotes":""},"categories":[55],"tags":[],"class_list":["post-57115","post","type-post","status-publish","format-standard","has-post-thumbnail","hentry","category-justicia"],"jetpack_featured_media_url":"https:\/\/radiorevelacionfm.cl\/wp-content\/uploads\/2024\/01\/fiscalia_7-1_optimized.jpeg","_links":{"self":[{"href":"https:\/\/radiorevelacionfm.cl\/index.php?rest_route=\/wp\/v2\/posts\/57115","targetHints":{"allow":["GET"]}}],"collection":[{"href":"https:\/\/radiorevelacionfm.cl\/index.php?rest_route=\/wp\/v2\/posts"}],"about":[{"href":"https:\/\/radiorevelacionfm.cl\/index.php?rest_route=\/wp\/v2\/types\/post"}],"author":[{"embeddable":true,"href":"https:\/\/radiorevelacionfm.cl\/index.php?rest_route=\/wp\/v2\/users\/1"}],"replies":[{"embeddable":true,"href":"https:\/\/radiorevelacionfm.cl\/index.php?rest_route=%2Fwp%2Fv2%2Fcomments&post=57115"}],"version-history":[{"count":2,"href":"https:\/\/radiorevelacionfm.cl\/index.php?rest_route=\/wp\/v2\/posts\/57115\/revisions"}],"predecessor-version":[{"id":57118,"href":"https:\/\/radiorevelacionfm.cl\/index.php?rest_route=\/wp\/v2\/posts\/57115\/revisions\/57118"}],"wp:featuredmedia":[{"embeddable":true,"href":"https:\/\/radiorevelacionfm.cl\/index.php?rest_route=\/wp\/v2\/media\/38612"}],"wp:attachment":[{"href":"https:\/\/radiorevelacionfm.cl\/index.php?rest_route=%2Fwp%2Fv2%2Fmedia&parent=57115"}],"wp:term":[{"taxonomy":"category","embeddable":true,"href":"https:\/\/radiorevelacionfm.cl\/index.php?rest_route=%2Fwp%2Fv2%2Fcategories&post=57115"},{"taxonomy":"post_tag","embeddable":true,"href":"https:\/\/radiorevelacionfm.cl\/index.php?rest_route=%2Fwp%2Fv2%2Ftags&post=57115"}],"curies":[{"name":"wp","href":"https:\/\/api.w.org\/{rel}","templated":true}]}}