{"id":57112,"date":"2025-08-01T16:11:42","date_gmt":"2025-08-01T19:11:42","guid":{"rendered":"https:\/\/radiorevelacionfm.cl\/?p=57112"},"modified":"2025-08-01T16:11:42","modified_gmt":"2025-08-01T19:11:42","slug":"continua-al-alza-la-creacion-de-empleo-con-un-aumento-de-39-respecto-al-ano-pasado","status":"publish","type":"post","link":"https:\/\/radiorevelacionfm.cl\/?p=57112","title":{"rendered":"Contin\u00faa al alza la creaci\u00f3n de empleo con un aumento de 3,9% respecto al a\u00f1o pasado"},"content":{"rendered":"<div class=\"flex_column av_one_full  flex_column_div av-zero-column-padding first  avia-builder-el-0  el_before_av_one_full  avia-builder-el-first  \" style='border-radius:0px; '><div  class='avia-image-container  av-styling-    avia-builder-el-1  avia-builder-el-no-sibling  avia-align-center '  itemprop=\"image\" itemscope=\"itemscope\" itemtype=\"https:\/\/schema.org\/ImageObject\"  ><div class='avia-image-container-inner'><div class='avia-image-overlay-wrap'><img decoding=\"async\" class='wp-image-57113 avia-img-lazy-loading-not-57113 avia_image' src=\"https:\/\/radiorevelacionfm.cl\/wp-content\/uploads\/2025\/07\/TRABAJADORES-1.jpeg\" alt='' title='TRABAJADORES (1)' height=\"600\" width=\"823\"  itemprop=\"thumbnailUrl\" srcset=\"https:\/\/radiorevelacionfm.cl\/wp-content\/uploads\/2025\/07\/TRABAJADORES-1.jpeg 823w, https:\/\/radiorevelacionfm.cl\/wp-content\/uploads\/2025\/07\/TRABAJADORES-1-300x219.jpeg 300w, https:\/\/radiorevelacionfm.cl\/wp-content\/uploads\/2025\/07\/TRABAJADORES-1-768x560.jpeg 768w, https:\/\/radiorevelacionfm.cl\/wp-content\/uploads\/2025\/07\/TRABAJADORES-1-705x514.jpeg 705w, https:\/\/radiorevelacionfm.cl\/wp-content\/uploads\/2025\/07\/TRABAJADORES-1-450x328.jpeg 450w, https:\/\/radiorevelacionfm.cl\/wp-content\/uploads\/2025\/07\/TRABAJADORES-1-600x437.jpeg 600w\" sizes=\"(max-width: 823px) 100vw, 823px\" \/><\/div><\/div><\/div><\/div><div class=\"flex_column av_one_full  flex_column_div av-zero-column-padding first  avia-builder-el-2  el_after_av_one_full  el_before_av_one_full  column-top-margin\" style='border-radius:0px; '><section class=\"av_textblock_section \"  itemscope=\"itemscope\" itemtype=\"https:\/\/schema.org\/BlogPosting\" itemprop=\"blogPost\" ><div class='avia_textblock  '   itemprop=\"text\" ><p style=\"text-align: center;\"><strong><span style=\"font-size: 18pt;\">Contin\u00faa al alza la creaci\u00f3n de empleo con un aumento de 3,9% respecto al a\u00f1o pasado<\/span><\/strong><\/p>\n<div id=\"gtx-trans\" style=\"position: absolute; left: -50px; top: 4.31534px;\">\n<div class=\"gtx-trans-icon\"><\/div>\n<\/div>\n<\/div><\/section><\/div><div class=\"flex_column av_one_full  flex_column_div av-zero-column-padding first  avia-builder-el-4  el_after_av_one_full  el_before_av_hr  column-top-margin\" style='border-radius:0px; '><section class=\"av_textblock_section \"  itemscope=\"itemscope\" itemtype=\"https:\/\/schema.org\/BlogPosting\" itemprop=\"blogPost\" ><div class='avia_textblock  '   itemprop=\"text\" ><p style=\"text-align: justify;\">En 3,9% se ubic\u00f3 la tasa de desocupaci\u00f3n en la Regi\u00f3n de Ays\u00e9n durante el trimestre abril &#8211; junio 2025 de acuerdo con la informaci\u00f3n entregada por el Instituto Nacional de Estad\u00edsticas. La cifra signific\u00f3 un descenso de 1,1 pp. en doce meses, debido a que el alza presentada por las personas ocupadas (3.9%).<\/p>\n<p style=\"text-align: justify;\">Por sexo, en las mujeres, la tasa de desocupaci\u00f3n se situ\u00f3 en 5,7%, con un incremento de 1,5 pp. en doce meses; mientras que, en los hombres, la tasa de desocupaci\u00f3n fue 2,3%, con una disminuci\u00f3n de 3,3 pp. en el mismo per\u00edodo, aunque en mujeres la tasa de desocupaci\u00f3n fue de 5,7%, aumentando 1,5 p.p..\u00a0 Adem\u00e1s, las tasas de participaci\u00f3n y de ocupaci\u00f3n se situaron en 71,2% y 68,5%, creciendo 1,3 pp. y 2,1 pp., respectivamente.<\/p>\n<p style=\"text-align: justify;\">El crecimiento en el n\u00famero de personas ocupadas, se origina principalmente en personas asalariadas formales (6,2%) y trabajadoras por cuenta propia (7,4%). Mientras que por sector econ\u00f3mico, el crecimiento en el empleo se origin\u00f3 en construcci\u00f3n (40,9%), seguido de agricultura y pesca (16,6%) y comercio (10,1%)<\/p>\n<p style=\"text-align: justify;\">A su vez, la tasa de ocupaci\u00f3n informal alcanz\u00f3 29,3% disminuyendo 1,6 puntos porcentuales en doce meses. Por sexo, la ocupaci\u00f3n informal disminuy\u00f3 en hombres (-7,6%) y aumento en mujeres (7,1%).<\/p>\n<p style=\"text-align: justify;\">El Delegado Presidencial Regional, Jorge D\u00edaz Guzm\u00e1n relev\u00f3 la gravitancia de estas cifras, las que impactan positivamente en el territorio; <em>\u201cSon buenas noticias desde el punto de vista econ\u00f3mico para nuestra regi\u00f3n. Tenemos el guarismo m\u00e1s bajo del pa\u00eds con respecto al desempleo. Eso quiere decir que nuestra econom\u00eda regional est\u00e1 funcionando bien, hemos bajado al 3,9% el desempleo regional con un fuerte incremento en la construcci\u00f3n a prop\u00f3sito de la inversi\u00f3n del sector p\u00fablico, con todos los proyectos de infraestructura plenamente desplegados, con m\u00e1s al 50% de la ejecuci\u00f3n presupuestaria sectorial y por otra parte tambi\u00e9n est\u00e1 funcionando el mercado financiero, con una baja como dio a conocer el Banco Central, lo que augura mejores perspectivas econ\u00f3micas para el resto del del a\u00f1o. Seguiremos trabajando en el \u00e1mbito pesquero y agr\u00edcola, como as\u00ed tambi\u00e9n trabajando con el mundo de la construcci\u00f3n y activando el comercio, que es tambi\u00e9n un motor de desarrollo para la regi\u00f3n\u201d.<\/em><\/p>\n<p style=\"text-align: justify;\">Por su parte, el Seremi de Econom\u00eda, Fomento y Turismo Felipe Rojas, puso sobre relieve la importancia de esta reactivaci\u00f3n econ\u00f3mica; <em>\u201cEs una excelente noticia, debido a que desde Octubre de 2024, hasta la fecha y a la luz de estos resultados, podemos evidenciar aumento de empleo en nuestro territorio. Esto significa que las inversiones p\u00fablicas y las actividades del sector privado de manera consistente han permitido el crecimiento econ\u00f3mico en la regi\u00f3n, y que impacta positivamente en mejorar la calidad de vida a trav\u00e9s de crecimiento en el empleo. Como Gobierno seguimos trabajando por mejorar las condiciones de vida de nuestra regi\u00f3n\u201d<\/em><\/p>\n<p style=\"text-align: justify;\">A su vez, la tasa de ocupaci\u00f3n informal disminuy\u00f3, a lo cual se refiri\u00f3 el Seremi(s) del Trabajo y Previsi\u00f3n Social, Christian Aros, <em>\u201cAdem\u00e1s de las cifras positivas de disminuci\u00f3n del desempleo regional en un 1,1% a igual trimestre del a\u00f1o 2024, llegando a un 3,9%, queremos destacar la creaci\u00f3n de empleo formal y, por consiguiente, trabajo decente y adem\u00e1s la aparejada seguridad social. En este sentido, la tasa de ocupaci\u00f3n informal en nuestra regi\u00f3n alcanz\u00f3 29,3%, disminuyendo 1,6 puntos porcentuales en doce meses, y si lo desagregamos por sexo, hay brechas a\u00fan en el empleo femenino, por supuesto que nos preocupan, pero la ocupaci\u00f3n informal disminuy\u00f3 en el caso de los hombres en un -7,6% lo cual se podr\u00eda explicar en la incidencia positiva de la reactivaci\u00f3n en el sector construcci\u00f3n, el cual hist\u00f3ricamente ha sido un sector masculinizado. Si llevamos este tema en cifras, las personas asalariadas formales en nuestra Regi\u00f3n de Ays\u00e9n son m\u00e1s de 11.900 en el sector p\u00fablico y m\u00e1s de 21.000 en el sector privado\u201d.<\/em><\/p>\n<\/div><\/section><\/div><div  style='height:50px' class='hr hr-invisible   avia-builder-el-6  el_after_av_one_full  el_before_av_social_share '><span class='hr-inner ' ><span class='hr-inner-style'><\/span><\/span><\/div><\/p>\n<div  class='av-social-sharing-box  avia-builder-el-7  el_after_av_hr  el_before_av_hr  '><div class='av-share-box'><h5 class='av-share-link-description av-no-toc '>Compartir esta noticia<\/h5><ul class='av-share-box-list noLightbox'><li class='av-share-link av-social-link-facebook' ><a target=\"_blank\" aria-label=\"Compartir en Facebook\" href='https:\/\/www.facebook.com\/sharer.php?u=https:\/\/radiorevelacionfm.cl\/?p=57112&#038;t=Contin%C3%BAa%20al%20alza%20la%20creaci%C3%B3n%20de%20empleo%20con%20un%20aumento%20de%203%2C9%25%20respecto%20al%20a%C3%B1o%20pasado' aria-hidden='false' data-av_icon='\ue8f3' data-av_iconfont='entypo-fontello' title='' data-avia-related-tooltip='Compartir en Facebook' rel=\"noopener\"><span class='avia_hidden_link_text'>Compartir en Facebook<\/span><\/a><\/li><li class='av-share-link av-social-link-twitter' ><a target=\"_blank\" aria-label=\"Compartir en Twitter\" href='https:\/\/twitter.com\/share?text=Contin%C3%BAa%20al%20alza%20la%20creaci%C3%B3n%20de%20empleo%20con%20un%20aumento%20de%203%2C9%25%20respecto%20al%20a%C3%B1o%20pasado&#038;url=https:\/\/radiorevelacionfm.cl\/?p=57112' aria-hidden='false' data-av_icon='\ue8f1' data-av_iconfont='entypo-fontello' title='' data-avia-related-tooltip='Compartir en Twitter' rel=\"noopener\"><span class='avia_hidden_link_text'>Compartir en Twitter<\/span><\/a><\/li><li class='av-share-link av-social-link-whatsapp' ><a target=\"_blank\" aria-label=\"Compartir en Whatsapp\" href='https:\/\/api.whatsapp.com\/send?text=https:\/\/radiorevelacionfm.cl\/?p=57112' aria-hidden='false' data-av_icon='\uf232' data-av_iconfont='entypo-fontello' title='' data-avia-related-tooltip='Compartir en Whatsapp' rel=\"noopener\"><span class='avia_hidden_link_text'>Compartir en Whatsapp<\/span><\/a><\/li><li class='av-share-link av-social-link-linkedin' ><a target=\"_blank\" aria-label=\"Compartir en LinkedIn\" href='https:\/\/linkedin.com\/shareArticle?mini=true&#038;title=Contin%C3%BAa%20al%20alza%20la%20creaci%C3%B3n%20de%20empleo%20con%20un%20aumento%20de%203%2C9%25%20respecto%20al%20a%C3%B1o%20pasado&#038;url=https:\/\/radiorevelacionfm.cl\/?p=57112' aria-hidden='false' data-av_icon='\ue8fc' data-av_iconfont='entypo-fontello' title='' data-avia-related-tooltip='Compartir en LinkedIn' rel=\"noopener\"><span class='avia_hidden_link_text'>Compartir en LinkedIn<\/span><\/a><\/li><li class='av-share-link av-social-link-mail' ><a  aria-label=\"Compartir por correo\" href='mailto:?subject=Contin%C3%BAa%20al%20alza%20la%20creaci%C3%B3n%20de%20empleo%20con%20un%20aumento%20de%203%2C9%25%20respecto%20al%20a%C3%B1o%20pasado&#038;body=https:\/\/radiorevelacionfm.cl\/?p=57112' aria-hidden='false' data-av_icon='\ue805' data-av_iconfont='entypo-fontello' title='' data-avia-related-tooltip='Compartir por correo'><span class='avia_hidden_link_text'>Compartir por correo<\/span><\/a><\/li><\/ul><\/div><\/div>\n<div  style='height:50px' class='hr hr-invisible   avia-builder-el-8  el_after_av_social_share  el_before_av_comments_list '><span class='hr-inner ' ><span class='hr-inner-style'><\/span><\/span><\/div>\n<div  class='av-buildercomment  av-blog-meta-html-info-disabled av-blog-meta-tag-disabled  '><\/div>\n","protected":false},"excerpt":{"rendered":"","protected":false},"author":1,"featured_media":57113,"comment_status":"closed","ping_status":"closed","sticky":false,"template":"","format":"standard","meta":{"footnotes":""},"categories":[37],"tags":[],"class_list":["post-57112","post","type-post","status-publish","format-standard","has-post-thumbnail","hentry","category-economia"],"jetpack_featured_media_url":"https:\/\/radiorevelacionfm.cl\/wp-content\/uploads\/2025\/07\/TRABAJADORES-1.jpeg","_links":{"self":[{"href":"https:\/\/radiorevelacionfm.cl\/index.php?rest_route=\/wp\/v2\/posts\/57112","targetHints":{"allow":["GET"]}}],"collection":[{"href":"https:\/\/radiorevelacionfm.cl\/index.php?rest_route=\/wp\/v2\/posts"}],"about":[{"href":"https:\/\/radiorevelacionfm.cl\/index.php?rest_route=\/wp\/v2\/types\/post"}],"author":[{"embeddable":true,"href":"https:\/\/radiorevelacionfm.cl\/index.php?rest_route=\/wp\/v2\/users\/1"}],"replies":[{"embeddable":true,"href":"https:\/\/radiorevelacionfm.cl\/index.php?rest_route=%2Fwp%2Fv2%2Fcomments&post=57112"}],"version-history":[{"count":2,"href":"https:\/\/radiorevelacionfm.cl\/index.php?rest_route=\/wp\/v2\/posts\/57112\/revisions"}],"predecessor-version":[{"id":57219,"href":"https:\/\/radiorevelacionfm.cl\/index.php?rest_route=\/wp\/v2\/posts\/57112\/revisions\/57219"}],"wp:featuredmedia":[{"embeddable":true,"href":"https:\/\/radiorevelacionfm.cl\/index.php?rest_route=\/wp\/v2\/media\/57113"}],"wp:attachment":[{"href":"https:\/\/radiorevelacionfm.cl\/index.php?rest_route=%2Fwp%2Fv2%2Fmedia&parent=57112"}],"wp:term":[{"taxonomy":"category","embeddable":true,"href":"https:\/\/radiorevelacionfm.cl\/index.php?rest_route=%2Fwp%2Fv2%2Fcategories&post=57112"},{"taxonomy":"post_tag","embeddable":true,"href":"https:\/\/radiorevelacionfm.cl\/index.php?rest_route=%2Fwp%2Fv2%2Ftags&post=57112"}],"curies":[{"name":"wp","href":"https:\/\/api.w.org\/{rel}","templated":true}]}}