{"id":57109,"date":"2025-07-30T21:05:03","date_gmt":"2025-07-31T00:05:03","guid":{"rendered":"https:\/\/radiorevelacionfm.cl\/?p=57109"},"modified":"2025-07-30T21:05:03","modified_gmt":"2025-07-31T00:05:03","slug":"puerto-tranquilo-es-la-nueva-localidad-seleccionada-para-ser-parte-del-programa-para-pequenas-localidades-del-minvu","status":"publish","type":"post","link":"https:\/\/radiorevelacionfm.cl\/?p=57109","title":{"rendered":"Puerto Tranquilo es la nueva localidad seleccionada para ser parte del Programa para Peque\u00f1as Localidades del Minvu"},"content":{"rendered":"<div class=\"flex_column av_one_full  flex_column_div av-zero-column-padding first  avia-builder-el-0  el_before_av_one_full  avia-builder-el-first  \" style='border-radius:0px; '><div  class='avia-image-container  av-styling-    avia-builder-el-1  avia-builder-el-no-sibling  avia-align-center '  itemprop=\"image\" itemscope=\"itemscope\" itemtype=\"https:\/\/schema.org\/ImageObject\"  ><div class='avia-image-container-inner'><div class='avia-image-overlay-wrap'><img decoding=\"async\" class='wp-image-57110 avia-img-lazy-loading-not-57110 avia_image' src=\"https:\/\/radiorevelacionfm.cl\/wp-content\/uploads\/2025\/07\/intergantes-de-la-mesa-regional-que-elegio-a-puerto-rio-tranquilo-para-ser-intervenida-a-traves-del-programa-para-pequenas-localidadel-del-minvu-1_optimized-1.jpg\" alt='' title='intergantes-de-la-mesa-regi\u00f3nal-que-elegi\u00f3-a-puerto-r\u00edo-tranquilo-para-ser-intervenida-a-trav\u00e9s-del-programa-para-peque\u00f1as-localidadel-del-minvu-(1)_optimized (1)' height=\"600\" width=\"962\"  itemprop=\"thumbnailUrl\" srcset=\"https:\/\/radiorevelacionfm.cl\/wp-content\/uploads\/2025\/07\/intergantes-de-la-mesa-regional-que-elegio-a-puerto-rio-tranquilo-para-ser-intervenida-a-traves-del-programa-para-pequenas-localidadel-del-minvu-1_optimized-1.jpg 962w, https:\/\/radiorevelacionfm.cl\/wp-content\/uploads\/2025\/07\/intergantes-de-la-mesa-regional-que-elegio-a-puerto-rio-tranquilo-para-ser-intervenida-a-traves-del-programa-para-pequenas-localidadel-del-minvu-1_optimized-1-300x187.jpg 300w, https:\/\/radiorevelacionfm.cl\/wp-content\/uploads\/2025\/07\/intergantes-de-la-mesa-regional-que-elegio-a-puerto-rio-tranquilo-para-ser-intervenida-a-traves-del-programa-para-pequenas-localidadel-del-minvu-1_optimized-1-768x479.jpg 768w, https:\/\/radiorevelacionfm.cl\/wp-content\/uploads\/2025\/07\/intergantes-de-la-mesa-regional-que-elegio-a-puerto-rio-tranquilo-para-ser-intervenida-a-traves-del-programa-para-pequenas-localidadel-del-minvu-1_optimized-1-705x440.jpg 705w, https:\/\/radiorevelacionfm.cl\/wp-content\/uploads\/2025\/07\/intergantes-de-la-mesa-regional-que-elegio-a-puerto-rio-tranquilo-para-ser-intervenida-a-traves-del-programa-para-pequenas-localidadel-del-minvu-1_optimized-1-450x281.jpg 450w, https:\/\/radiorevelacionfm.cl\/wp-content\/uploads\/2025\/07\/intergantes-de-la-mesa-regional-que-elegio-a-puerto-rio-tranquilo-para-ser-intervenida-a-traves-del-programa-para-pequenas-localidadel-del-minvu-1_optimized-1-600x374.jpg 600w\" sizes=\"(max-width: 962px) 100vw, 962px\" \/><\/div><\/div><\/div><\/div><div class=\"flex_column av_one_full  flex_column_div av-zero-column-padding first  avia-builder-el-2  el_after_av_one_full  el_before_av_one_full  column-top-margin\" style='border-radius:0px; '><section class=\"av_textblock_section \"  itemscope=\"itemscope\" itemtype=\"https:\/\/schema.org\/BlogPosting\" itemprop=\"blogPost\" ><div class='avia_textblock  '   itemprop=\"text\" ><p style=\"text-align: center;\"><strong><span style=\"font-size: 18pt;\">Puerto Tranquilo es la nueva localidad seleccionada para ser parte del Programa para Peque\u00f1as Localidades del Minvu<\/span><\/strong><\/p>\n<div id=\"gtx-trans\" style=\"position: absolute; left: -50px; top: 4.31534px;\">\n<div class=\"gtx-trans-icon\"><\/div>\n<\/div>\n<\/div><\/section><\/div><div class=\"flex_column av_one_full  flex_column_div av-zero-column-padding first  avia-builder-el-4  el_after_av_one_full  el_before_av_hr  column-top-margin\" style='border-radius:0px; '><section class=\"av_textblock_section \"  itemscope=\"itemscope\" itemtype=\"https:\/\/schema.org\/BlogPosting\" itemprop=\"blogPost\" ><div class='avia_textblock  '   itemprop=\"text\" ><p style=\"text-align: justify;\">En el marco del d\u00e9cimo aniversario del Programa para Peque\u00f1as Localidades (PPL), el Ministerio de Vivienda y Urbanismo (Minvu) anunci\u00f3 que <strong>Puerto R\u00edo Tranquilo<\/strong>, en la comuna de R\u00edo Ib\u00e1\u00f1ez, fue seleccionada como la nueva localidad de la regi\u00f3n de Ays\u00e9n para ser parte de esta iniciativa que busca fortalecer el desarrollo urbano y habitacional en territorios rezagados.<\/p>\n<p style=\"text-align: justify;\">La selecci\u00f3n 2025 se dio tras un proceso de postulaci\u00f3n a nivel nacional que otorg\u00f3 18 cupos, uno de ellos para la Regi\u00f3n de Ays\u00e9n. En el caso regional, fueron tres las localidades elegibles: Valle Simpson, Puerto Ra\u00fal Mar\u00edn Balmaceda y Puerto R\u00edo Tranquilo, siendo esta \u00faltima la elegida por la Mesa Regional \u00a0presidida por la Seremi de Vivienda e integrada por representantes de la Delegaci\u00f3n Presidencial Regional de Ays\u00e9n; el Gobierno Regional; las Secretar\u00edas Regionales Ministeriales de Desarrollo Social y Familia, de Obras P\u00fablicas, y de Econom\u00eda, Fomento y Turismo; adem\u00e1s del Jefe Regional de la Subsecretar\u00eda de Desarrollo Regional y Administrativo (Subdere) y el Director Regional (S) del Servicio de Vivienda y Urbanizaci\u00f3n (Serviu).<\/p>\n<p style=\"text-align: justify;\">Al anunciar los resultados de la elecci\u00f3n 2025, la Seremi de Vivienda, Paulina Ruz Delf\u00edn, expres\u00f3 su satisfacci\u00f3n de ver c\u00f3mo una vez m\u00e1s el Gobierno llega de forma concreta y con recursos muy necesarios a todas las comunas de nuestra regi\u00f3n. \u201cRealizamos la selecci\u00f3n para el Programa Peque\u00f1as Localidades en la regi\u00f3n de Ays\u00e9n, cuya localidad seleccionada fue Puerto R\u00edo Tranquilo. Esto es una noticia muy importante, una demanda muy sentida para la comunidad. Consideramos aspectos como la equidad territorial, la integraci\u00f3n social y el potencial de desarrollo productivo de la localidad\u201d, se\u00f1al\u00f3.<\/p>\n<p style=\"text-align: justify;\">El Programa para Peque\u00f1as Localidades considera una intervenci\u00f3n de hasta 48 meses, con una inversi\u00f3n de m\u00e1s de mil 300 millones de pesos que permiten desarrollar proyectos definidos por la propia comunidad, a trav\u00e9s de una Mesa de Actores Locales. Estos proyectos no s\u00f3lo buscan mejorar la infraestructura urbana, sino tambi\u00e9n potenciar las vocaciones productivas y el desarrollo social del territorio.<\/p>\n<p style=\"text-align: justify;\">La localidad de Puerto R\u00edo Tranquilo, ubicada en la ribera occidental del Lago General Carrera, es reconocida internacionalmente por atractivos naturales como las Capillas de M\u00e1rmol, el Glaciar Exploradores y la Laguna San Rafael, generando un r\u00e1pido crecimiento del turismo que ha tra\u00eddo nuevos desaf\u00edos para la comunidad, especialmente en materias de planificaci\u00f3n territorial, infraestructura y sostenibilidad.<\/p>\n<p style=\"text-align: justify;\">Otro de los actores participantes en la elecci\u00f3n fue el encargado de la Unidad Regional de la Subdere, Rodolfo Elgueta, quien valor\u00f3 el proceso de discusi\u00f3n regional que permiti\u00f3 decidir democr\u00e1ticamente la nueva localidad que formar\u00e1 parte de este exitoso programa del Minvu. \u201cLa conversaci\u00f3n fue muy enriquecedora, bien t\u00e9cnica, y permiti\u00f3 dar el vamos a un programa que responde a las proyecciones de nuestras localidades. Esperamos que sea de gran provecho, como lo ha sido en otras comunas de la regi\u00f3n\u201d, afirm\u00f3.<\/p>\n<p style=\"text-align: justify;\">Actualmente, el Programa para Peque\u00f1as Localidades se implementa en seis sectores de la regi\u00f3n: Villa O\u2019Higgins, Lago Verde-Villa Amengual-La Tapera, Melinka, Balmaceda, Caleta Tortel y Puerto Ingeniero Ib\u00e1\u00f1ez.<\/p>\n<p style=\"text-align: justify;\">Al finalizar el proceso de selecci\u00f3n, todas las autoridades de Gobierno integrantes de la mesa regional reunida para el efecto destacaron esta nueva selecci\u00f3n, donde la comunidad de Puerto R\u00edo Tranquilo recibir\u00e1 nuevos recursos y m\u00e1s apoyo para abordar el gran desaf\u00edo de construir de manera participativa un futuro con m\u00e1s equidad territorial, desarrollo local y calidad de vida para sus habitantes.<\/p>\n<\/div><\/section><\/div><div  style='height:50px' class='hr hr-invisible   avia-builder-el-6  el_after_av_one_full  el_before_av_social_share '><span class='hr-inner ' ><span class='hr-inner-style'><\/span><\/span><\/div><\/p>\n<div  class='av-social-sharing-box  avia-builder-el-7  el_after_av_hr  el_before_av_hr  '><div class='av-share-box'><h5 class='av-share-link-description av-no-toc '>Compartir esta noticia<\/h5><ul class='av-share-box-list noLightbox'><li class='av-share-link av-social-link-facebook' ><a target=\"_blank\" aria-label=\"Compartir en Facebook\" href='https:\/\/www.facebook.com\/sharer.php?u=https:\/\/radiorevelacionfm.cl\/?p=57109&#038;t=Puerto%20Tranquilo%20es%20la%20nueva%20localidad%20seleccionada%20para%20ser%20parte%20del%20Programa%20para%20Peque%C3%B1as%20Localidades%20del%20Minvu' aria-hidden='false' data-av_icon='\ue8f3' data-av_iconfont='entypo-fontello' title='' data-avia-related-tooltip='Compartir en Facebook' rel=\"noopener\"><span class='avia_hidden_link_text'>Compartir en Facebook<\/span><\/a><\/li><li class='av-share-link av-social-link-twitter' ><a target=\"_blank\" aria-label=\"Compartir en Twitter\" href='https:\/\/twitter.com\/share?text=Puerto%20Tranquilo%20es%20la%20nueva%20localidad%20seleccionada%20para%20ser%20parte%20del%20Programa%20para%20Peque%C3%B1as%20Localidades%20del%20Minvu&#038;url=https:\/\/radiorevelacionfm.cl\/?p=57109' aria-hidden='false' data-av_icon='\ue8f1' data-av_iconfont='entypo-fontello' title='' data-avia-related-tooltip='Compartir en Twitter' rel=\"noopener\"><span class='avia_hidden_link_text'>Compartir en Twitter<\/span><\/a><\/li><li class='av-share-link av-social-link-whatsapp' ><a target=\"_blank\" aria-label=\"Compartir en Whatsapp\" href='https:\/\/api.whatsapp.com\/send?text=https:\/\/radiorevelacionfm.cl\/?p=57109' aria-hidden='false' data-av_icon='\uf232' data-av_iconfont='entypo-fontello' title='' data-avia-related-tooltip='Compartir en Whatsapp' rel=\"noopener\"><span class='avia_hidden_link_text'>Compartir en Whatsapp<\/span><\/a><\/li><li class='av-share-link av-social-link-linkedin' ><a target=\"_blank\" aria-label=\"Compartir en LinkedIn\" href='https:\/\/linkedin.com\/shareArticle?mini=true&#038;title=Puerto%20Tranquilo%20es%20la%20nueva%20localidad%20seleccionada%20para%20ser%20parte%20del%20Programa%20para%20Peque%C3%B1as%20Localidades%20del%20Minvu&#038;url=https:\/\/radiorevelacionfm.cl\/?p=57109' aria-hidden='false' data-av_icon='\ue8fc' data-av_iconfont='entypo-fontello' title='' data-avia-related-tooltip='Compartir en LinkedIn' rel=\"noopener\"><span class='avia_hidden_link_text'>Compartir en LinkedIn<\/span><\/a><\/li><li class='av-share-link av-social-link-mail' ><a  aria-label=\"Compartir por correo\" href='mailto:?subject=Puerto%20Tranquilo%20es%20la%20nueva%20localidad%20seleccionada%20para%20ser%20parte%20del%20Programa%20para%20Peque%C3%B1as%20Localidades%20del%20Minvu&#038;body=https:\/\/radiorevelacionfm.cl\/?p=57109' aria-hidden='false' data-av_icon='\ue805' data-av_iconfont='entypo-fontello' title='' data-avia-related-tooltip='Compartir por correo'><span class='avia_hidden_link_text'>Compartir por correo<\/span><\/a><\/li><\/ul><\/div><\/div>\n<div  style='height:50px' class='hr hr-invisible   avia-builder-el-8  el_after_av_social_share  el_before_av_comments_list '><span class='hr-inner ' ><span class='hr-inner-style'><\/span><\/span><\/div>\n<div  class='av-buildercomment  av-blog-meta-html-info-disabled av-blog-meta-tag-disabled  '><\/div>\n","protected":false},"excerpt":{"rendered":"","protected":false},"author":1,"featured_media":57110,"comment_status":"closed","ping_status":"closed","sticky":false,"template":"","format":"standard","meta":{"footnotes":""},"categories":[57],"tags":[],"class_list":["post-57109","post","type-post","status-publish","format-standard","has-post-thumbnail","hentry","category-vivienda"],"jetpack_featured_media_url":"https:\/\/radiorevelacionfm.cl\/wp-content\/uploads\/2025\/07\/intergantes-de-la-mesa-regional-que-elegio-a-puerto-rio-tranquilo-para-ser-intervenida-a-traves-del-programa-para-pequenas-localidadel-del-minvu-1_optimized-1.jpg","_links":{"self":[{"href":"https:\/\/radiorevelacionfm.cl\/index.php?rest_route=\/wp\/v2\/posts\/57109","targetHints":{"allow":["GET"]}}],"collection":[{"href":"https:\/\/radiorevelacionfm.cl\/index.php?rest_route=\/wp\/v2\/posts"}],"about":[{"href":"https:\/\/radiorevelacionfm.cl\/index.php?rest_route=\/wp\/v2\/types\/post"}],"author":[{"embeddable":true,"href":"https:\/\/radiorevelacionfm.cl\/index.php?rest_route=\/wp\/v2\/users\/1"}],"replies":[{"embeddable":true,"href":"https:\/\/radiorevelacionfm.cl\/index.php?rest_route=%2Fwp%2Fv2%2Fcomments&post=57109"}],"version-history":[{"count":2,"href":"https:\/\/radiorevelacionfm.cl\/index.php?rest_route=\/wp\/v2\/posts\/57109\/revisions"}],"predecessor-version":[{"id":57137,"href":"https:\/\/radiorevelacionfm.cl\/index.php?rest_route=\/wp\/v2\/posts\/57109\/revisions\/57137"}],"wp:featuredmedia":[{"embeddable":true,"href":"https:\/\/radiorevelacionfm.cl\/index.php?rest_route=\/wp\/v2\/media\/57110"}],"wp:attachment":[{"href":"https:\/\/radiorevelacionfm.cl\/index.php?rest_route=%2Fwp%2Fv2%2Fmedia&parent=57109"}],"wp:term":[{"taxonomy":"category","embeddable":true,"href":"https:\/\/radiorevelacionfm.cl\/index.php?rest_route=%2Fwp%2Fv2%2Fcategories&post=57109"},{"taxonomy":"post_tag","embeddable":true,"href":"https:\/\/radiorevelacionfm.cl\/index.php?rest_route=%2Fwp%2Fv2%2Ftags&post=57109"}],"curies":[{"name":"wp","href":"https:\/\/api.w.org\/{rel}","templated":true}]}}