{"id":57106,"date":"2025-07-30T18:19:05","date_gmt":"2025-07-30T21:19:05","guid":{"rendered":"https:\/\/radiorevelacionfm.cl\/?p=57106"},"modified":"2025-07-30T18:19:05","modified_gmt":"2025-07-30T21:19:05","slug":"con-gran-participacion-comunitaria-se-celebro-el-aniversario-del-parque-nacional-cerro-castillo","status":"publish","type":"post","link":"https:\/\/radiorevelacionfm.cl\/?p=57106","title":{"rendered":"Con gran participaci\u00f3n comunitaria se celebr\u00f3 el Aniversario del Parque Nacional Cerro Castillo"},"content":{"rendered":"<div class=\"flex_column av_one_full  flex_column_div av-zero-column-padding first  avia-builder-el-0  el_before_av_one_full  avia-builder-el-first  \" style='border-radius:0px; '><div  class='avia-image-container  av-styling-    avia-builder-el-1  avia-builder-el-no-sibling  avia-align-center '  itemprop=\"image\" itemscope=\"itemscope\" itemtype=\"https:\/\/schema.org\/ImageObject\"  ><div class='avia-image-container-inner'><div class='avia-image-overlay-wrap'><img decoding=\"async\" class='wp-image-57107 avia-img-lazy-loading-not-57107 avia_image' src=\"https:\/\/radiorevelacionfm.cl\/wp-content\/uploads\/2025\/07\/aniversario-pncc-2025-a-1-1_optimized-1.jpg\" alt='' title='aniversario-pncc-2025-a-(1)-(1)_optimized (1)' height=\"600\" width=\"1342\"  itemprop=\"thumbnailUrl\" srcset=\"https:\/\/radiorevelacionfm.cl\/wp-content\/uploads\/2025\/07\/aniversario-pncc-2025-a-1-1_optimized-1.jpg 1342w, https:\/\/radiorevelacionfm.cl\/wp-content\/uploads\/2025\/07\/aniversario-pncc-2025-a-1-1_optimized-1-300x134.jpg 300w, https:\/\/radiorevelacionfm.cl\/wp-content\/uploads\/2025\/07\/aniversario-pncc-2025-a-1-1_optimized-1-1030x461.jpg 1030w, https:\/\/radiorevelacionfm.cl\/wp-content\/uploads\/2025\/07\/aniversario-pncc-2025-a-1-1_optimized-1-768x343.jpg 768w, https:\/\/radiorevelacionfm.cl\/wp-content\/uploads\/2025\/07\/aniversario-pncc-2025-a-1-1_optimized-1-705x315.jpg 705w, https:\/\/radiorevelacionfm.cl\/wp-content\/uploads\/2025\/07\/aniversario-pncc-2025-a-1-1_optimized-1-450x201.jpg 450w, https:\/\/radiorevelacionfm.cl\/wp-content\/uploads\/2025\/07\/aniversario-pncc-2025-a-1-1_optimized-1-600x268.jpg 600w\" sizes=\"(max-width: 1342px) 100vw, 1342px\" \/><\/div><\/div><\/div><\/div><div class=\"flex_column av_one_full  flex_column_div av-zero-column-padding first  avia-builder-el-2  el_after_av_one_full  el_before_av_one_full  column-top-margin\" style='border-radius:0px; '><section class=\"av_textblock_section \"  itemscope=\"itemscope\" itemtype=\"https:\/\/schema.org\/BlogPosting\" itemprop=\"blogPost\" ><div class='avia_textblock  '   itemprop=\"text\" ><p style=\"text-align: center;\"><strong><span style=\"font-size: 18pt;\">Con gran participaci\u00f3n comunitaria se celebr\u00f3 el Aniversario del Parque Nacional Cerro Castillo<\/span><\/strong><\/p>\n<div id=\"gtx-trans\" style=\"position: absolute; left: -50px; top: 4.31534px;\">\n<div class=\"gtx-trans-icon\"><\/div>\n<\/div>\n<\/div><\/section><\/div><div class=\"flex_column av_one_full  flex_column_div av-zero-column-padding first  avia-builder-el-4  el_after_av_one_full  el_before_av_hr  column-top-margin\" style='border-radius:0px; '><section class=\"av_textblock_section \"  itemscope=\"itemscope\" itemtype=\"https:\/\/schema.org\/BlogPosting\" itemprop=\"blogPost\" ><div class='avia_textblock  '   itemprop=\"text\" ><p style=\"text-align: justify;\"><em>El pasado fin de semana, 26 y 27 de julio, cerca de 200 personas de Villa Cerro Castillo, Puerto Ib\u00e1\u00f1ez y otras localidades vecinas celebraron los 7 a\u00f1os de esta \u00e1rea protegida con una programaci\u00f3n diversa, familiar y participativa, tanto en el coraz\u00f3n del parque como en Puerto Ib\u00e1\u00f1ez.<\/em><\/p>\n<p style=\"text-align: justify;\">Con una gran asistencia de p\u00fablico, el s\u00e1bado en Puerto Ib\u00e1\u00f1ez se vivi\u00f3 una jornada llena de cultura, arte, educaci\u00f3n y celebraci\u00f3n comunitaria. El Gimnasio local fue el centro de la celebraci\u00f3n bajo el lema \u201cel parque va a la comunidad\u201d, con stands informativos de Rewilding Chile y CONAF, y la presencia de guardaparques y l\u00edderes de ciclos educativos, artesanas y artesanos locales. Los asistentes pudieron participar de talleres creativos de badana, greda, m\u00e1scaras de fauna y un lienzo colectivo, y los m\u00e1s peque\u00f1os se entretuvieron y aprendieron en el Taller Peque\u00f1os Guardaparques. Adem\u00e1s, se exhibi\u00f3 un diaporama fotogr\u00e1fico realizado por Nahel Figueroa, alumno del Liceo Bicentenario de Villa Cerro Castillo sobre su ascenso a un cerro emblem\u00e1tico del parque. La jornada termin\u00f3 con una muestra folcl\u00f3rica y una mateada comunitaria.<\/p>\n<p style=\"text-align: justify;\">El domingo, la celebraci\u00f3n se traslad\u00f3 al Portezuelo Ib\u00e1\u00f1ez bajo la consigna \u201cla comunidad va al parque\u201d, donde pese al fr\u00edo m\u00e1s de 80 personas provenientes de Ib\u00e1\u00f1ez, Castillo, Balmaceda, El Blanco y Coyhaique disfrutaron de un d\u00eda de naturaleza y vida silvestre.<\/p>\n<p style=\"text-align: justify;\">Diversas salidas tem\u00e1ticas guiadas por guardaparques y expertos ofrecieron experiencias \u00fanicas: una exploraci\u00f3n del bosque con lupa para descubrir su micromundo, una caminata tras las huellas del huemul, un recorrido centrado en la fauna del parque a cargo del equipo de Vida Silvestre de Rewilding Chile, y una salida fotogr\u00e1fica liderada por Francisco Esp\u00edldora, quien adem\u00e1s present\u00f3 una exposici\u00f3n al aire libre sobre el ecosistema del huemul.<\/p>\n<p style=\"text-align: justify;\">\u201cFue una celebraci\u00f3n profundamente significativa, organizada y vivida colectivamente junto a la comunidad, donde destacamos el valor del Parque Nacional como la categor\u00eda de protecci\u00f3n m\u00e1s alta en Chile, as\u00ed como del patrimonio natural y cultural del territorio. Con diversas actividades comunitarias, todo fue parte de un esfuerzo compartido que refleja el compromiso por resguardar estos ecosistemas \u00fanicos y fortalecer la conexi\u00f3n entre las personas y la naturaleza\u201d, se\u00f1al\u00f3 Carolina Cerda, directora de Vinculaci\u00f3n Comunitaria de Rewilding Chile.<\/p>\n<p style=\"text-align: justify;\">El evento fue posible gracias a la organizaci\u00f3n conjunta de CONAF, el Consejo Consultivo del Parque Nacional Cerro Castillo, Fundaci\u00f3n Rewilding Chile, Amigos de los Parques y el Club de Rugby Quelequ\u00e9n, con la colaboraci\u00f3n de las municipalidades de R\u00edo Ib\u00e1\u00f1ez y Coyhaique, la Corporaci\u00f3n de Turismo del Parque Nacional, Sernatur, el Club Andino Cerro Castillo, Monta\u00f1ita Outdoor, Senderos Patagonia, el Comit\u00e9 de Artesanas Chewachekena de Puerto Ib\u00e1\u00f1ez y otras agrupaciones locales.<\/p>\n<\/div><\/section><\/div><div  style='height:50px' class='hr hr-invisible   avia-builder-el-6  el_after_av_one_full  el_before_av_social_share '><span class='hr-inner ' ><span class='hr-inner-style'><\/span><\/span><\/div><\/p>\n<div  class='av-social-sharing-box  avia-builder-el-7  el_after_av_hr  el_before_av_hr  '><div class='av-share-box'><h5 class='av-share-link-description av-no-toc '>Compartir esta noticia<\/h5><ul class='av-share-box-list noLightbox'><li class='av-share-link av-social-link-facebook' ><a target=\"_blank\" aria-label=\"Compartir en Facebook\" href='https:\/\/www.facebook.com\/sharer.php?u=https:\/\/radiorevelacionfm.cl\/?p=57106&#038;t=Con%20gran%20participaci%C3%B3n%20comunitaria%20se%20celebr%C3%B3%20el%20Aniversario%20del%20Parque%20Nacional%20Cerro%20Castillo' aria-hidden='false' data-av_icon='\ue8f3' data-av_iconfont='entypo-fontello' title='' data-avia-related-tooltip='Compartir en Facebook' rel=\"noopener\"><span class='avia_hidden_link_text'>Compartir en Facebook<\/span><\/a><\/li><li class='av-share-link av-social-link-twitter' ><a target=\"_blank\" aria-label=\"Compartir en Twitter\" href='https:\/\/twitter.com\/share?text=Con%20gran%20participaci%C3%B3n%20comunitaria%20se%20celebr%C3%B3%20el%20Aniversario%20del%20Parque%20Nacional%20Cerro%20Castillo&#038;url=https:\/\/radiorevelacionfm.cl\/?p=57106' aria-hidden='false' data-av_icon='\ue8f1' data-av_iconfont='entypo-fontello' title='' data-avia-related-tooltip='Compartir en Twitter' rel=\"noopener\"><span class='avia_hidden_link_text'>Compartir en Twitter<\/span><\/a><\/li><li class='av-share-link av-social-link-whatsapp' ><a target=\"_blank\" aria-label=\"Compartir en Whatsapp\" href='https:\/\/api.whatsapp.com\/send?text=https:\/\/radiorevelacionfm.cl\/?p=57106' aria-hidden='false' data-av_icon='\uf232' data-av_iconfont='entypo-fontello' title='' data-avia-related-tooltip='Compartir en Whatsapp' rel=\"noopener\"><span class='avia_hidden_link_text'>Compartir en Whatsapp<\/span><\/a><\/li><li class='av-share-link av-social-link-linkedin' ><a target=\"_blank\" aria-label=\"Compartir en LinkedIn\" href='https:\/\/linkedin.com\/shareArticle?mini=true&#038;title=Con%20gran%20participaci%C3%B3n%20comunitaria%20se%20celebr%C3%B3%20el%20Aniversario%20del%20Parque%20Nacional%20Cerro%20Castillo&#038;url=https:\/\/radiorevelacionfm.cl\/?p=57106' aria-hidden='false' data-av_icon='\ue8fc' data-av_iconfont='entypo-fontello' title='' data-avia-related-tooltip='Compartir en LinkedIn' rel=\"noopener\"><span class='avia_hidden_link_text'>Compartir en LinkedIn<\/span><\/a><\/li><li class='av-share-link av-social-link-mail' ><a  aria-label=\"Compartir por correo\" href='mailto:?subject=Con%20gran%20participaci%C3%B3n%20comunitaria%20se%20celebr%C3%B3%20el%20Aniversario%20del%20Parque%20Nacional%20Cerro%20Castillo&#038;body=https:\/\/radiorevelacionfm.cl\/?p=57106' aria-hidden='false' data-av_icon='\ue805' data-av_iconfont='entypo-fontello' title='' data-avia-related-tooltip='Compartir por correo'><span class='avia_hidden_link_text'>Compartir por correo<\/span><\/a><\/li><\/ul><\/div><\/div>\n<div  style='height:50px' class='hr hr-invisible   avia-builder-el-8  el_after_av_social_share  el_before_av_comments_list '><span class='hr-inner ' ><span class='hr-inner-style'><\/span><\/span><\/div>\n<div  class='av-buildercomment  av-blog-meta-html-info-disabled av-blog-meta-tag-disabled  '><\/div>\n","protected":false},"excerpt":{"rendered":"","protected":false},"author":1,"featured_media":57107,"comment_status":"closed","ping_status":"closed","sticky":false,"template":"","format":"standard","meta":{"footnotes":""},"categories":[54],"tags":[],"class_list":["post-57106","post","type-post","status-publish","format-standard","has-post-thumbnail","hentry","category-turismo"],"jetpack_featured_media_url":"https:\/\/radiorevelacionfm.cl\/wp-content\/uploads\/2025\/07\/aniversario-pncc-2025-a-1-1_optimized-1.jpg","_links":{"self":[{"href":"https:\/\/radiorevelacionfm.cl\/index.php?rest_route=\/wp\/v2\/posts\/57106","targetHints":{"allow":["GET"]}}],"collection":[{"href":"https:\/\/radiorevelacionfm.cl\/index.php?rest_route=\/wp\/v2\/posts"}],"about":[{"href":"https:\/\/radiorevelacionfm.cl\/index.php?rest_route=\/wp\/v2\/types\/post"}],"author":[{"embeddable":true,"href":"https:\/\/radiorevelacionfm.cl\/index.php?rest_route=\/wp\/v2\/users\/1"}],"replies":[{"embeddable":true,"href":"https:\/\/radiorevelacionfm.cl\/index.php?rest_route=%2Fwp%2Fv2%2Fcomments&post=57106"}],"version-history":[{"count":2,"href":"https:\/\/radiorevelacionfm.cl\/index.php?rest_route=\/wp\/v2\/posts\/57106\/revisions"}],"predecessor-version":[{"id":57134,"href":"https:\/\/radiorevelacionfm.cl\/index.php?rest_route=\/wp\/v2\/posts\/57106\/revisions\/57134"}],"wp:featuredmedia":[{"embeddable":true,"href":"https:\/\/radiorevelacionfm.cl\/index.php?rest_route=\/wp\/v2\/media\/57107"}],"wp:attachment":[{"href":"https:\/\/radiorevelacionfm.cl\/index.php?rest_route=%2Fwp%2Fv2%2Fmedia&parent=57106"}],"wp:term":[{"taxonomy":"category","embeddable":true,"href":"https:\/\/radiorevelacionfm.cl\/index.php?rest_route=%2Fwp%2Fv2%2Fcategories&post=57106"},{"taxonomy":"post_tag","embeddable":true,"href":"https:\/\/radiorevelacionfm.cl\/index.php?rest_route=%2Fwp%2Fv2%2Ftags&post=57106"}],"curies":[{"name":"wp","href":"https:\/\/api.w.org\/{rel}","templated":true}]}}