{"id":57103,"date":"2025-07-30T20:20:13","date_gmt":"2025-07-30T23:20:13","guid":{"rendered":"https:\/\/radiorevelacionfm.cl\/?p=57103"},"modified":"2025-07-30T20:20:13","modified_gmt":"2025-07-30T23:20:13","slug":"gobierno-regional-de-aysen-sella-historico-convenio-de-inversion-con-salud","status":"publish","type":"post","link":"https:\/\/radiorevelacionfm.cl\/?p=57103","title":{"rendered":"Gobierno Regional de Ays\u00e9n sella hist\u00f3rico convenio de inversi\u00f3n con Salud"},"content":{"rendered":"<div class=\"flex_column av_one_full  flex_column_div av-zero-column-padding first  avia-builder-el-0  el_before_av_one_full  avia-builder-el-first  \" style='border-radius:0px; '><div  class='avia-image-container  av-styling-    avia-builder-el-1  avia-builder-el-no-sibling  avia-align-center '  itemprop=\"image\" itemscope=\"itemscope\" itemtype=\"https:\/\/schema.org\/ImageObject\"  ><div class='avia-image-container-inner'><div class='avia-image-overlay-wrap'><img decoding=\"async\" class='wp-image-57104 avia-img-lazy-loading-not-57104 avia_image' src=\"https:\/\/radiorevelacionfm.cl\/wp-content\/uploads\/2025\/07\/DSC02779-1-1.jpg\" alt='' title='DSC02779 (1) (1)' height=\"600\" width=\"898\"  itemprop=\"thumbnailUrl\" srcset=\"https:\/\/radiorevelacionfm.cl\/wp-content\/uploads\/2025\/07\/DSC02779-1-1.jpg 898w, https:\/\/radiorevelacionfm.cl\/wp-content\/uploads\/2025\/07\/DSC02779-1-1-300x200.jpg 300w, https:\/\/radiorevelacionfm.cl\/wp-content\/uploads\/2025\/07\/DSC02779-1-1-768x513.jpg 768w, https:\/\/radiorevelacionfm.cl\/wp-content\/uploads\/2025\/07\/DSC02779-1-1-705x471.jpg 705w, https:\/\/radiorevelacionfm.cl\/wp-content\/uploads\/2025\/07\/DSC02779-1-1-450x301.jpg 450w, https:\/\/radiorevelacionfm.cl\/wp-content\/uploads\/2025\/07\/DSC02779-1-1-600x401.jpg 600w\" sizes=\"(max-width: 898px) 100vw, 898px\" \/><\/div><\/div><\/div><\/div><div class=\"flex_column av_one_full  flex_column_div av-zero-column-padding first  avia-builder-el-2  el_after_av_one_full  el_before_av_one_full  column-top-margin\" style='border-radius:0px; '><section class=\"av_textblock_section \"  itemscope=\"itemscope\" itemtype=\"https:\/\/schema.org\/BlogPosting\" itemprop=\"blogPost\" ><div class='avia_textblock  '   itemprop=\"text\" ><p style=\"text-align: center;\"><strong><span style=\"font-size: 18pt;\">Gobierno Regional de Ays\u00e9n sella hist\u00f3rico convenio de inversi\u00f3n con Salud<\/span><\/strong><\/p>\n<div id=\"gtx-trans\" style=\"position: absolute; left: -50px; top: 4.31534px;\">\n<div class=\"gtx-trans-icon\"><\/div>\n<\/div>\n<\/div><\/section><\/div><div class=\"flex_column av_one_full  flex_column_div av-zero-column-padding first  avia-builder-el-4  el_after_av_one_full  el_before_av_hr  column-top-margin\" style='border-radius:0px; '><section class=\"av_textblock_section \"  itemscope=\"itemscope\" itemtype=\"https:\/\/schema.org\/BlogPosting\" itemprop=\"blogPost\" ><div class='avia_textblock  '   itemprop=\"text\" ><p style=\"text-align: justify;\"><em>En el marco de este convenio, que comprende m\u00e1s de 195 mil millones de pesos, se concretar\u00e1n proyectos estrat\u00e9gicos para la Regi\u00f3n de Ays\u00e9n durante los pr\u00f3ximos cinco a\u00f1os.<\/em><\/p>\n<p style=\"text-align: justify;\">En el marco de la sesi\u00f3n ordinaria del Consejo Regional, este mi\u00e9rcoles 30 de julio se aprob\u00f3 el convenio hist\u00f3rico de programaci\u00f3n entre el Gobierno Regional de Ays\u00e9n y el Ministerio de Salud.<\/p>\n<p style=\"text-align: justify;\">El convenio de programaci\u00f3n, que se ejecutar\u00e1 a cinco a\u00f1os, incluye iniciativas para modernizar y fortalecer la red asistencial de la Regi\u00f3n de Ays\u00e9n, con el objetivo de mejorar la calidad de la atenci\u00f3n primaria de salud y ampliar la cobertura en las distintas localidades, especialmente las que tienen mayores dificultades de conectividad.<\/p>\n<p style=\"text-align: justify;\">\u201cEste es un convenio hist\u00f3rico para la regi\u00f3n. M\u00e1s de 195 mil millones de pesos que contempla, no solo el mejoramiento de la infraestructura, no solo la adquisici\u00f3n de equipamiento, sino que tambi\u00e9n incorpora programas que van a satisfacer distintas necesidades y demandas que en materia de salud nos han planteado las distintas comunidades. Hemos estado en reuniones en Villa O&#8217;Higgins, hemos estado en el Hospital de Puerto Ays\u00e9n, hemos estado en la comuna de Lago Verde y, por supuesto, ac\u00e1 en la capital regional y en otras comunas, sosteniendo reuniones con distintos grupos que nos han manifestado las necesidades, las urgencias y gran parte de esos sue\u00f1os y anhelos est\u00e1n contemplados en este convenio de programaci\u00f3n\u201d<\/p>\n<p style=\"text-align: justify;\">El convenio estipula un aporte de 61 mil millones de pesos por parte del Gobierno Regional de Ays\u00e9n y un financiamiento sectorial de 134 mil millones de pesos. El director del Servicio de Salud de Ays\u00e9n, Juan Pablo Bravo, enfatiz\u00f3 que este convenio abarca diversos proyectos: \u201cEs el inicio, tambi\u00e9n, del trabajo que se viene realizando. Hay proyectos que se est\u00e1n ejecutando en este convenio, hay otros proyectos que se est\u00e1n por ejecutar. Son m\u00e1s de 59 proyectos.\u00a0 Es una transformaci\u00f3n completa de la red asistencial. As\u00ed que tengan la confianza de que \u00e9ste convenio se trabaj\u00f3 con un equipo t\u00e9cnico de parte del Servicio de Salud, y que se trabaj\u00f3 con toda la seriedad para dar el siguiente salto en la atenci\u00f3n de salud en cada una de las comunas de nuestra regi\u00f3n\u201d.<\/p>\n<p style=\"text-align: justify;\">Ximena Novoa, vicepresidenta de la Comisi\u00f3n de Desarrollo, Social, Cultural y Deportivo del Consejo Regional, celebr\u00f3 el hito destacando que se cubrir\u00e1n muchas de las demandas de los ayseninos: \u201cEs un d\u00eda hist\u00f3rico en salud para la regi\u00f3n, porque hay muchas necesidades. Quiero empezar por agradecer al gobernador regional su compromiso con la gente, con la salud. Si no hay salud no tenemos nada, y es una necesidad que se ve cuando est\u00e1s en terreno y est\u00e1n refiri\u00e9ndose de que no tenemos ambulancias, tenemos postas de mala calidad, miles de necesidades y hoy d\u00eda comienza una etapa nueva\u201d.<\/p>\n<\/div><\/section><\/div><div  style='height:50px' class='hr hr-invisible   avia-builder-el-6  el_after_av_one_full  el_before_av_social_share '><span class='hr-inner ' ><span class='hr-inner-style'><\/span><\/span><\/div><\/p>\n<div  class='av-social-sharing-box  avia-builder-el-7  el_after_av_hr  el_before_av_hr  '><div class='av-share-box'><h5 class='av-share-link-description av-no-toc '>Compartir esta noticia<\/h5><ul class='av-share-box-list noLightbox'><li class='av-share-link av-social-link-facebook' ><a target=\"_blank\" aria-label=\"Compartir en Facebook\" href='https:\/\/www.facebook.com\/sharer.php?u=https:\/\/radiorevelacionfm.cl\/?p=57103&#038;t=Gobierno%20Regional%20de%20Ays%C3%A9n%20sella%20hist%C3%B3rico%20convenio%20de%20inversi%C3%B3n%20con%20Salud' aria-hidden='false' data-av_icon='\ue8f3' data-av_iconfont='entypo-fontello' title='' data-avia-related-tooltip='Compartir en Facebook' rel=\"noopener\"><span class='avia_hidden_link_text'>Compartir en Facebook<\/span><\/a><\/li><li class='av-share-link av-social-link-twitter' ><a target=\"_blank\" aria-label=\"Compartir en Twitter\" href='https:\/\/twitter.com\/share?text=Gobierno%20Regional%20de%20Ays%C3%A9n%20sella%20hist%C3%B3rico%20convenio%20de%20inversi%C3%B3n%20con%20Salud&#038;url=https:\/\/radiorevelacionfm.cl\/?p=57103' aria-hidden='false' data-av_icon='\ue8f1' data-av_iconfont='entypo-fontello' title='' data-avia-related-tooltip='Compartir en Twitter' rel=\"noopener\"><span class='avia_hidden_link_text'>Compartir en Twitter<\/span><\/a><\/li><li class='av-share-link av-social-link-whatsapp' ><a target=\"_blank\" aria-label=\"Compartir en Whatsapp\" href='https:\/\/api.whatsapp.com\/send?text=https:\/\/radiorevelacionfm.cl\/?p=57103' aria-hidden='false' data-av_icon='\uf232' data-av_iconfont='entypo-fontello' title='' data-avia-related-tooltip='Compartir en Whatsapp' rel=\"noopener\"><span class='avia_hidden_link_text'>Compartir en Whatsapp<\/span><\/a><\/li><li class='av-share-link av-social-link-linkedin' ><a target=\"_blank\" aria-label=\"Compartir en LinkedIn\" href='https:\/\/linkedin.com\/shareArticle?mini=true&#038;title=Gobierno%20Regional%20de%20Ays%C3%A9n%20sella%20hist%C3%B3rico%20convenio%20de%20inversi%C3%B3n%20con%20Salud&#038;url=https:\/\/radiorevelacionfm.cl\/?p=57103' aria-hidden='false' data-av_icon='\ue8fc' data-av_iconfont='entypo-fontello' title='' data-avia-related-tooltip='Compartir en LinkedIn' rel=\"noopener\"><span class='avia_hidden_link_text'>Compartir en LinkedIn<\/span><\/a><\/li><li class='av-share-link av-social-link-mail' ><a  aria-label=\"Compartir por correo\" href='mailto:?subject=Gobierno%20Regional%20de%20Ays%C3%A9n%20sella%20hist%C3%B3rico%20convenio%20de%20inversi%C3%B3n%20con%20Salud&#038;body=https:\/\/radiorevelacionfm.cl\/?p=57103' aria-hidden='false' data-av_icon='\ue805' data-av_iconfont='entypo-fontello' title='' data-avia-related-tooltip='Compartir por correo'><span class='avia_hidden_link_text'>Compartir por correo<\/span><\/a><\/li><\/ul><\/div><\/div>\n<div  style='height:50px' class='hr hr-invisible   avia-builder-el-8  el_after_av_social_share  el_before_av_comments_list '><span class='hr-inner ' ><span class='hr-inner-style'><\/span><\/span><\/div>\n<div  class='av-buildercomment  av-blog-meta-html-info-disabled av-blog-meta-tag-disabled  '><\/div>\n","protected":false},"excerpt":{"rendered":"","protected":false},"author":1,"featured_media":57104,"comment_status":"closed","ping_status":"closed","sticky":false,"template":"","format":"standard","meta":{"footnotes":""},"categories":[38],"tags":[],"class_list":["post-57103","post","type-post","status-publish","format-standard","has-post-thumbnail","hentry","category-regional"],"jetpack_featured_media_url":"https:\/\/radiorevelacionfm.cl\/wp-content\/uploads\/2025\/07\/DSC02779-1-1.jpg","_links":{"self":[{"href":"https:\/\/radiorevelacionfm.cl\/index.php?rest_route=\/wp\/v2\/posts\/57103","targetHints":{"allow":["GET"]}}],"collection":[{"href":"https:\/\/radiorevelacionfm.cl\/index.php?rest_route=\/wp\/v2\/posts"}],"about":[{"href":"https:\/\/radiorevelacionfm.cl\/index.php?rest_route=\/wp\/v2\/types\/post"}],"author":[{"embeddable":true,"href":"https:\/\/radiorevelacionfm.cl\/index.php?rest_route=\/wp\/v2\/users\/1"}],"replies":[{"embeddable":true,"href":"https:\/\/radiorevelacionfm.cl\/index.php?rest_route=%2Fwp%2Fv2%2Fcomments&post=57103"}],"version-history":[{"count":2,"href":"https:\/\/radiorevelacionfm.cl\/index.php?rest_route=\/wp\/v2\/posts\/57103\/revisions"}],"predecessor-version":[{"id":57136,"href":"https:\/\/radiorevelacionfm.cl\/index.php?rest_route=\/wp\/v2\/posts\/57103\/revisions\/57136"}],"wp:featuredmedia":[{"embeddable":true,"href":"https:\/\/radiorevelacionfm.cl\/index.php?rest_route=\/wp\/v2\/media\/57104"}],"wp:attachment":[{"href":"https:\/\/radiorevelacionfm.cl\/index.php?rest_route=%2Fwp%2Fv2%2Fmedia&parent=57103"}],"wp:term":[{"taxonomy":"category","embeddable":true,"href":"https:\/\/radiorevelacionfm.cl\/index.php?rest_route=%2Fwp%2Fv2%2Fcategories&post=57103"},{"taxonomy":"post_tag","embeddable":true,"href":"https:\/\/radiorevelacionfm.cl\/index.php?rest_route=%2Fwp%2Fv2%2Ftags&post=57103"}],"curies":[{"name":"wp","href":"https:\/\/api.w.org\/{rel}","templated":true}]}}