{"id":57099,"date":"2025-07-30T16:00:32","date_gmt":"2025-07-30T19:00:32","guid":{"rendered":"https:\/\/radiorevelacionfm.cl\/?p=57099"},"modified":"2025-07-30T16:00:32","modified_gmt":"2025-07-30T19:00:32","slug":"autoridades-regionales-y-trabajadoras-difundieron-avances-en-la-implementacion-de-la-reforma-de-pensiones","status":"publish","type":"post","link":"https:\/\/radiorevelacionfm.cl\/?p=57099","title":{"rendered":"Autoridades regionales y trabajadoras difundieron avances en la implementaci\u00f3n de la Reforma de Pensiones"},"content":{"rendered":"<div class=\"flex_column av_one_full  flex_column_div av-zero-column-padding first  avia-builder-el-0  el_before_av_one_full  avia-builder-el-first  \" style='border-radius:0px; '><div  class='avia-image-container  av-styling-    avia-builder-el-1  avia-builder-el-no-sibling  avia-align-center '  itemprop=\"image\" itemscope=\"itemscope\" itemtype=\"https:\/\/schema.org\/ImageObject\"  ><div class='avia-image-container-inner'><div class='avia-image-overlay-wrap'><img decoding=\"async\" class='wp-image-57100 avia-img-lazy-loading-not-57100 avia_image' src=\"https:\/\/radiorevelacionfm.cl\/wp-content\/uploads\/2025\/07\/punto-prensa-reforma-pensiones-jul-2025-1_optimized-1.jpeg\" alt='' title='punto-prensa-reforma-pensiones-jul-2025-(1)_optimized (1)' height=\"600\" width=\"800\"  itemprop=\"thumbnailUrl\" srcset=\"https:\/\/radiorevelacionfm.cl\/wp-content\/uploads\/2025\/07\/punto-prensa-reforma-pensiones-jul-2025-1_optimized-1.jpeg 800w, https:\/\/radiorevelacionfm.cl\/wp-content\/uploads\/2025\/07\/punto-prensa-reforma-pensiones-jul-2025-1_optimized-1-300x225.jpeg 300w, https:\/\/radiorevelacionfm.cl\/wp-content\/uploads\/2025\/07\/punto-prensa-reforma-pensiones-jul-2025-1_optimized-1-768x576.jpeg 768w, https:\/\/radiorevelacionfm.cl\/wp-content\/uploads\/2025\/07\/punto-prensa-reforma-pensiones-jul-2025-1_optimized-1-705x529.jpeg 705w, https:\/\/radiorevelacionfm.cl\/wp-content\/uploads\/2025\/07\/punto-prensa-reforma-pensiones-jul-2025-1_optimized-1-450x338.jpeg 450w, https:\/\/radiorevelacionfm.cl\/wp-content\/uploads\/2025\/07\/punto-prensa-reforma-pensiones-jul-2025-1_optimized-1-600x450.jpeg 600w\" sizes=\"(max-width: 800px) 100vw, 800px\" \/><\/div><\/div><\/div><\/div><div class=\"flex_column av_one_full  flex_column_div av-zero-column-padding first  avia-builder-el-2  el_after_av_one_full  el_before_av_one_full  column-top-margin\" style='border-radius:0px; '><section class=\"av_textblock_section \"  itemscope=\"itemscope\" itemtype=\"https:\/\/schema.org\/BlogPosting\" itemprop=\"blogPost\" ><div class='avia_textblock  '   itemprop=\"text\" ><p style=\"text-align: center;\"><span style=\"font-size: 18pt;\"><b><span lang=\"ES-MX\">Autoridades regionales y trabajadoras difundieron avances en la implementaci\u00f3n de la Reforma de Pensiones<\/span><\/b><\/span><\/p>\n<div id=\"gtx-trans\" style=\"position: absolute; left: -50px; top: 4.31534px;\">\n<div class=\"gtx-trans-icon\"><\/div>\n<\/div>\n<\/div><\/section><\/div><div class=\"flex_column av_one_full  flex_column_div av-zero-column-padding first  avia-builder-el-4  el_after_av_one_full  el_before_av_hr  column-top-margin\" style='border-radius:0px; '><section class=\"av_textblock_section \"  itemscope=\"itemscope\" itemtype=\"https:\/\/schema.org\/BlogPosting\" itemprop=\"blogPost\" ><div class='avia_textblock  '   itemprop=\"text\" ><p class=\"v1MsoNormal\" style=\"text-align: justify;\"><i><span lang=\"ES-MX\">En punto de prensa y volanteo junto a la Asociaci\u00f3n de Trabajadoras de Casa Particular, ANECAP, se inform\u00f3 sobre el Seguro de Lagunas Previsionales, el inicio del incremento del 1% en las cotizaciones y el aumento de cobertura en la Pensi\u00f3n Garantizada Universal, PGU, para personas pensionadas por Leyes Reparatorias.<\/span><\/i><\/p>\n<p class=\"v1MsoNormal\" style=\"text-align: justify;\"><span lang=\"ES-MX\">Con un punto de prensa y volanteo, el seremi (s) del Trabajo y Previsi\u00f3n Social y Director regional de la Direcci\u00f3n del Trabajo, Christian Aros con los Seremis de Gobierno, \u00darsula Mix y de Justicia y Derechos Humanos, Samuel Navarro, junto al director regional del Instituto de Previsi\u00f3n Social, IPS ChileAtiende, Rodrigo D\u00edaz y la Asociaci\u00f3n de Trabajadoras de Casa Particular, ANECAP, se desplegaron con el prop\u00f3sito de dar a conocer los \u00faltimos avances en la implementaci\u00f3n de la Reforma de Pensiones.<\/span><\/p>\n<p class=\"v1MsoNormal\" style=\"text-align: justify;\"><span lang=\"ES-MX\">El primero en referirse al tema fue el seremi (S) del Trabajo y Previsi\u00f3n Social, Christian Aros, quien destac\u00f3 los avances y el nuevo aporte de cargo de los empleadores que comenzar\u00e1 a regir a partir de las remuneraciones de agosto de este a\u00f1o, que reinstaura este aporte luego de 41 a\u00f1os,\u00a0<\/span>\u00abNos encontramos realizando este segundo hito dentro del proceso de la implementaci\u00f3n de la Reforma de Pensiones. El primero fue en mayo del 2025 por el seguro de lagunas previsionales y hoy d\u00eda tambi\u00e9n realizamos un volanteo en el centro de nuestra ciudad con todos los servicios p\u00fablicos involucrados en esta reforma. El 1 de agosto comienza la nueva obligaci\u00f3n del pago del 1% para los empleadores, que se tiene que hacer efectivo hasta el 13 de septiembre de este a\u00f1o\u00bb, afirm\u00f3.<\/p>\n<p class=\"v1MsoNormal\" style=\"text-align: justify;\"><span lang=\"ES-MX\">Por su parte, la Seremi de Gobierno, \u00darsula Mix, destac\u00f3 el trabajo conjunto en beneficio de la ciudadan\u00eda y explic\u00f3 el destino que tendr\u00e1n los fondos de esta cotizaci\u00f3n adicional. \u00abComo Gobierno del Presidente Gabriel Boric estamos trabajando arduamente para la implementaci\u00f3n de la Reforma de Pensiones. Durante el mes de agosto empieza la cotizaci\u00f3n de los empleadores, que es un 1% que deben pagar a trav\u00e9s de las cotizaciones, de ello, una parte se va al ahorro previsional y otra parte viene a financiar el aumento de las pensiones de nuestros jubilados y jubiladas. Esta mirada solidaria que es importante poder seguir estableciendo y estamos contentos como Gobierno de seguir avanzando\u00bb, expres\u00f3 \u00darsula Mix.<\/span><\/p>\n<p class=\"v1MsoNormal\" style=\"text-align: justify;\"><span lang=\"ES-MX\">En este contexto, las autoridades llamaron a informarse y participar de las diversas charlas, encuentros y webinar que se est\u00e1n llevando a cabo para que la ciudadan\u00eda conozca los detalles de la implementaci\u00f3n de estos nuevos hitos.<\/span><\/p>\n<p class=\"v1MsoNormal\" style=\"text-align: justify;\"><span lang=\"ES-MX\">En este sentido, el director regional del IPS ChileAtiende, Rodrigo D\u00edaz, hizo hincapi\u00e9 en la importante labor de la instituci\u00f3n y la presencia a nivel regional. \u00ab<\/span>Como Instituto de Previsi\u00f3n Social hemos hecho un despliegue con el Gobierno, con el Seremi del Trabajo por toda la regi\u00f3n, con empleadores del sector p\u00fablico y tambi\u00e9n con el sector privado, adem\u00e1s de C\u00e1maras de Comercio, C\u00e1mara de la Construcci\u00f3n, en Ays\u00e9n con CorpAys\u00e9n, con distintos sectores productivos, grandes, peque\u00f1os y tambi\u00e9n con ANECAP que nos acompa\u00f1a hoy, de tal manera que todos los empleadores est\u00e9n informados. Pr\u00f3ximamente tenemos un webinar con el Colegio de Contadores y la C\u00e1mara de Comercio Coyhaique, nos interesa que todos est\u00e9n informados, de tal manera que nadie diga que no sab\u00eda el pago de este 1%, que es el 13 de septiembre su pago final y esto es de manera digital, todo por Previred, as\u00ed que lo importante es que est\u00e9n todos informados y adem\u00e1s estamos buscando a los beneficiarios de leyes reparatorias que tambi\u00e9n tienen derecho a este beneficio a partir de septiembre\u00bb, <span lang=\"ES-MX\">se\u00f1al\u00f3.<\/span><\/p>\n<p class=\"v1MsoNormal\" style=\"text-align: justify;\"><span lang=\"ES-MX\">En la actividad, iniciada con un punto de prensa con medios regionales, particip\u00f3 tambi\u00e9n parte de la directiva de la Asociaci\u00f3n Nacional de Trabajadoras de Casa Particular &#8211; Anecap Coyhaique, representada por su presidenta saliente, Magdalena Hueitra y la recientemente electa presidenta, Gladys Legue, quienes destacaron la importancia de conocer la Reforma y estar al tanto de las modificaciones y c\u00f3mo les afecta y beneficia.<\/span><\/p>\n<p class=\"v1MsoNormal\" style=\"text-align: justify;\">\u00abEste momento ha sido un momento importante, un hito relevante para las trabajadoras de casa particular y trabajadores en general. Yo creo que \u00e9ste es un paso m\u00e1s que hemos dado en cuanto a reformas laborales. As\u00ed que instamos e invitamos a nuestros empleadores que puedan informarse de esta nueva reforma y a nuestras compa\u00f1eras trabajadoras de casa particular a que tambi\u00e9n se informen y se alleguen a la Asociaci\u00f3n de ANECAP filial Coyhaique para informarse de esta nueva reforma\u00bb,\u00a0<span lang=\"ES-MX\">concluy\u00f3 Magdalena Hueitra.<\/span><\/p>\n<p class=\"v1MsoNormal\" style=\"text-align: justify;\"><b><u><span lang=\"ES-MX\">Solicitud de PGU pensionados leyes reparatorias<\/span><\/u><\/b><\/p>\n<p class=\"v1MsoNormal\" style=\"text-align: justify;\"><span lang=\"ES-MX\">Respecto de las personas con pensiones de Leyes Reparatorias, en la actividad el seremi de Justicia y Derechos Humanos, Samuel Navarro, invit\u00f3 a acercarse a las oficinas IPS ChileAtiende de la regi\u00f3n,\u00a0<\/span>\u00abQueremos hacer la invitaci\u00f3n tambi\u00e9n a todos los beneficiarios de las leyes de reparaci\u00f3n Rettig, Valech y Exonerados Pol\u00edticos para que puedan acercarse a las oficinas de IPS Chile atiende para poder prontamente inscribirse para hacer este tr\u00e1mite que parte con la reforma. Esta reforma, que es gradual y que es producto del consenso impulsado por el Gobierno, tambi\u00e9n beneficia a aquellos que son receptores de las leyes reparatorias, son 63 ac\u00e1 en la regi\u00f3n que tienen m\u00e1s de 82 a\u00f1os y cumplen los requisitos generales de la Pensi\u00f3n Garantizada Universal, PGU, para ser desde septiembre beneficiarios de esta excelente reforma previsional\u00bb,\u00a0<span lang=\"ES-MX\">insisti\u00f3.<\/span><\/p>\n<p class=\"v1MsoNormal\" style=\"text-align: justify;\"><span lang=\"ES-MX\">Sobre los requisitos que deben cumplir los mayores de 82 a\u00f1os pensionados de leyes reparatorias para acceder a la Pensi\u00f3n Garantizada Universal, PGU, est\u00e1n tener\u00a0<\/span>Registro Social de Hogares (RSH); n<b>o integrar el 10 % m\u00e1s rico de la poblaci\u00f3n; tener una Pensi\u00f3n Base menor o igual a $1.210.828; acreditar residencia en Chile de a<\/b>l menos 20 a\u00f1os continuos o discontinuos desde los 20 a\u00f1os de edad, y 4 de los \u00faltimos 5 a\u00f1os antes de la solicitud.<\/p>\n<p class=\"v1MsoNormal\" style=\"text-align: justify;\">Para m\u00e1s informaci\u00f3n, el Seremi(s) del Trabajo y Previsi\u00f3n Social invit\u00f3 a visitar las p\u00e1ginas web\u00a0<a href=\"http:\/\/www.lareformadepensiones.cl\/\" target=\"_blank\" rel=\"noopener noreferrer\">www.lareformadepensiones.cl<\/a>\u00a0y\u00a0<a href=\"http:\/\/www.chileatiende.cl\/\" target=\"_blank\" rel=\"noopener noreferrer\">www.chileatiende.cl<\/a>.<\/p>\n<\/div><\/section><\/div><div  style='height:50px' class='hr hr-invisible   avia-builder-el-6  el_after_av_one_full  el_before_av_social_share '><span class='hr-inner ' ><span class='hr-inner-style'><\/span><\/span><\/div><\/p>\n<div  class='av-social-sharing-box  avia-builder-el-7  el_after_av_hr  el_before_av_hr  '><div class='av-share-box'><h5 class='av-share-link-description av-no-toc '>Compartir esta noticia<\/h5><ul class='av-share-box-list noLightbox'><li class='av-share-link av-social-link-facebook' ><a target=\"_blank\" aria-label=\"Compartir en Facebook\" href='https:\/\/www.facebook.com\/sharer.php?u=https:\/\/radiorevelacionfm.cl\/?p=57099&#038;t=Autoridades%20regionales%20y%20trabajadoras%20difundieron%20avances%20en%20la%20implementaci%C3%B3n%20de%20la%20Reforma%20de%20Pensiones' aria-hidden='false' data-av_icon='\ue8f3' data-av_iconfont='entypo-fontello' title='' data-avia-related-tooltip='Compartir en Facebook' rel=\"noopener\"><span class='avia_hidden_link_text'>Compartir en Facebook<\/span><\/a><\/li><li class='av-share-link av-social-link-twitter' ><a target=\"_blank\" aria-label=\"Compartir en Twitter\" href='https:\/\/twitter.com\/share?text=Autoridades%20regionales%20y%20trabajadoras%20difundieron%20avances%20en%20la%20implementaci%C3%B3n%20de%20la%20Reforma%20de%20Pensiones&#038;url=https:\/\/radiorevelacionfm.cl\/?p=57099' aria-hidden='false' data-av_icon='\ue8f1' data-av_iconfont='entypo-fontello' title='' data-avia-related-tooltip='Compartir en Twitter' rel=\"noopener\"><span class='avia_hidden_link_text'>Compartir en Twitter<\/span><\/a><\/li><li class='av-share-link av-social-link-whatsapp' ><a target=\"_blank\" aria-label=\"Compartir en Whatsapp\" href='https:\/\/api.whatsapp.com\/send?text=https:\/\/radiorevelacionfm.cl\/?p=57099' aria-hidden='false' data-av_icon='\uf232' data-av_iconfont='entypo-fontello' title='' data-avia-related-tooltip='Compartir en Whatsapp' rel=\"noopener\"><span class='avia_hidden_link_text'>Compartir en Whatsapp<\/span><\/a><\/li><li class='av-share-link av-social-link-linkedin' ><a target=\"_blank\" aria-label=\"Compartir en LinkedIn\" href='https:\/\/linkedin.com\/shareArticle?mini=true&#038;title=Autoridades%20regionales%20y%20trabajadoras%20difundieron%20avances%20en%20la%20implementaci%C3%B3n%20de%20la%20Reforma%20de%20Pensiones&#038;url=https:\/\/radiorevelacionfm.cl\/?p=57099' aria-hidden='false' data-av_icon='\ue8fc' data-av_iconfont='entypo-fontello' title='' data-avia-related-tooltip='Compartir en LinkedIn' rel=\"noopener\"><span class='avia_hidden_link_text'>Compartir en LinkedIn<\/span><\/a><\/li><li class='av-share-link av-social-link-mail' ><a  aria-label=\"Compartir por correo\" href='mailto:?subject=Autoridades%20regionales%20y%20trabajadoras%20difundieron%20avances%20en%20la%20implementaci%C3%B3n%20de%20la%20Reforma%20de%20Pensiones&#038;body=https:\/\/radiorevelacionfm.cl\/?p=57099' aria-hidden='false' data-av_icon='\ue805' data-av_iconfont='entypo-fontello' title='' data-avia-related-tooltip='Compartir por correo'><span class='avia_hidden_link_text'>Compartir por correo<\/span><\/a><\/li><\/ul><\/div><\/div>\n<div  style='height:50px' class='hr hr-invisible   avia-builder-el-8  el_after_av_social_share  el_before_av_comments_list '><span class='hr-inner ' ><span class='hr-inner-style'><\/span><\/span><\/div>\n<div  class='av-buildercomment  av-blog-meta-html-info-disabled av-blog-meta-tag-disabled  '><\/div>\n","protected":false},"excerpt":{"rendered":"","protected":false},"author":1,"featured_media":57100,"comment_status":"closed","ping_status":"closed","sticky":false,"template":"","format":"standard","meta":{"footnotes":""},"categories":[56],"tags":[],"class_list":["post-57099","post","type-post","status-publish","format-standard","has-post-thumbnail","hentry","category-trabajo"],"jetpack_featured_media_url":"https:\/\/radiorevelacionfm.cl\/wp-content\/uploads\/2025\/07\/punto-prensa-reforma-pensiones-jul-2025-1_optimized-1.jpeg","_links":{"self":[{"href":"https:\/\/radiorevelacionfm.cl\/index.php?rest_route=\/wp\/v2\/posts\/57099","targetHints":{"allow":["GET"]}}],"collection":[{"href":"https:\/\/radiorevelacionfm.cl\/index.php?rest_route=\/wp\/v2\/posts"}],"about":[{"href":"https:\/\/radiorevelacionfm.cl\/index.php?rest_route=\/wp\/v2\/types\/post"}],"author":[{"embeddable":true,"href":"https:\/\/radiorevelacionfm.cl\/index.php?rest_route=\/wp\/v2\/users\/1"}],"replies":[{"embeddable":true,"href":"https:\/\/radiorevelacionfm.cl\/index.php?rest_route=%2Fwp%2Fv2%2Fcomments&post=57099"}],"version-history":[{"count":2,"href":"https:\/\/radiorevelacionfm.cl\/index.php?rest_route=\/wp\/v2\/posts\/57099\/revisions"}],"predecessor-version":[{"id":57102,"href":"https:\/\/radiorevelacionfm.cl\/index.php?rest_route=\/wp\/v2\/posts\/57099\/revisions\/57102"}],"wp:featuredmedia":[{"embeddable":true,"href":"https:\/\/radiorevelacionfm.cl\/index.php?rest_route=\/wp\/v2\/media\/57100"}],"wp:attachment":[{"href":"https:\/\/radiorevelacionfm.cl\/index.php?rest_route=%2Fwp%2Fv2%2Fmedia&parent=57099"}],"wp:term":[{"taxonomy":"category","embeddable":true,"href":"https:\/\/radiorevelacionfm.cl\/index.php?rest_route=%2Fwp%2Fv2%2Fcategories&post=57099"},{"taxonomy":"post_tag","embeddable":true,"href":"https:\/\/radiorevelacionfm.cl\/index.php?rest_route=%2Fwp%2Fv2%2Ftags&post=57099"}],"curies":[{"name":"wp","href":"https:\/\/api.w.org\/{rel}","templated":true}]}}