{"id":57095,"date":"2025-07-30T15:23:31","date_gmt":"2025-07-30T18:23:31","guid":{"rendered":"https:\/\/radiorevelacionfm.cl\/?p=57095"},"modified":"2025-07-30T15:23:31","modified_gmt":"2025-07-30T18:23:31","slug":"en-rio-ibanez-firman-convenio-para-ejecucion-de-programa-inclusivo","status":"publish","type":"post","link":"https:\/\/radiorevelacionfm.cl\/?p=57095","title":{"rendered":"En R\u00edo Ib\u00e1\u00f1ez firman convenio para ejecuci\u00f3n de Programa Inclusivo"},"content":{"rendered":"<div class=\"flex_column av_one_full  flex_column_div av-zero-column-padding first  avia-builder-el-0  el_before_av_one_full  avia-builder-el-first  \" style='border-radius:0px; '><div  class='avia-image-container  av-styling-    avia-builder-el-1  avia-builder-el-no-sibling  avia-align-center '  itemprop=\"image\" itemscope=\"itemscope\" itemtype=\"https:\/\/schema.org\/ImageObject\"  ><div class='avia-image-container-inner'><div class='avia-image-overlay-wrap'><img decoding=\"async\" class='wp-image-57096 avia-img-lazy-loading-not-57096 avia_image' src=\"https:\/\/radiorevelacionfm.cl\/wp-content\/uploads\/2025\/07\/Prensa_03-1-1.jpg\" alt='' title='Prensa_03 (1) (1)' height=\"600\" width=\"900\"  itemprop=\"thumbnailUrl\" srcset=\"https:\/\/radiorevelacionfm.cl\/wp-content\/uploads\/2025\/07\/Prensa_03-1-1.jpg 900w, https:\/\/radiorevelacionfm.cl\/wp-content\/uploads\/2025\/07\/Prensa_03-1-1-300x200.jpg 300w, https:\/\/radiorevelacionfm.cl\/wp-content\/uploads\/2025\/07\/Prensa_03-1-1-768x512.jpg 768w, https:\/\/radiorevelacionfm.cl\/wp-content\/uploads\/2025\/07\/Prensa_03-1-1-705x470.jpg 705w, https:\/\/radiorevelacionfm.cl\/wp-content\/uploads\/2025\/07\/Prensa_03-1-1-450x300.jpg 450w, https:\/\/radiorevelacionfm.cl\/wp-content\/uploads\/2025\/07\/Prensa_03-1-1-600x400.jpg 600w\" sizes=\"(max-width: 900px) 100vw, 900px\" \/><\/div><\/div><\/div><\/div><div class=\"flex_column av_one_full  flex_column_div av-zero-column-padding first  avia-builder-el-2  el_after_av_one_full  el_before_av_one_full  column-top-margin\" style='border-radius:0px; '><section class=\"av_textblock_section \"  itemscope=\"itemscope\" itemtype=\"https:\/\/schema.org\/BlogPosting\" itemprop=\"blogPost\" ><div class='avia_textblock  '   itemprop=\"text\" ><p style=\"text-align: center;\"><strong><span style=\"font-size: 18pt;\">En R\u00edo Ib\u00e1\u00f1ez firman convenio para ejecuci\u00f3n de Programa Inclusivo<\/span><\/strong><\/p>\n<div id=\"gtx-trans\" style=\"position: absolute; left: -50px; top: 4.31534px;\">\n<div class=\"gtx-trans-icon\"><\/div>\n<\/div>\n<\/div><\/section><\/div><div class=\"flex_column av_one_full  flex_column_div av-zero-column-padding first  avia-builder-el-4  el_after_av_one_full  el_before_av_hr  column-top-margin\" style='border-radius:0px; '><section class=\"av_textblock_section \"  itemscope=\"itemscope\" itemtype=\"https:\/\/schema.org\/BlogPosting\" itemprop=\"blogPost\" ><div class='avia_textblock  '   itemprop=\"text\" ><ul>\n<li style=\"text-align: justify;\"><em>Iniciativa busca fortalecer la gesti\u00f3n local y disminuir las barreras que enfrentan las personas con discapacidad en la comuna. <\/em><\/li>\n<\/ul>\n<p style=\"text-align: justify;\">A solo siete meses de la creaci\u00f3n de la Oficina de la Discapacidad, la Municipalidad de R\u00edo Ib\u00e1\u00f1ez alcanz\u00f3 un importante hito: la firma del convenio para la ejecuci\u00f3n del Programa de Desarrollo Territorial Inclusivo, financiado por el Servicio Nacional de la Discapacidad (Senadis), que contempla una inversi\u00f3n cercana a los 41 millones de pesos.<\/p>\n<p style=\"text-align: justify;\">La ceremonia protocolar se realiz\u00f3 este mi\u00e9rcoles 30 de julio en dependencias municipales, y fue encabezada por el alcalde de la comuna, Marcelo J\u00e9lvez C\u00e1rdenas, y la directora regional de Senadis, Viviana Mu\u00f1oz Vargas.<\/p>\n<p style=\"text-align: justify;\">Con esta iniciativa, el municipio busca generar un impacto concreto en la calidad de vida de las personas con discapacidad, promoviendo su inclusi\u00f3n plena mediante una transformaci\u00f3n institucional y el fortalecimiento de una ciudadan\u00eda activa e involucrada.<\/p>\n<p style=\"text-align: justify;\">La firma de este convenio refuerza el compromiso de la actual gesti\u00f3n de la municipalidad con la inclusi\u00f3n, reflejado en la reciente creaci\u00f3n de una oficina especializada, que adem\u00e1s considera la participaci\u00f3n de familias, cuidadores y organizaciones sociales vinculadas a esta tem\u00e1tica.<\/p>\n<p style=\"text-align: justify;\">Al respecto, el alcalde J\u00e9lvez valor\u00f3 la labor de su equipo municipal y se\u00f1al\u00f3 que \u201cestamos dando un paso muy importante para nuestras personas con discapacidad. En solo unos meses ya hemos concretado un primer logro significativo que nos permitir\u00e1 trabajar por la inclusi\u00f3n en todo nuestro territorio\u201d.<\/p>\n<p style=\"text-align: justify;\">Por su parte, Elizabeth Albornoz Hern\u00e1ndez, presidenta de la Asociaci\u00f3n de Personas con Discapacidad y Enfermedades Raras de Puerto Ib\u00e1\u00f1ez, destac\u00f3 que \u201cme parece excelente que se haya creado la Oficina de la Discapacidad y que se hayan obtenido estos recursos para avanzar en un tema que realmente necesitamos\u201d.<\/p>\n<p style=\"text-align: justify;\">Finalmente, la directora regional de Senadis, Viviana Mu\u00f1oz Vargas, indic\u00f3 que \u201cR\u00edo Ib\u00e1\u00f1ez se adjudic\u00f3 este programa gracias a una muy buena evaluaci\u00f3n t\u00e9cnica de su propuesta, que beneficiar\u00e1 directamente, por ejemplo, a cuidadoras y cuidadores, una l\u00ednea de trabajo muy importante para nuestro servicio\u201d.<\/p>\n<\/div><\/section><\/div><div  style='height:50px' class='hr hr-invisible   avia-builder-el-6  el_after_av_one_full  el_before_av_social_share '><span class='hr-inner ' ><span class='hr-inner-style'><\/span><\/span><\/div><\/p>\n<div  class='av-social-sharing-box  avia-builder-el-7  el_after_av_hr  el_before_av_hr  '><div class='av-share-box'><h5 class='av-share-link-description av-no-toc '>Compartir esta noticia<\/h5><ul class='av-share-box-list noLightbox'><li class='av-share-link av-social-link-facebook' ><a target=\"_blank\" aria-label=\"Compartir en Facebook\" href='https:\/\/www.facebook.com\/sharer.php?u=https:\/\/radiorevelacionfm.cl\/?p=57095&#038;t=En%20R%C3%ADo%20Ib%C3%A1%C3%B1ez%20firman%20convenio%20para%20ejecuci%C3%B3n%20de%20Programa%20Inclusivo' aria-hidden='false' data-av_icon='\ue8f3' data-av_iconfont='entypo-fontello' title='' data-avia-related-tooltip='Compartir en Facebook' rel=\"noopener\"><span class='avia_hidden_link_text'>Compartir en Facebook<\/span><\/a><\/li><li class='av-share-link av-social-link-twitter' ><a target=\"_blank\" aria-label=\"Compartir en Twitter\" href='https:\/\/twitter.com\/share?text=En%20R%C3%ADo%20Ib%C3%A1%C3%B1ez%20firman%20convenio%20para%20ejecuci%C3%B3n%20de%20Programa%20Inclusivo&#038;url=https:\/\/radiorevelacionfm.cl\/?p=57095' aria-hidden='false' data-av_icon='\ue8f1' data-av_iconfont='entypo-fontello' title='' data-avia-related-tooltip='Compartir en Twitter' rel=\"noopener\"><span class='avia_hidden_link_text'>Compartir en Twitter<\/span><\/a><\/li><li class='av-share-link av-social-link-whatsapp' ><a target=\"_blank\" aria-label=\"Compartir en Whatsapp\" href='https:\/\/api.whatsapp.com\/send?text=https:\/\/radiorevelacionfm.cl\/?p=57095' aria-hidden='false' data-av_icon='\uf232' data-av_iconfont='entypo-fontello' title='' data-avia-related-tooltip='Compartir en Whatsapp' rel=\"noopener\"><span class='avia_hidden_link_text'>Compartir en Whatsapp<\/span><\/a><\/li><li class='av-share-link av-social-link-linkedin' ><a target=\"_blank\" aria-label=\"Compartir en LinkedIn\" href='https:\/\/linkedin.com\/shareArticle?mini=true&#038;title=En%20R%C3%ADo%20Ib%C3%A1%C3%B1ez%20firman%20convenio%20para%20ejecuci%C3%B3n%20de%20Programa%20Inclusivo&#038;url=https:\/\/radiorevelacionfm.cl\/?p=57095' aria-hidden='false' data-av_icon='\ue8fc' data-av_iconfont='entypo-fontello' title='' data-avia-related-tooltip='Compartir en LinkedIn' rel=\"noopener\"><span class='avia_hidden_link_text'>Compartir en LinkedIn<\/span><\/a><\/li><li class='av-share-link av-social-link-mail' ><a  aria-label=\"Compartir por correo\" href='mailto:?subject=En%20R%C3%ADo%20Ib%C3%A1%C3%B1ez%20firman%20convenio%20para%20ejecuci%C3%B3n%20de%20Programa%20Inclusivo&#038;body=https:\/\/radiorevelacionfm.cl\/?p=57095' aria-hidden='false' data-av_icon='\ue805' data-av_iconfont='entypo-fontello' title='' data-avia-related-tooltip='Compartir por correo'><span class='avia_hidden_link_text'>Compartir por correo<\/span><\/a><\/li><\/ul><\/div><\/div>\n<div  style='height:50px' class='hr hr-invisible   avia-builder-el-8  el_after_av_social_share  el_before_av_comments_list '><span class='hr-inner ' ><span class='hr-inner-style'><\/span><\/span><\/div>\n<div  class='av-buildercomment  av-blog-meta-html-info-disabled av-blog-meta-tag-disabled  '><\/div>\n","protected":false},"excerpt":{"rendered":"","protected":false},"author":1,"featured_media":57096,"comment_status":"closed","ping_status":"closed","sticky":false,"template":"","format":"standard","meta":{"footnotes":""},"categories":[38],"tags":[],"class_list":["post-57095","post","type-post","status-publish","format-standard","has-post-thumbnail","hentry","category-regional"],"jetpack_featured_media_url":"https:\/\/radiorevelacionfm.cl\/wp-content\/uploads\/2025\/07\/Prensa_03-1-1.jpg","_links":{"self":[{"href":"https:\/\/radiorevelacionfm.cl\/index.php?rest_route=\/wp\/v2\/posts\/57095","targetHints":{"allow":["GET"]}}],"collection":[{"href":"https:\/\/radiorevelacionfm.cl\/index.php?rest_route=\/wp\/v2\/posts"}],"about":[{"href":"https:\/\/radiorevelacionfm.cl\/index.php?rest_route=\/wp\/v2\/types\/post"}],"author":[{"embeddable":true,"href":"https:\/\/radiorevelacionfm.cl\/index.php?rest_route=\/wp\/v2\/users\/1"}],"replies":[{"embeddable":true,"href":"https:\/\/radiorevelacionfm.cl\/index.php?rest_route=%2Fwp%2Fv2%2Fcomments&post=57095"}],"version-history":[{"count":2,"href":"https:\/\/radiorevelacionfm.cl\/index.php?rest_route=\/wp\/v2\/posts\/57095\/revisions"}],"predecessor-version":[{"id":57098,"href":"https:\/\/radiorevelacionfm.cl\/index.php?rest_route=\/wp\/v2\/posts\/57095\/revisions\/57098"}],"wp:featuredmedia":[{"embeddable":true,"href":"https:\/\/radiorevelacionfm.cl\/index.php?rest_route=\/wp\/v2\/media\/57096"}],"wp:attachment":[{"href":"https:\/\/radiorevelacionfm.cl\/index.php?rest_route=%2Fwp%2Fv2%2Fmedia&parent=57095"}],"wp:term":[{"taxonomy":"category","embeddable":true,"href":"https:\/\/radiorevelacionfm.cl\/index.php?rest_route=%2Fwp%2Fv2%2Fcategories&post=57095"},{"taxonomy":"post_tag","embeddable":true,"href":"https:\/\/radiorevelacionfm.cl\/index.php?rest_route=%2Fwp%2Fv2%2Ftags&post=57095"}],"curies":[{"name":"wp","href":"https:\/\/api.w.org\/{rel}","templated":true}]}}