{"id":57091,"date":"2025-07-30T13:39:12","date_gmt":"2025-07-30T16:39:12","guid":{"rendered":"https:\/\/radiorevelacionfm.cl\/?p=57091"},"modified":"2025-07-30T13:39:12","modified_gmt":"2025-07-30T16:39:12","slug":"ante-alerta-de-tsunami-por-prevencion-edelaysen-informa-cierre-temporal-de-oficinas-en-cisnes-aysen-y-chaiten","status":"publish","type":"post","link":"https:\/\/radiorevelacionfm.cl\/?p=57091","title":{"rendered":"Ante alerta de Tsunami por prevenci\u00f3n Edelaysen informa cierre temporal de oficinas en Cisnes, Ays\u00e9n y Chait\u00e9n\u00a0"},"content":{"rendered":"<div class=\"flex_column av_one_full  flex_column_div av-zero-column-padding first  avia-builder-el-0  el_before_av_one_full  avia-builder-el-first  \" style='border-radius:0px; '><div  class='avia-image-container  av-styling-    avia-builder-el-1  avia-builder-el-no-sibling  avia-align-center '  itemprop=\"image\" itemscope=\"itemscope\" itemtype=\"https:\/\/schema.org\/ImageObject\"  ><div class='avia-image-container-inner'><div class='avia-image-overlay-wrap'><img decoding=\"async\" class='wp-image-57092 avia-img-lazy-loading-not-57092 avia_image' src=\"https:\/\/radiorevelacionfm.cl\/wp-content\/uploads\/2025\/07\/edelaysen-cisnes-1-1_optimized.jpg\" alt='' title='edelaysen-cisnes-(1)-(1)_optimized' height=\"600\" width=\"1068\"  itemprop=\"thumbnailUrl\" srcset=\"https:\/\/radiorevelacionfm.cl\/wp-content\/uploads\/2025\/07\/edelaysen-cisnes-1-1_optimized.jpg 1068w, https:\/\/radiorevelacionfm.cl\/wp-content\/uploads\/2025\/07\/edelaysen-cisnes-1-1_optimized-300x169.jpg 300w, https:\/\/radiorevelacionfm.cl\/wp-content\/uploads\/2025\/07\/edelaysen-cisnes-1-1_optimized-1030x579.jpg 1030w, https:\/\/radiorevelacionfm.cl\/wp-content\/uploads\/2025\/07\/edelaysen-cisnes-1-1_optimized-768x431.jpg 768w, https:\/\/radiorevelacionfm.cl\/wp-content\/uploads\/2025\/07\/edelaysen-cisnes-1-1_optimized-705x396.jpg 705w, https:\/\/radiorevelacionfm.cl\/wp-content\/uploads\/2025\/07\/edelaysen-cisnes-1-1_optimized-450x253.jpg 450w, https:\/\/radiorevelacionfm.cl\/wp-content\/uploads\/2025\/07\/edelaysen-cisnes-1-1_optimized-600x337.jpg 600w\" sizes=\"(max-width: 1068px) 100vw, 1068px\" \/><\/div><\/div><\/div><\/div><div class=\"flex_column av_one_full  flex_column_div av-zero-column-padding first  avia-builder-el-2  el_after_av_one_full  el_before_av_one_full  column-top-margin\" style='border-radius:0px; '><section class=\"av_textblock_section \"  itemscope=\"itemscope\" itemtype=\"https:\/\/schema.org\/BlogPosting\" itemprop=\"blogPost\" ><div class='avia_textblock  '   itemprop=\"text\" ><p style=\"text-align: center;\"><strong><span style=\"font-size: 18pt;\">Ante alerta de Tsunami por prevenci\u00f3n Edelaysen informa cierre temporal de oficinas en Cisnes, Ays\u00e9n y Chait\u00e9n\u00a0<\/span><\/strong><\/p>\n<div id=\"gtx-trans\" style=\"position: absolute; left: -50px; top: 4.31534px;\">\n<div class=\"gtx-trans-icon\"><\/div>\n<\/div>\n<\/div><\/section><\/div><div class=\"flex_column av_one_full  flex_column_div av-zero-column-padding first  avia-builder-el-4  el_after_av_one_full  el_before_av_hr  column-top-margin\" style='border-radius:0px; '><section class=\"av_textblock_section \"  itemscope=\"itemscope\" itemtype=\"https:\/\/schema.org\/BlogPosting\" itemprop=\"blogPost\" ><div class='avia_textblock  '   itemprop=\"text\" ><ul>\n<li style=\"text-align: justify;\"><em>La el\u00e9ctrica activ\u00f3 medidas preventivas en sus operaciones y oficinas comerciales en Chait\u00e9n, Puerto Cisnes y Puerto Ays\u00e9n, ante la alerta roja decretada por amenaza de tsunami. <\/em><\/li>\n<\/ul>\n<p style=\"text-align: justify;\"><em>\u00a0<\/em>Tras la confirmaci\u00f3n de las autoridades nacionales de una Alerta Roja por amenaza de tsunami para las costas del pa\u00eds para esta jornada Edelaysen, informa una serie de medidas preventivas para resguardar la seguridad de sus trabajadores y comunidades.<\/p>\n<p style=\"text-align: justify;\">Debido a la emergencia, se realizar\u00e1 el cierre temporal de las siguientes oficinas comerciales:<\/p>\n<ul style=\"text-align: justify;\">\n<li>Puerto Cisnes: cierre a las 13:00 horas (GMT-4)<\/li>\n<li>Puerto Ays\u00e9n: cierre a las 14:00 horas (GMT-3)<\/li>\n<li>Chait\u00e9n: cierre a las 13:00 horas (GMT-4)<\/li>\n<\/ul>\n<p style=\"text-align: justify;\">Adicionalmente se informa que a las 13:00 horas se detendr\u00e1 y evacuar\u00e1 la Central Chait\u00e9n, como parte del protocolo de seguridad, esto sin generar perdidas de suministro a nuestros clientes. As\u00ed mismo se suspenden hasta nuevo aviso todas las desconexiones programadas para esta jornada en los sectores correspondientes.<\/p>\n<p style=\"text-align: justify;\">Ante la necesidad de la comunidad de realizar tr\u00e1mites o pagos, se recuerda que est\u00e1n disponibles los canales digitales como APP, web www.edelaysen.cl, o pago en l\u00ednea.<\/p>\n<p style=\"text-align: justify;\">Ante consultas o dudas pueden consultar las redes sociales: Facebook, Instagram o l\u00ednea gratuita 800 600 803.<\/p>\n<\/div><\/section><\/div><div  style='height:50px' class='hr hr-invisible   avia-builder-el-6  el_after_av_one_full  el_before_av_social_share '><span class='hr-inner ' ><span class='hr-inner-style'><\/span><\/span><\/div><\/p>\n<div  class='av-social-sharing-box  avia-builder-el-7  el_after_av_hr  el_before_av_hr  '><div class='av-share-box'><h5 class='av-share-link-description av-no-toc '>Compartir esta noticia<\/h5><ul class='av-share-box-list noLightbox'><li class='av-share-link av-social-link-facebook' ><a target=\"_blank\" aria-label=\"Compartir en Facebook\" href='https:\/\/www.facebook.com\/sharer.php?u=https:\/\/radiorevelacionfm.cl\/?p=57091&#038;t=Ante%20alerta%20de%20Tsunami%20por%20prevenci%C3%B3n%20Edelaysen%20informa%20cierre%20temporal%20de%20oficinas%20en%20Cisnes%2C%20Ays%C3%A9n%20y%20Chait%C3%A9n%C2%A0' aria-hidden='false' data-av_icon='\ue8f3' data-av_iconfont='entypo-fontello' title='' data-avia-related-tooltip='Compartir en Facebook' rel=\"noopener\"><span class='avia_hidden_link_text'>Compartir en Facebook<\/span><\/a><\/li><li class='av-share-link av-social-link-twitter' ><a target=\"_blank\" aria-label=\"Compartir en Twitter\" href='https:\/\/twitter.com\/share?text=Ante%20alerta%20de%20Tsunami%20por%20prevenci%C3%B3n%20Edelaysen%20informa%20cierre%20temporal%20de%20oficinas%20en%20Cisnes%2C%20Ays%C3%A9n%20y%20Chait%C3%A9n%C2%A0&#038;url=https:\/\/radiorevelacionfm.cl\/?p=57091' aria-hidden='false' data-av_icon='\ue8f1' data-av_iconfont='entypo-fontello' title='' data-avia-related-tooltip='Compartir en Twitter' rel=\"noopener\"><span class='avia_hidden_link_text'>Compartir en Twitter<\/span><\/a><\/li><li class='av-share-link av-social-link-whatsapp' ><a target=\"_blank\" aria-label=\"Compartir en Whatsapp\" href='https:\/\/api.whatsapp.com\/send?text=https:\/\/radiorevelacionfm.cl\/?p=57091' aria-hidden='false' data-av_icon='\uf232' data-av_iconfont='entypo-fontello' title='' data-avia-related-tooltip='Compartir en Whatsapp' rel=\"noopener\"><span class='avia_hidden_link_text'>Compartir en Whatsapp<\/span><\/a><\/li><li class='av-share-link av-social-link-linkedin' ><a target=\"_blank\" aria-label=\"Compartir en LinkedIn\" href='https:\/\/linkedin.com\/shareArticle?mini=true&#038;title=Ante%20alerta%20de%20Tsunami%20por%20prevenci%C3%B3n%20Edelaysen%20informa%20cierre%20temporal%20de%20oficinas%20en%20Cisnes%2C%20Ays%C3%A9n%20y%20Chait%C3%A9n%C2%A0&#038;url=https:\/\/radiorevelacionfm.cl\/?p=57091' aria-hidden='false' data-av_icon='\ue8fc' data-av_iconfont='entypo-fontello' title='' data-avia-related-tooltip='Compartir en LinkedIn' rel=\"noopener\"><span class='avia_hidden_link_text'>Compartir en LinkedIn<\/span><\/a><\/li><li class='av-share-link av-social-link-mail' ><a  aria-label=\"Compartir por correo\" href='mailto:?subject=Ante%20alerta%20de%20Tsunami%20por%20prevenci%C3%B3n%20Edelaysen%20informa%20cierre%20temporal%20de%20oficinas%20en%20Cisnes%2C%20Ays%C3%A9n%20y%20Chait%C3%A9n%C2%A0&#038;body=https:\/\/radiorevelacionfm.cl\/?p=57091' aria-hidden='false' data-av_icon='\ue805' data-av_iconfont='entypo-fontello' title='' data-avia-related-tooltip='Compartir por correo'><span class='avia_hidden_link_text'>Compartir por correo<\/span><\/a><\/li><\/ul><\/div><\/div>\n<div  style='height:50px' class='hr hr-invisible   avia-builder-el-8  el_after_av_social_share  el_before_av_comments_list '><span class='hr-inner ' ><span class='hr-inner-style'><\/span><\/span><\/div>\n<div  class='av-buildercomment  av-blog-meta-html-info-disabled av-blog-meta-tag-disabled  '><\/div>\n","protected":false},"excerpt":{"rendered":"","protected":false},"author":1,"featured_media":57092,"comment_status":"closed","ping_status":"closed","sticky":false,"template":"","format":"standard","meta":{"footnotes":""},"categories":[38],"tags":[],"class_list":["post-57091","post","type-post","status-publish","format-standard","has-post-thumbnail","hentry","category-regional"],"jetpack_featured_media_url":"https:\/\/radiorevelacionfm.cl\/wp-content\/uploads\/2025\/07\/edelaysen-cisnes-1-1_optimized.jpg","_links":{"self":[{"href":"https:\/\/radiorevelacionfm.cl\/index.php?rest_route=\/wp\/v2\/posts\/57091","targetHints":{"allow":["GET"]}}],"collection":[{"href":"https:\/\/radiorevelacionfm.cl\/index.php?rest_route=\/wp\/v2\/posts"}],"about":[{"href":"https:\/\/radiorevelacionfm.cl\/index.php?rest_route=\/wp\/v2\/types\/post"}],"author":[{"embeddable":true,"href":"https:\/\/radiorevelacionfm.cl\/index.php?rest_route=\/wp\/v2\/users\/1"}],"replies":[{"embeddable":true,"href":"https:\/\/radiorevelacionfm.cl\/index.php?rest_route=%2Fwp%2Fv2%2Fcomments&post=57091"}],"version-history":[{"count":2,"href":"https:\/\/radiorevelacionfm.cl\/index.php?rest_route=\/wp\/v2\/posts\/57091\/revisions"}],"predecessor-version":[{"id":57094,"href":"https:\/\/radiorevelacionfm.cl\/index.php?rest_route=\/wp\/v2\/posts\/57091\/revisions\/57094"}],"wp:featuredmedia":[{"embeddable":true,"href":"https:\/\/radiorevelacionfm.cl\/index.php?rest_route=\/wp\/v2\/media\/57092"}],"wp:attachment":[{"href":"https:\/\/radiorevelacionfm.cl\/index.php?rest_route=%2Fwp%2Fv2%2Fmedia&parent=57091"}],"wp:term":[{"taxonomy":"category","embeddable":true,"href":"https:\/\/radiorevelacionfm.cl\/index.php?rest_route=%2Fwp%2Fv2%2Fcategories&post=57091"},{"taxonomy":"post_tag","embeddable":true,"href":"https:\/\/radiorevelacionfm.cl\/index.php?rest_route=%2Fwp%2Fv2%2Ftags&post=57091"}],"curies":[{"name":"wp","href":"https:\/\/api.w.org\/{rel}","templated":true}]}}