{"id":5708,"date":"2021-06-29T12:16:12","date_gmt":"2021-06-29T15:16:12","guid":{"rendered":"https:\/\/radiorevelacionfm.cl\/?p=5708"},"modified":"2021-06-29T12:16:12","modified_gmt":"2021-06-29T15:16:12","slug":"juzgado-de-letras-del-trabajo-acoge-demanda-laboral-contra-corporacion-educacional-club-de-leones-de-coyhaique","status":"publish","type":"post","link":"https:\/\/radiorevelacionfm.cl\/?p=5708","title":{"rendered":"Juzgado de Letras del Trabajo acoge demanda laboral contra Corporaci\u00f3n Educacional Club de Leones de Coyhaique"},"content":{"rendered":"<div class=\"flex_column av_one_full  flex_column_div av-zero-column-padding first  avia-builder-el-0  el_before_av_one_full  avia-builder-el-first  \" style='border-radius:0px; '><div  class='avia-image-container  av-styling-    avia-builder-el-1  avia-builder-el-no-sibling  avia-align-center '  itemprop=\"image\" itemscope=\"itemscope\" itemtype=\"https:\/\/schema.org\/ImageObject\"  ><div class='avia-image-container-inner'><div class='avia-image-overlay-wrap'><img decoding=\"async\" class='wp-image-5709 avia-img-lazy-loading-not-5709 avia_image' src=\"https:\/\/radiorevelacionfm.cl\/wp-content\/uploads\/2021\/06\/Juzgado-Laboral-archivo-1-1.jpg\" alt='' title='Juzgado Laboral archivo (1) (1)' height=\"600\" width=\"1066\"  itemprop=\"thumbnailUrl\" srcset=\"https:\/\/radiorevelacionfm.cl\/wp-content\/uploads\/2021\/06\/Juzgado-Laboral-archivo-1-1.jpg 1066w, https:\/\/radiorevelacionfm.cl\/wp-content\/uploads\/2021\/06\/Juzgado-Laboral-archivo-1-1-300x169.jpg 300w, https:\/\/radiorevelacionfm.cl\/wp-content\/uploads\/2021\/06\/Juzgado-Laboral-archivo-1-1-1030x580.jpg 1030w, https:\/\/radiorevelacionfm.cl\/wp-content\/uploads\/2021\/06\/Juzgado-Laboral-archivo-1-1-768x432.jpg 768w, https:\/\/radiorevelacionfm.cl\/wp-content\/uploads\/2021\/06\/Juzgado-Laboral-archivo-1-1-705x397.jpg 705w, https:\/\/radiorevelacionfm.cl\/wp-content\/uploads\/2021\/06\/Juzgado-Laboral-archivo-1-1-600x338.jpg 600w\" sizes=\"(max-width: 1066px) 100vw, 1066px\" \/><\/div><\/div><\/div><\/div><div class=\"flex_column av_one_full  flex_column_div av-zero-column-padding first  avia-builder-el-2  el_after_av_one_full  el_before_av_one_full  column-top-margin\" style='border-radius:0px; '><section class=\"av_textblock_section \"  itemscope=\"itemscope\" itemtype=\"https:\/\/schema.org\/BlogPosting\" itemprop=\"blogPost\" ><div class='avia_textblock  '   itemprop=\"text\" ><p style=\"text-align: center;\"><strong><span style=\"font-size: 18pt;\">Juzgado de Letras del Trabajo acoge demanda laboral contra Corporaci\u00f3n Educacional Club de Leones de Coyhaique<\/span><\/strong><\/p>\n<div id=\"gtx-trans\" style=\"position: absolute; left: -50px; top: 4.31534px;\">\n<div class=\"gtx-trans-icon\"><\/div>\n<\/div>\n<\/div><\/section><\/div><div class=\"flex_column av_one_full  flex_column_div av-zero-column-padding first  avia-builder-el-4  el_after_av_one_full  el_before_av_hr  column-top-margin\" style='border-radius:0px; '><section class=\"av_textblock_section \"  itemscope=\"itemscope\" itemtype=\"https:\/\/schema.org\/BlogPosting\" itemprop=\"blogPost\" ><div class='avia_textblock  '   itemprop=\"text\" ><p style=\"font-weight: 400; text-align: justify;\">El Juzgado de Letras del Trabajo de Coyhaique acogi\u00f3 la demanda de tutela laboral deducida por t\u00e9cnicos en educaci\u00f3n, asistentes de aula y auxiliares de servicio en contra de la Corporaci\u00f3n Educacional Club de Leones por vulneraci\u00f3n de derechos fundamentales, particularmente por da\u00f1os a la integridad ps\u00edquica y la honra.<\/p>\n<p style=\"font-weight: 400; text-align: justify;\">En la sentencia (causa rol 20-2020), la magistrada Florentina Rezuc Hern\u00e1ndez estableci\u00f3 que los hechos denunciados acreditan la vulneraci\u00f3n ps\u00edquica y la afectaci\u00f3n a la honra de las trabajadoras denunciantes, lo que constituye una transgresi\u00f3n al deber de cuidado que impone el art\u00edculo\u00a0184 del C\u00f3digo del Trabajo a parte empleadora.<\/p>\n<p style=\"font-weight: 400; text-align: justify;\">Por tanto, se resuelve:<\/p>\n<p style=\"font-weight: 400; text-align: justify;\">\u201cI.- Que se ACOGE la denuncia de tutela laboral por vulneraci\u00f3n de derechos fundamentales durante la vigencia de la relaci\u00f3n laboral interpuesta por la abogada Carmen Gloria Mart\u00ednez C\u00e1rdenas, en representaci\u00f3n de Claudia Ovando Ovando, Evelyn Konig Vera, \u00a0Schlomith Neserke Montecinos, Lidia Llanqu\u00edn Alvarado, Paula Godoy Saldivia, Susana Alarc\u00f3n Alvarado, Camila Figueroa Soto y Carla Mu\u00f1oz Brauning, en contra de la Corporaci\u00f3n Educacional Club de Leones de Coyhaique, representada legalmente por H\u00e9ctor Cant\u00edn Bus, todos ya individualizados, declar\u00e1ndose que existi\u00f3 vulneraci\u00f3n a los art\u00edculos 19 N\u00b0 1 y 19 N\u00ba 4 de la Constituci\u00f3n Pol\u00edtica de la Rep\u00fablica, al haberse lesionado la integridad ps\u00edquica y honra de dichas trabajadoras.<\/p>\n<p style=\"font-weight: 400; text-align: justify;\">II.- Que se ACOGE la demanda de indemnizaci\u00f3n de perjuicios por da\u00f1o moral interpuesta por Claudia Ovando Ovando, Evelyn Konig Vera, \u00a0Schlomith Neserke Montecinos, Lidia Llanqu\u00edn Alvarado, Paula Godoy Saldivia, Susana Alarc\u00f3n Alvarado, Camila Figueroa Soto y Carla Mu\u00f1oz Brauning, todas ya individualizadas.<\/p>\n<p style=\"font-weight: 400; text-align: justify;\">III.- Que en raz\u00f3n de lo anterior, al acogerse tanto la denuncia como la demanda por tutela laboral durante la vigencia de la relaci\u00f3n laboral, se declara:<\/p>\n<p style=\"font-weight: 400; text-align: justify;\">1.- Que la Corporaci\u00f3n Educacional Club de Leones Coyhaique incurri\u00f3 en acciones vulneratorias a los derechos a la integridad ps\u00edquica y honra, consagrados en el art\u00edculo 19 N\u00ba 1 y N\u00ba 4 de la Constituci\u00f3n Pol\u00edtica de la Rep\u00fablica, respectivamente, en relaci\u00f3n con el art\u00edculo 485 del C\u00f3digo del Trabajo.<\/p>\n<p style=\"font-weight: 400; text-align: justify;\">2.- Que como consecuencia de lo anterior, se adoptan las siguientes medidas correctivas, reparatorias e inhibitorias a favor de las actoras:<\/p>\n<p style=\"font-weight: 400; text-align: justify;\">2.1.- Se ordena el cese de las conductas vulneratorias de la denunciada, velando por el hecho que la Corporaci\u00f3n Educacional del Club de Leones Coyhaique adopte las medidas tendientes a evitar que no se reiteren estos hechos a futuro para las actoras ni para otros trabajadores.<\/p>\n<p style=\"font-weight: 400; text-align: justify;\">2.2.- Que la Corporaci\u00f3n Educacional Club de Leones Coyhaique deber\u00e1 confeccionar un tr\u00edptico informativo a su costo, el que deber\u00e1 contener informaci\u00f3n relativa a la importancia y protecci\u00f3n legal de los derechos fundamentales de los trabajadores, debiendo tal documento contener el domicilio y tel\u00e9fono de la Direcci\u00f3n del Trabajo correspondiente a la ciudad de Coyhaique, debiendo distribuirse a todos los trabajadores de la denunciada en el plazo de un mes contado desde que la sentencia definitiva quede ejecutoriada.<\/p>\n<p style=\"font-weight: 400; text-align: justify;\">2.3.- Que la presente sentencia definitiva deber\u00e1 ser publicada en el diario mural de la denunciada en su texto \u00edntegro, sin perjuicio que cualquier trabajador pueda pedir copia de ella, advirtiendo que tal publicaci\u00f3n deber\u00e1 ser realizada dentro de la semana siguiente a que la sentencia quede ejecutoriada y deber\u00e1 mantenerse a lo menos un mes a la vista de los trabajadores.<\/p>\n<p style=\"font-weight: 400; text-align: justify;\">2.4.- Que se condenar\u00e1 a la demandada al pago de la indemnizaci\u00f3n de perjuicios por da\u00f1o moral que se establece en la suma de $1.500.000 (un mill\u00f3n quinientos mil pesos) para cada una de las denunciantes. Dichos montos se deber\u00e1n someter a la aplicaci\u00f3n de los reajustes legales que se desprendan desde el mes anterior a la fecha en que se encuentre ejecutoriada la presente sentencia y el mes anterior a su pago efectivo, mientras que los intereses legales aplicables se establecer\u00e1n conforme a los que se generen desde que la presente sentencia definitiva se encuentre en mora de cumplimiento por el demandado y la fecha de su pago efectivo.<\/p>\n<p style=\"font-weight: 400; text-align: justify;\">2.5.- Que la empresa denunciada y demandada deber\u00e1 otorgar disculpas por escrito a las trabajadoras, en un plazo de una semana una vez ejecutoriada la sentencia definitiva.<\/p>\n<p style=\"font-weight: 400; text-align: justify;\">2.6.- Que de no cumplir la empresa con las medidas impuestas por el tribunal en los plazos se\u00f1alados, tal incumplimiento dar\u00e1 lugar a las multas que el art\u00edculo 492 del C\u00f3digo del Trabajo establece.<\/p>\n<p style=\"font-weight: 400; text-align: justify;\">2.7.- Que al tenor del art\u00edculo 495 del C\u00f3digo del Trabajo, una vez ejecutoriada, se remitir\u00e1 copia de la sentencia de autos a la Direcci\u00f3n del Trabajo, para su registro\u201d.<\/p>\n<\/div><\/section><\/div><div  style='height:50px' class='hr hr-invisible   avia-builder-el-6  el_after_av_one_full  el_before_av_social_share '><span class='hr-inner ' ><span class='hr-inner-style'><\/span><\/span><\/div><\/p>\n<div  class='av-social-sharing-box  avia-builder-el-7  el_after_av_hr  el_before_av_hr  '><div class='av-share-box'><h5 class='av-share-link-description av-no-toc '>Compartir esta noticia<\/h5><ul class='av-share-box-list noLightbox'><li class='av-share-link av-social-link-facebook' ><a target=\"_blank\" aria-label=\"Compartir en Facebook\" href='https:\/\/www.facebook.com\/sharer.php?u=https:\/\/radiorevelacionfm.cl\/?p=5708&#038;t=Juzgado%20de%20Letras%20del%20Trabajo%20acoge%20demanda%20laboral%20contra%20Corporaci%C3%B3n%20Educacional%20Club%20de%20Leones%20de%20Coyhaique' aria-hidden='false' data-av_icon='\ue8f3' data-av_iconfont='entypo-fontello' title='' data-avia-related-tooltip='Compartir en Facebook' rel=\"noopener\"><span class='avia_hidden_link_text'>Compartir en Facebook<\/span><\/a><\/li><li class='av-share-link av-social-link-twitter' ><a target=\"_blank\" aria-label=\"Compartir en Twitter\" href='https:\/\/twitter.com\/share?text=Juzgado%20de%20Letras%20del%20Trabajo%20acoge%20demanda%20laboral%20contra%20Corporaci%C3%B3n%20Educacional%20Club%20de%20Leones%20de%20Coyhaique&#038;url=https:\/\/radiorevelacionfm.cl\/?p=5708' aria-hidden='false' data-av_icon='\ue8f1' data-av_iconfont='entypo-fontello' title='' data-avia-related-tooltip='Compartir en Twitter' rel=\"noopener\"><span class='avia_hidden_link_text'>Compartir en Twitter<\/span><\/a><\/li><li class='av-share-link av-social-link-whatsapp' ><a target=\"_blank\" aria-label=\"Compartir en Whatsapp\" href='https:\/\/api.whatsapp.com\/send?text=https:\/\/radiorevelacionfm.cl\/?p=5708' aria-hidden='false' data-av_icon='\uf232' data-av_iconfont='entypo-fontello' title='' data-avia-related-tooltip='Compartir en Whatsapp' rel=\"noopener\"><span class='avia_hidden_link_text'>Compartir en Whatsapp<\/span><\/a><\/li><li class='av-share-link av-social-link-linkedin' ><a target=\"_blank\" aria-label=\"Compartir en LinkedIn\" href='https:\/\/linkedin.com\/shareArticle?mini=true&#038;title=Juzgado%20de%20Letras%20del%20Trabajo%20acoge%20demanda%20laboral%20contra%20Corporaci%C3%B3n%20Educacional%20Club%20de%20Leones%20de%20Coyhaique&#038;url=https:\/\/radiorevelacionfm.cl\/?p=5708' aria-hidden='false' data-av_icon='\ue8fc' data-av_iconfont='entypo-fontello' title='' data-avia-related-tooltip='Compartir en LinkedIn' rel=\"noopener\"><span class='avia_hidden_link_text'>Compartir en LinkedIn<\/span><\/a><\/li><li class='av-share-link av-social-link-mail' ><a  aria-label=\"Compartir por correo\" href='mailto:?subject=Juzgado%20de%20Letras%20del%20Trabajo%20acoge%20demanda%20laboral%20contra%20Corporaci%C3%B3n%20Educacional%20Club%20de%20Leones%20de%20Coyhaique&#038;body=https:\/\/radiorevelacionfm.cl\/?p=5708' aria-hidden='false' data-av_icon='\ue805' data-av_iconfont='entypo-fontello' title='' data-avia-related-tooltip='Compartir por correo'><span class='avia_hidden_link_text'>Compartir por correo<\/span><\/a><\/li><\/ul><\/div><\/div>\n<div  style='height:50px' class='hr hr-invisible   avia-builder-el-8  el_after_av_social_share  el_before_av_comments_list '><span class='hr-inner ' ><span class='hr-inner-style'><\/span><\/span><\/div>\n<div  class='av-buildercomment  av-blog-meta-html-info-disabled av-blog-meta-tag-disabled  '><\/div>\n","protected":false},"excerpt":{"rendered":"","protected":false},"author":1,"featured_media":5709,"comment_status":"open","ping_status":"open","sticky":false,"template":"","format":"standard","meta":{"footnotes":""},"categories":[55],"tags":[],"class_list":["post-5708","post","type-post","status-publish","format-standard","has-post-thumbnail","hentry","category-justicia"],"jetpack_featured_media_url":"https:\/\/radiorevelacionfm.cl\/wp-content\/uploads\/2021\/06\/Juzgado-Laboral-archivo-1-1.jpg","_links":{"self":[{"href":"https:\/\/radiorevelacionfm.cl\/index.php?rest_route=\/wp\/v2\/posts\/5708","targetHints":{"allow":["GET"]}}],"collection":[{"href":"https:\/\/radiorevelacionfm.cl\/index.php?rest_route=\/wp\/v2\/posts"}],"about":[{"href":"https:\/\/radiorevelacionfm.cl\/index.php?rest_route=\/wp\/v2\/types\/post"}],"author":[{"embeddable":true,"href":"https:\/\/radiorevelacionfm.cl\/index.php?rest_route=\/wp\/v2\/users\/1"}],"replies":[{"embeddable":true,"href":"https:\/\/radiorevelacionfm.cl\/index.php?rest_route=%2Fwp%2Fv2%2Fcomments&post=5708"}],"version-history":[{"count":1,"href":"https:\/\/radiorevelacionfm.cl\/index.php?rest_route=\/wp\/v2\/posts\/5708\/revisions"}],"predecessor-version":[{"id":5710,"href":"https:\/\/radiorevelacionfm.cl\/index.php?rest_route=\/wp\/v2\/posts\/5708\/revisions\/5710"}],"wp:featuredmedia":[{"embeddable":true,"href":"https:\/\/radiorevelacionfm.cl\/index.php?rest_route=\/wp\/v2\/media\/5709"}],"wp:attachment":[{"href":"https:\/\/radiorevelacionfm.cl\/index.php?rest_route=%2Fwp%2Fv2%2Fmedia&parent=5708"}],"wp:term":[{"taxonomy":"category","embeddable":true,"href":"https:\/\/radiorevelacionfm.cl\/index.php?rest_route=%2Fwp%2Fv2%2Fcategories&post=5708"},{"taxonomy":"post_tag","embeddable":true,"href":"https:\/\/radiorevelacionfm.cl\/index.php?rest_route=%2Fwp%2Fv2%2Ftags&post=5708"}],"curies":[{"name":"wp","href":"https:\/\/api.w.org\/{rel}","templated":true}]}}