{"id":57073,"date":"2025-07-30T10:22:48","date_gmt":"2025-07-30T13:22:48","guid":{"rendered":"https:\/\/radiorevelacionfm.cl\/?p=57073"},"modified":"2025-07-30T10:22:48","modified_gmt":"2025-07-30T13:22:48","slug":"invitan-a-artesanas-os-de-aysen-a-postular-al-prestigioso-diploma-en-artes-y-oficios-en-convenio-con-la-universidad-de-chile","status":"publish","type":"post","link":"https:\/\/radiorevelacionfm.cl\/?p=57073","title":{"rendered":"Invitan a artesanas\/os de Ays\u00e9n a postular al prestigioso Diploma en Artes y Oficios en convenio con la Universidad de Chile"},"content":{"rendered":"<div class=\"flex_column av_one_full  flex_column_div av-zero-column-padding first  avia-builder-el-0  el_before_av_one_full  avia-builder-el-first  \" style='border-radius:0px; '><div  class='avia-image-container  av-styling-    avia-builder-el-1  avia-builder-el-no-sibling  avia-align-center '  itemprop=\"image\" itemscope=\"itemscope\" itemtype=\"https:\/\/schema.org\/ImageObject\"  ><div class='avia-image-container-inner'><div class='avia-image-overlay-wrap'><img decoding=\"async\" class='wp-image-57074 avia-img-lazy-loading-not-57074 avia_image' src=\"https:\/\/radiorevelacionfm.cl\/wp-content\/uploads\/2025\/07\/diploma-artes-y-oficios-indap-2-1-1_optimized.jpg\" alt='' title='diploma-artes-y-oficios-indap-(2)-1-(1)_optimized' height=\"800\" width=\"800\"  itemprop=\"thumbnailUrl\" srcset=\"https:\/\/radiorevelacionfm.cl\/wp-content\/uploads\/2025\/07\/diploma-artes-y-oficios-indap-2-1-1_optimized.jpg 800w, https:\/\/radiorevelacionfm.cl\/wp-content\/uploads\/2025\/07\/diploma-artes-y-oficios-indap-2-1-1_optimized-300x300.jpg 300w, https:\/\/radiorevelacionfm.cl\/wp-content\/uploads\/2025\/07\/diploma-artes-y-oficios-indap-2-1-1_optimized-80x80.jpg 80w, https:\/\/radiorevelacionfm.cl\/wp-content\/uploads\/2025\/07\/diploma-artes-y-oficios-indap-2-1-1_optimized-768x768.jpg 768w, https:\/\/radiorevelacionfm.cl\/wp-content\/uploads\/2025\/07\/diploma-artes-y-oficios-indap-2-1-1_optimized-36x36.jpg 36w, https:\/\/radiorevelacionfm.cl\/wp-content\/uploads\/2025\/07\/diploma-artes-y-oficios-indap-2-1-1_optimized-180x180.jpg 180w, https:\/\/radiorevelacionfm.cl\/wp-content\/uploads\/2025\/07\/diploma-artes-y-oficios-indap-2-1-1_optimized-705x705.jpg 705w, https:\/\/radiorevelacionfm.cl\/wp-content\/uploads\/2025\/07\/diploma-artes-y-oficios-indap-2-1-1_optimized-120x120.jpg 120w, https:\/\/radiorevelacionfm.cl\/wp-content\/uploads\/2025\/07\/diploma-artes-y-oficios-indap-2-1-1_optimized-450x450.jpg 450w, https:\/\/radiorevelacionfm.cl\/wp-content\/uploads\/2025\/07\/diploma-artes-y-oficios-indap-2-1-1_optimized-600x600.jpg 600w, https:\/\/radiorevelacionfm.cl\/wp-content\/uploads\/2025\/07\/diploma-artes-y-oficios-indap-2-1-1_optimized-100x100.jpg 100w\" sizes=\"(max-width: 800px) 100vw, 800px\" \/><\/div><\/div><\/div><\/div><div class=\"flex_column av_one_full  flex_column_div av-zero-column-padding first  avia-builder-el-2  el_after_av_one_full  el_before_av_one_full  column-top-margin\" style='border-radius:0px; '><section class=\"av_textblock_section \"  itemscope=\"itemscope\" itemtype=\"https:\/\/schema.org\/BlogPosting\" itemprop=\"blogPost\" ><div class='avia_textblock  '   itemprop=\"text\" ><p style=\"text-align: center;\"><strong><span style=\"font-size: 18pt;\">Invitan a artesanas\/os de Ays\u00e9n a postular al prestigioso Diploma en Artes y Oficios en convenio con la Universidad de Chile<\/span><\/strong><\/p>\n<div id=\"gtx-trans\" style=\"position: absolute; left: -50px; top: 4.31534px;\">\n<div class=\"gtx-trans-icon\"><\/div>\n<\/div>\n<\/div><\/section><\/div><div class=\"flex_column av_one_full  flex_column_div av-zero-column-padding first  avia-builder-el-4  el_after_av_one_full  el_before_av_hr  column-top-margin\" style='border-radius:0px; '><section class=\"av_textblock_section \"  itemscope=\"itemscope\" itemtype=\"https:\/\/schema.org\/BlogPosting\" itemprop=\"blogPost\" ><div class='avia_textblock  '   itemprop=\"text\" ><p style=\"text-align: justify;\">INDAP del Ministerio de Agricultura, en alianza con la Facultad de Artes de la Universidad de Chile, abri\u00f3 la convocatoria nacional al Diploma de Desarrollo Profesional y Laboral en Artes y Oficios, una gran oportunidad para que artesanas y artesanos de INDAP Ays\u00e9n aprendan nuevas herramientas para mejorar su trabajo, conocer otras formas de hacer artesan\u00eda, contar su historia y compartir sus conocimientos con otras personas.<\/p>\n<p style=\"text-align: justify;\">En esta versi\u00f3n 2025 se dispondr\u00e1 de 20 becas con cobertura del 100% en matr\u00edcula, alimentaci\u00f3n y materiales, las que permitir\u00e1n a quienes resulten seleccionados vivir una experiencia formativa impartida por docentes de la Universidad de Chile junto a artesanas y artesanos de reconocida trayectoria. \u201cDesde INDAP Ays\u00e9n hacemos un llamado especial a nuestras usuarias y usuarios a no dejar pasar esta valiosa oportunidad de formaci\u00f3n que pone en valor sus saberes y les brinda herramientas para proyectar su trabajo en nuevos espacios de creaci\u00f3n, circulaci\u00f3n y redes que van m\u00e1s all\u00e1 de la Regi\u00f3n de Ays\u00e9n\u201d, se\u00f1al\u00f3 la directora regional de INDAP, Y\u00e9ssica Lagos C\u00e1rdenas.<\/p>\n<p style=\"text-align: justify;\">El programa incluye cinco m\u00f3dulos, donde las y los participantes aprender\u00e1n sobre la historia y el valor del patrimonio artesanal, c\u00f3mo darle un sello propio a su trabajo (concepto conocido como l\u00ednea autoral), c\u00f3mo cuidar y presentar sus obras, y finalmente, har\u00e1n un proyecto personal que re\u00fana todo lo aprendido durante el diploma. Las clases ser\u00e1n en formato mixto, con sesiones virtuales y tres jornadas presenciales de cuatro d\u00edas en la ciudad de Santiago. La beca cubre matr\u00edcula y alimentaci\u00f3n, mientras que los gastos de traslado y alojamiento deben ser asumidos por los participantes.<\/p>\n<p style=\"text-align: justify;\">La encargada de Artesan\u00edas de INDAP Ays\u00e9n, Nelly P\u00e9rez Mansilla, detall\u00f3 los detalles de la convocatoria: \u201cpara postular, las y los artesanos deben ser usuarios acreditados de INDAP y contar con patrocinio por nosotros, adem\u00e1s de enviar una carta de inter\u00e9s o video breve, un portafolio con fotograf\u00edas de sus obras, trayectoria y vinculaci\u00f3n comunitaria. Las postulaciones estar\u00e1n abiertas entre el 22 de julio y el 3 de agosto, y deben enviarse por correo electr\u00f3nico. Pueden acercarse a las Agencias de \u00c1rea de INDAP o mi correo <a href=\"https:\/\/mailto:mperezm@indap.cl\/\">mperezm@indap.cl<\/a>\u201d. Alternativamente, quienes deseen enviar su postulaci\u00f3n de forma independiente podr\u00e1n hacerlo a los correos\u00a0<a href=\"https:\/\/mailto:sperez@indap.cl\/\">sperez@indap.cl<\/a>\u00a0con copia a\u00a0<a href=\"https:\/\/mailto:ed.continua.artes@uchile.cl\/\">ed.continua.artes@uchile.cl<\/a>. Los resultados ser\u00e1n comunicados el 11 de agosto y el diploma se desarrollar\u00e1 entre el 18 de agosto y el 20 de diciembre de 2025.<\/p>\n<p style=\"text-align: justify;\">El programa representa una valiosa instancia para reconocer, visibilizar y profesionalizar los oficios que forman parte de la riqueza cultural del pa\u00eds. INDAP invita especialmente a las y los creadores de la regi\u00f3n de Ays\u00e9n a ser parte de este proceso de aprendizaje, reflexi\u00f3n y fortalecimiento identitario, que enriquece sus obras y el tejido social de nuestras comunidades.<\/p>\n<\/div><\/section><\/div><div  style='height:50px' class='hr hr-invisible   avia-builder-el-6  el_after_av_one_full  el_before_av_social_share '><span class='hr-inner ' ><span class='hr-inner-style'><\/span><\/span><\/div><\/p>\n<div  class='av-social-sharing-box  avia-builder-el-7  el_after_av_hr  el_before_av_hr  '><div class='av-share-box'><h5 class='av-share-link-description av-no-toc '>Compartir esta noticia<\/h5><ul class='av-share-box-list noLightbox'><li class='av-share-link av-social-link-facebook' ><a target=\"_blank\" aria-label=\"Compartir en Facebook\" href='https:\/\/www.facebook.com\/sharer.php?u=https:\/\/radiorevelacionfm.cl\/?p=57073&#038;t=Invitan%20a%20artesanas%2Fos%20de%20Ays%C3%A9n%20a%20postular%20al%20prestigioso%20Diploma%20en%20Artes%20y%20Oficios%20en%20convenio%20con%20la%20Universidad%20de%20Chile' aria-hidden='false' data-av_icon='\ue8f3' data-av_iconfont='entypo-fontello' title='' data-avia-related-tooltip='Compartir en Facebook' rel=\"noopener\"><span class='avia_hidden_link_text'>Compartir en Facebook<\/span><\/a><\/li><li class='av-share-link av-social-link-twitter' ><a target=\"_blank\" aria-label=\"Compartir en Twitter\" href='https:\/\/twitter.com\/share?text=Invitan%20a%20artesanas%2Fos%20de%20Ays%C3%A9n%20a%20postular%20al%20prestigioso%20Diploma%20en%20Artes%20y%20Oficios%20en%20convenio%20con%20la%20Universidad%20de%20Chile&#038;url=https:\/\/radiorevelacionfm.cl\/?p=57073' aria-hidden='false' data-av_icon='\ue8f1' data-av_iconfont='entypo-fontello' title='' data-avia-related-tooltip='Compartir en Twitter' rel=\"noopener\"><span class='avia_hidden_link_text'>Compartir en Twitter<\/span><\/a><\/li><li class='av-share-link av-social-link-whatsapp' ><a target=\"_blank\" aria-label=\"Compartir en Whatsapp\" href='https:\/\/api.whatsapp.com\/send?text=https:\/\/radiorevelacionfm.cl\/?p=57073' aria-hidden='false' data-av_icon='\uf232' data-av_iconfont='entypo-fontello' title='' data-avia-related-tooltip='Compartir en Whatsapp' rel=\"noopener\"><span class='avia_hidden_link_text'>Compartir en Whatsapp<\/span><\/a><\/li><li class='av-share-link av-social-link-linkedin' ><a target=\"_blank\" aria-label=\"Compartir en LinkedIn\" href='https:\/\/linkedin.com\/shareArticle?mini=true&#038;title=Invitan%20a%20artesanas%2Fos%20de%20Ays%C3%A9n%20a%20postular%20al%20prestigioso%20Diploma%20en%20Artes%20y%20Oficios%20en%20convenio%20con%20la%20Universidad%20de%20Chile&#038;url=https:\/\/radiorevelacionfm.cl\/?p=57073' aria-hidden='false' data-av_icon='\ue8fc' data-av_iconfont='entypo-fontello' title='' data-avia-related-tooltip='Compartir en LinkedIn' rel=\"noopener\"><span class='avia_hidden_link_text'>Compartir en LinkedIn<\/span><\/a><\/li><li class='av-share-link av-social-link-mail' ><a  aria-label=\"Compartir por correo\" href='mailto:?subject=Invitan%20a%20artesanas%2Fos%20de%20Ays%C3%A9n%20a%20postular%20al%20prestigioso%20Diploma%20en%20Artes%20y%20Oficios%20en%20convenio%20con%20la%20Universidad%20de%20Chile&#038;body=https:\/\/radiorevelacionfm.cl\/?p=57073' aria-hidden='false' data-av_icon='\ue805' data-av_iconfont='entypo-fontello' title='' data-avia-related-tooltip='Compartir por correo'><span class='avia_hidden_link_text'>Compartir por correo<\/span><\/a><\/li><\/ul><\/div><\/div>\n<div  style='height:50px' class='hr hr-invisible   avia-builder-el-8  el_after_av_social_share  el_before_av_comments_list '><span class='hr-inner ' ><span class='hr-inner-style'><\/span><\/span><\/div>\n<div  class='av-buildercomment  av-blog-meta-html-info-disabled av-blog-meta-tag-disabled  '><\/div>\n","protected":false},"excerpt":{"rendered":"","protected":false},"author":1,"featured_media":57074,"comment_status":"closed","ping_status":"closed","sticky":false,"template":"","format":"standard","meta":{"footnotes":""},"categories":[38],"tags":[],"class_list":["post-57073","post","type-post","status-publish","format-standard","has-post-thumbnail","hentry","category-regional"],"jetpack_featured_media_url":"https:\/\/radiorevelacionfm.cl\/wp-content\/uploads\/2025\/07\/diploma-artes-y-oficios-indap-2-1-1_optimized.jpg","_links":{"self":[{"href":"https:\/\/radiorevelacionfm.cl\/index.php?rest_route=\/wp\/v2\/posts\/57073","targetHints":{"allow":["GET"]}}],"collection":[{"href":"https:\/\/radiorevelacionfm.cl\/index.php?rest_route=\/wp\/v2\/posts"}],"about":[{"href":"https:\/\/radiorevelacionfm.cl\/index.php?rest_route=\/wp\/v2\/types\/post"}],"author":[{"embeddable":true,"href":"https:\/\/radiorevelacionfm.cl\/index.php?rest_route=\/wp\/v2\/users\/1"}],"replies":[{"embeddable":true,"href":"https:\/\/radiorevelacionfm.cl\/index.php?rest_route=%2Fwp%2Fv2%2Fcomments&post=57073"}],"version-history":[{"count":2,"href":"https:\/\/radiorevelacionfm.cl\/index.php?rest_route=\/wp\/v2\/posts\/57073\/revisions"}],"predecessor-version":[{"id":57084,"href":"https:\/\/radiorevelacionfm.cl\/index.php?rest_route=\/wp\/v2\/posts\/57073\/revisions\/57084"}],"wp:featuredmedia":[{"embeddable":true,"href":"https:\/\/radiorevelacionfm.cl\/index.php?rest_route=\/wp\/v2\/media\/57074"}],"wp:attachment":[{"href":"https:\/\/radiorevelacionfm.cl\/index.php?rest_route=%2Fwp%2Fv2%2Fmedia&parent=57073"}],"wp:term":[{"taxonomy":"category","embeddable":true,"href":"https:\/\/radiorevelacionfm.cl\/index.php?rest_route=%2Fwp%2Fv2%2Fcategories&post=57073"},{"taxonomy":"post_tag","embeddable":true,"href":"https:\/\/radiorevelacionfm.cl\/index.php?rest_route=%2Fwp%2Fv2%2Ftags&post=57073"}],"curies":[{"name":"wp","href":"https:\/\/api.w.org\/{rel}","templated":true}]}}