{"id":57063,"date":"2025-07-29T15:19:19","date_gmt":"2025-07-29T18:19:19","guid":{"rendered":"https:\/\/radiorevelacionfm.cl\/?p=57063"},"modified":"2025-07-29T15:19:19","modified_gmt":"2025-07-29T18:19:19","slug":"fondart-financia-escuela-de-oficios-en-madera-en-localidad-de-caleta-tortel","status":"publish","type":"post","link":"https:\/\/radiorevelacionfm.cl\/?p=57063","title":{"rendered":"Fondart financia Escuela de Oficios en Madera en localidad de Caleta Tortel"},"content":{"rendered":"<div class=\"flex_column av_one_full  flex_column_div av-zero-column-padding first  avia-builder-el-0  el_before_av_one_full  avia-builder-el-first  \" style='border-radius:0px; '><div  class='avia-image-container  av-styling-    avia-builder-el-1  avia-builder-el-no-sibling  avia-align-center '  itemprop=\"image\" itemscope=\"itemscope\" itemtype=\"https:\/\/schema.org\/ImageObject\"  ><div class='avia-image-container-inner'><div class='avia-image-overlay-wrap'><img decoding=\"async\" class='wp-image-57064 avia-img-lazy-loading-not-57064 avia_image' src=\"https:\/\/radiorevelacionfm.cl\/wp-content\/uploads\/2025\/07\/escuela-oficios-tortel2-1_optimized.jpg\" alt='' title='escuela-oficios-tortel2-(1)_optimized' height=\"600\" width=\"1067\"  itemprop=\"thumbnailUrl\" srcset=\"https:\/\/radiorevelacionfm.cl\/wp-content\/uploads\/2025\/07\/escuela-oficios-tortel2-1_optimized.jpg 1067w, https:\/\/radiorevelacionfm.cl\/wp-content\/uploads\/2025\/07\/escuela-oficios-tortel2-1_optimized-300x169.jpg 300w, https:\/\/radiorevelacionfm.cl\/wp-content\/uploads\/2025\/07\/escuela-oficios-tortel2-1_optimized-1030x579.jpg 1030w, https:\/\/radiorevelacionfm.cl\/wp-content\/uploads\/2025\/07\/escuela-oficios-tortel2-1_optimized-768x432.jpg 768w, https:\/\/radiorevelacionfm.cl\/wp-content\/uploads\/2025\/07\/escuela-oficios-tortel2-1_optimized-705x396.jpg 705w, https:\/\/radiorevelacionfm.cl\/wp-content\/uploads\/2025\/07\/escuela-oficios-tortel2-1_optimized-450x253.jpg 450w, https:\/\/radiorevelacionfm.cl\/wp-content\/uploads\/2025\/07\/escuela-oficios-tortel2-1_optimized-600x337.jpg 600w\" sizes=\"(max-width: 1067px) 100vw, 1067px\" \/><\/div><\/div><\/div><\/div><div class=\"flex_column av_one_full  flex_column_div av-zero-column-padding first  avia-builder-el-2  el_after_av_one_full  el_before_av_one_full  column-top-margin\" style='border-radius:0px; '><section class=\"av_textblock_section \"  itemscope=\"itemscope\" itemtype=\"https:\/\/schema.org\/BlogPosting\" itemprop=\"blogPost\" ><div class='avia_textblock  '   itemprop=\"text\" ><p style=\"text-align: center;\"><strong><span style=\"font-size: 18pt;\">Fondart financia Escuela de Oficios en Madera en localidad de Caleta Tortel<\/span><\/strong><\/p>\n<div id=\"gtx-trans\" style=\"position: absolute; left: -50px; top: 4.31534px;\">\n<div class=\"gtx-trans-icon\"><\/div>\n<\/div>\n<\/div><\/section><\/div><div class=\"flex_column av_one_full  flex_column_div av-zero-column-padding first  avia-builder-el-4  el_after_av_one_full  el_before_av_hr  column-top-margin\" style='border-radius:0px; '><section class=\"av_textblock_section \"  itemscope=\"itemscope\" itemtype=\"https:\/\/schema.org\/BlogPosting\" itemprop=\"blogPost\" ><div class='avia_textblock  '   itemprop=\"text\" ><p style=\"text-align: justify;\">Las pasarelas de Tortel son el reflejo natural de una historia ligada a la madera y a sus m\u00faltiples usos para la habitabilidad y la vida diaria. A partir de esta tradici\u00f3n, el Colectivo de Madereros de Tortel cre\u00f3 el proyecto Escuela de Oficios en Madera que se adjudic\u00f3 el Fondo de Desarrollo Cultural y las Artes 2025 del Ministerio de las Culturas.<\/p>\n<p style=\"text-align: justify;\">Con estos recursos, el colectivo est\u00e1 desarrollando diversos talleres que vinculan a la madera con el territorio, bajo una lectura circular que se puede apreciar en la reutilizaci\u00f3n del material de las viejas pasarelas de Caleta Tortel en las nuevas creaciones de las y los vecinos que participan.<\/p>\n<p style=\"text-align: justify;\">Francisca Ram\u00edrez, integrante del Colectivo de Madereros de Tortel, cuenta que la semilla del proyecto fue la creaci\u00f3n de una metodolog\u00eda que est\u00e1 permitiendo llevar la muebler\u00eda y otras pr\u00e1cticas a talleres abiertos a la comunidad: \u201cEl colectivo tiene personas con habilidades muy particulares en torno a la madera y nos dimos cuenta de que eso nos daba la posibilidad de ense\u00f1arles. La regi\u00f3n completa, en realidad, tienen formas bien particulares de habitar, entonces, nos preguntamos \u00bfpor qu\u00e9 si habitamos de una manera particular el territorio, tenemos que usar objetos que son est\u00e1ndar?\u201d.<\/p>\n<p style=\"text-align: justify;\">Esta pregunta y el inter\u00e9s por transmitir conocimientos han sido una motivaci\u00f3n permanente y esta experiencia le permite a la comunidad concurrente pensar en su entorno y crear piezas para el propio bienestar, tales como elementos de cocina, muebles para dejar los zapatos en invierno, veladores y otros art\u00edculos.<\/p>\n<p style=\"text-align: justify;\">El seremi de Culturas Ays\u00e9n, Felipe Quiroz, felicit\u00f3 la iniciativa y dijo que \u201cla madera no es solo un recurso en Ays\u00e9n, es memoria viva. Es la forma en que nuestras comunidades han habitado, construido y dado sentido al territorio. Por eso, el trabajo del Colectivo de Madereros de Caleta Tortel representa mucho m\u00e1s que un oficio: encarna una pr\u00e1ctica cultural profundamente arraigada, que desaf\u00eda el olvido. Desde la institucionalidad, reconocemos que su labor no solo transfiere conocimientos t\u00e9cnicos, sino que tambi\u00e9n activa procesos de dignificaci\u00f3n del trabajo manual, de valorizaci\u00f3n del patrimonio material e inmaterial, y de la soberan\u00eda territorial. Experiencias como esta nos recuerdan que el futuro se construye desde las ra\u00edces. La madera, trabajada con historia y conciencia, no es solo estructura: es memoria encarnada en cada veta\u201d.<\/p>\n<p style=\"text-align: justify;\">El carpintero y constructor Mat\u00edas Poblete dict\u00f3 el primer m\u00f3dulo del Taller de Muebler\u00eda que se extender\u00e1 por 40 horas en Caleta Tortel. Habr\u00e1, adem\u00e1s, dos talleres adicionales: uno de Construcci\u00f3n de Yerbero con el artesano y carpintero Miguel Hern\u00e1ndez y otro de Tallado en Madera, a cargo del artesano L\u00e1zaro Igor, cocreador del proyecto.<\/p>\n<p style=\"text-align: justify;\">La Escuela de Oficios en Madera de Caleta Tortel se trasladar\u00e1 luego a Puerto Tranquilo, donde dictar\u00e1 el Taller de Muebler\u00eda; y despu\u00e9s a Puerto Ingeniero Ib\u00e1\u00f1ez, cuyas vecinas y vecinos podr\u00e1n aprender a tallar madera.<\/p>\n<\/div><\/section><\/div><div  style='height:50px' class='hr hr-invisible   avia-builder-el-6  el_after_av_one_full  el_before_av_social_share '><span class='hr-inner ' ><span class='hr-inner-style'><\/span><\/span><\/div><\/p>\n<div  class='av-social-sharing-box  avia-builder-el-7  el_after_av_hr  el_before_av_hr  '><div class='av-share-box'><h5 class='av-share-link-description av-no-toc '>Compartir esta noticia<\/h5><ul class='av-share-box-list noLightbox'><li class='av-share-link av-social-link-facebook' ><a target=\"_blank\" aria-label=\"Compartir en Facebook\" href='https:\/\/www.facebook.com\/sharer.php?u=https:\/\/radiorevelacionfm.cl\/?p=57063&#038;t=Fondart%20financia%20Escuela%20de%20Oficios%20en%20Madera%20en%20localidad%20de%20Caleta%20Tortel' aria-hidden='false' data-av_icon='\ue8f3' data-av_iconfont='entypo-fontello' title='' data-avia-related-tooltip='Compartir en Facebook' rel=\"noopener\"><span class='avia_hidden_link_text'>Compartir en Facebook<\/span><\/a><\/li><li class='av-share-link av-social-link-twitter' ><a target=\"_blank\" aria-label=\"Compartir en Twitter\" href='https:\/\/twitter.com\/share?text=Fondart%20financia%20Escuela%20de%20Oficios%20en%20Madera%20en%20localidad%20de%20Caleta%20Tortel&#038;url=https:\/\/radiorevelacionfm.cl\/?p=57063' aria-hidden='false' data-av_icon='\ue8f1' data-av_iconfont='entypo-fontello' title='' data-avia-related-tooltip='Compartir en Twitter' rel=\"noopener\"><span class='avia_hidden_link_text'>Compartir en Twitter<\/span><\/a><\/li><li class='av-share-link av-social-link-whatsapp' ><a target=\"_blank\" aria-label=\"Compartir en Whatsapp\" href='https:\/\/api.whatsapp.com\/send?text=https:\/\/radiorevelacionfm.cl\/?p=57063' aria-hidden='false' data-av_icon='\uf232' data-av_iconfont='entypo-fontello' title='' data-avia-related-tooltip='Compartir en Whatsapp' rel=\"noopener\"><span class='avia_hidden_link_text'>Compartir en Whatsapp<\/span><\/a><\/li><li class='av-share-link av-social-link-linkedin' ><a target=\"_blank\" aria-label=\"Compartir en LinkedIn\" href='https:\/\/linkedin.com\/shareArticle?mini=true&#038;title=Fondart%20financia%20Escuela%20de%20Oficios%20en%20Madera%20en%20localidad%20de%20Caleta%20Tortel&#038;url=https:\/\/radiorevelacionfm.cl\/?p=57063' aria-hidden='false' data-av_icon='\ue8fc' data-av_iconfont='entypo-fontello' title='' data-avia-related-tooltip='Compartir en LinkedIn' rel=\"noopener\"><span class='avia_hidden_link_text'>Compartir en LinkedIn<\/span><\/a><\/li><li class='av-share-link av-social-link-mail' ><a  aria-label=\"Compartir por correo\" href='mailto:?subject=Fondart%20financia%20Escuela%20de%20Oficios%20en%20Madera%20en%20localidad%20de%20Caleta%20Tortel&#038;body=https:\/\/radiorevelacionfm.cl\/?p=57063' aria-hidden='false' data-av_icon='\ue805' data-av_iconfont='entypo-fontello' title='' data-avia-related-tooltip='Compartir por correo'><span class='avia_hidden_link_text'>Compartir por correo<\/span><\/a><\/li><\/ul><\/div><\/div>\n<div  style='height:50px' class='hr hr-invisible   avia-builder-el-8  el_after_av_social_share  el_before_av_comments_list '><span class='hr-inner ' ><span class='hr-inner-style'><\/span><\/span><\/div>\n<div  class='av-buildercomment  av-blog-meta-html-info-disabled av-blog-meta-tag-disabled  '><\/div>\n","protected":false},"excerpt":{"rendered":"","protected":false},"author":1,"featured_media":57064,"comment_status":"closed","ping_status":"closed","sticky":false,"template":"","format":"standard","meta":{"footnotes":""},"categories":[52],"tags":[],"class_list":["post-57063","post","type-post","status-publish","format-standard","has-post-thumbnail","hentry","category-cultura"],"jetpack_featured_media_url":"https:\/\/radiorevelacionfm.cl\/wp-content\/uploads\/2025\/07\/escuela-oficios-tortel2-1_optimized.jpg","_links":{"self":[{"href":"https:\/\/radiorevelacionfm.cl\/index.php?rest_route=\/wp\/v2\/posts\/57063","targetHints":{"allow":["GET"]}}],"collection":[{"href":"https:\/\/radiorevelacionfm.cl\/index.php?rest_route=\/wp\/v2\/posts"}],"about":[{"href":"https:\/\/radiorevelacionfm.cl\/index.php?rest_route=\/wp\/v2\/types\/post"}],"author":[{"embeddable":true,"href":"https:\/\/radiorevelacionfm.cl\/index.php?rest_route=\/wp\/v2\/users\/1"}],"replies":[{"embeddable":true,"href":"https:\/\/radiorevelacionfm.cl\/index.php?rest_route=%2Fwp%2Fv2%2Fcomments&post=57063"}],"version-history":[{"count":2,"href":"https:\/\/radiorevelacionfm.cl\/index.php?rest_route=\/wp\/v2\/posts\/57063\/revisions"}],"predecessor-version":[{"id":57066,"href":"https:\/\/radiorevelacionfm.cl\/index.php?rest_route=\/wp\/v2\/posts\/57063\/revisions\/57066"}],"wp:featuredmedia":[{"embeddable":true,"href":"https:\/\/radiorevelacionfm.cl\/index.php?rest_route=\/wp\/v2\/media\/57064"}],"wp:attachment":[{"href":"https:\/\/radiorevelacionfm.cl\/index.php?rest_route=%2Fwp%2Fv2%2Fmedia&parent=57063"}],"wp:term":[{"taxonomy":"category","embeddable":true,"href":"https:\/\/radiorevelacionfm.cl\/index.php?rest_route=%2Fwp%2Fv2%2Fcategories&post=57063"},{"taxonomy":"post_tag","embeddable":true,"href":"https:\/\/radiorevelacionfm.cl\/index.php?rest_route=%2Fwp%2Fv2%2Ftags&post=57063"}],"curies":[{"name":"wp","href":"https:\/\/api.w.org\/{rel}","templated":true}]}}