{"id":57059,"date":"2025-07-29T14:55:44","date_gmt":"2025-07-29T17:55:44","guid":{"rendered":"https:\/\/radiorevelacionfm.cl\/?p=57059"},"modified":"2025-07-29T14:55:44","modified_gmt":"2025-07-29T17:55:44","slug":"seremis-de-aysen-destacan-compromiso-de-gobierno-con-campesinos-y-juventudes-rurales","status":"publish","type":"post","link":"https:\/\/radiorevelacionfm.cl\/?p=57059","title":{"rendered":"Seremis de Ays\u00e9n destacan compromiso de Gobierno con campesinos y juventudes rurales"},"content":{"rendered":"<div class=\"flex_column av_one_full  flex_column_div av-zero-column-padding first  avia-builder-el-0  el_before_av_one_full  avia-builder-el-first  \" style='border-radius:0px; '><div  class='avia-image-container  av-styling-    avia-builder-el-1  avia-builder-el-no-sibling  avia-align-center '  itemprop=\"image\" itemscope=\"itemscope\" itemtype=\"https:\/\/schema.org\/ImageObject\"  ><div class='avia-image-container-inner'><div class='avia-image-overlay-wrap'><img decoding=\"async\" class='wp-image-57060 avia-img-lazy-loading-not-57060 avia_image' src=\"https:\/\/radiorevelacionfm.cl\/wp-content\/uploads\/2025\/07\/seremi-de-gobierno-y-seremi-de-agricultura-cp-28_optimized.07.25-1.jpeg\" alt='' title='seremi-de-gobierno-y-seremi-de-agricultura-cp-28_optimized.07.25-(1)' height=\"615\" width=\"801\"  itemprop=\"thumbnailUrl\" srcset=\"https:\/\/radiorevelacionfm.cl\/wp-content\/uploads\/2025\/07\/seremi-de-gobierno-y-seremi-de-agricultura-cp-28_optimized.07.25-1.jpeg 801w, https:\/\/radiorevelacionfm.cl\/wp-content\/uploads\/2025\/07\/seremi-de-gobierno-y-seremi-de-agricultura-cp-28_optimized.07.25-1-300x230.jpeg 300w, https:\/\/radiorevelacionfm.cl\/wp-content\/uploads\/2025\/07\/seremi-de-gobierno-y-seremi-de-agricultura-cp-28_optimized.07.25-1-768x590.jpeg 768w, https:\/\/radiorevelacionfm.cl\/wp-content\/uploads\/2025\/07\/seremi-de-gobierno-y-seremi-de-agricultura-cp-28_optimized.07.25-1-705x541.jpeg 705w, https:\/\/radiorevelacionfm.cl\/wp-content\/uploads\/2025\/07\/seremi-de-gobierno-y-seremi-de-agricultura-cp-28_optimized.07.25-1-450x346.jpeg 450w, https:\/\/radiorevelacionfm.cl\/wp-content\/uploads\/2025\/07\/seremi-de-gobierno-y-seremi-de-agricultura-cp-28_optimized.07.25-1-600x461.jpeg 600w\" sizes=\"(max-width: 801px) 100vw, 801px\" \/><\/div><\/div><\/div><\/div><div class=\"flex_column av_one_full  flex_column_div av-zero-column-padding first  avia-builder-el-2  el_after_av_one_full  el_before_av_one_full  column-top-margin\" style='border-radius:0px; '><section class=\"av_textblock_section \"  itemscope=\"itemscope\" itemtype=\"https:\/\/schema.org\/BlogPosting\" itemprop=\"blogPost\" ><div class='avia_textblock  '   itemprop=\"text\" ><p style=\"text-align: center;\"><strong><span style=\"font-size: 18pt;\">Seremis de Ays\u00e9n destacan compromiso de Gobierno con campesinos y juventudes rurales<\/span><\/strong><\/p>\n<div id=\"gtx-trans\" style=\"position: absolute; left: -50px; top: 4.31534px;\">\n<div class=\"gtx-trans-icon\"><\/div>\n<\/div>\n<\/div><\/section><\/div><div class=\"flex_column av_one_full  flex_column_div av-zero-column-padding first  avia-builder-el-4  el_after_av_one_full  el_before_av_hr  column-top-margin\" style='border-radius:0px; '><section class=\"av_textblock_section \"  itemscope=\"itemscope\" itemtype=\"https:\/\/schema.org\/BlogPosting\" itemprop=\"blogPost\" ><div class='avia_textblock  '   itemprop=\"text\" ><ul>\n<li style=\"text-align: justify;\"><em>Iniciativas para fortalecer la agricultura familiar campesina, entrega de t\u00edtulos de aprovechamiento de aguas para comunidades ind\u00edgenas y proyectos de riego intrapredial son parte de los avances regionales. <\/em><\/li>\n<\/ul>\n<p style=\"text-align: justify;\">En el marco del D\u00eda Nacional de las y los Campesinos, el presidente de la Rep\u00fablica Gabriel Boric Font, junto al ministro de Agricultura Esteban Valenzuela Van Treek, anunci\u00f3 la primera pol\u00edtica p\u00fablica que reconoce a las juventudes rurales como protagonistas del desarrollo del pa\u00eds. El seremi de Agricultura de Ays\u00e9n, Eugenio Ruiz Espinoza, y su par de Gobierno \u00darsula Mix, reconocieron el compromiso del Ejecutivo por el desarrollo rural de Chile y destacaron los avances regionales en la materia.<\/p>\n<p style=\"text-align: justify;\">Cada 28 de julio se conmemora el D\u00eda Nacional de las Campesinas y Campesinos, fecha en la que se promulg\u00f3 la Ley de Reforma Agraria y la Ley de Sindicalizaci\u00f3n Campesina, lo que permite marcar un antes y un despu\u00e9s en la historia y la dignidad rural del mundo campesino chileno. Las modificaciones a dicha normativa permitieron reestructurar la tenencia de tierras, impulsando la organizaci\u00f3n sindical y permitiendo construir una sociedad m\u00e1s justa y equitativa.<\/p>\n<p style=\"text-align: justify;\">Desde el frontis de el Palacio de La Moneda, este lunes el presidente Gabriel Boric, junto al ministro de Agricultura, Esteban Valenzuela, se refiri\u00f3 a los avances de Gobierno por la agricultura familiar campesina y anunci\u00f3 la creaci\u00f3n de la primera pol\u00edtica p\u00fablica que pone en el centro el desarrollo y la formaci\u00f3n de las juventudes en el campo. De igual forma, la instancia permiti\u00f3 destacar el trabajo de campesinas y campesinos del pa\u00eds, quienes son fundamentales en la producci\u00f3n de alimentos y permiten avanzar en la soberan\u00eda alimentaria.<\/p>\n<p style=\"text-align: justify;\">La <em>Pol\u00edtica Nacional de Juventudes Rurales<\/em> que se ejecutar\u00e1 a trav\u00e9s del Instituto de Desarrollo Agropecuario (INDAP), busca dar oportunidades a j\u00f3venes que habitan zonas rurales ante la migraci\u00f3n forzada, estableciendo di\u00e1logos que permitan conocer sus necesidades y propuestas para la inclusi\u00f3n y desarrollo integral hacia personas entre 15 y 40 a\u00f1os. Con ello, su objetivo impulsa promover la autonom\u00eda econ\u00f3mica, el fortalecimiento de la educaci\u00f3n rural, el acceso a la salud mental y a la prevenci\u00f3n del consumo de sustancias, y el impulso del patrimonio biocultural.<\/p>\n<p style=\"text-align: justify;\">\u201cEl Gobierno del presidente Boric tiene un compromiso con la agricultura que vemos en las iniciativas que buscan su crecimiento y fortalecimiento, como la Pol\u00edtica Nacional de Juventudes Rurales, que apoya a j\u00f3venes rurales; el Plan de Mujeres Rurales de Prodemu con las escuelas de lideresas, que incorpora mirada de g\u00e9nero en el campo y el desarrollo rural ind\u00edgena. El agro es una prioridad, porque reconoce su valor, se compromete con la tierra y permite el desarrollo del pa\u00eds\u201d, se\u00f1al\u00f3 la seremi de Gobierno en la regi\u00f3n de Ays\u00e9n, \u00darsula Mix.<\/p>\n<p style=\"text-align: justify;\">Avances para la agricultura familiar campesina e ind\u00edgena como bonos Ley de Riego, destinados a peque\u00f1as y peque\u00f1os agricultores; el programa Tierras Vivas, que facilita el acceso a la tierra para agricultores y permite una reducci\u00f3n de alrededor del 50 % del precio de arriendo de terrenos fiscales; Mi Primer Negocio Rural, que entrega una inversi\u00f3n inicial y asesor\u00eda por tres a\u00f1os para desarrollar el negocio; Mercados Campesinos; Mujeres Rurales, que a trav\u00e9s de diferentes iniciativas impulsa la autonom\u00eda econom\u00eda de las mujeres en el agro, entre otras iniciativas, son algunos de los avances concretos que ha impulsado este Gobierno para avanzar con una mirada social y equitativa.<\/p>\n<p style=\"text-align: justify;\">Por su parte, el seremi de Agricultura Eugenio Ruiz detall\u00f3 que \u201cen la regi\u00f3n de Ays\u00e9n nuestro Gobierno ha estado presente por y para el sector rural, con un especial \u00e9nfasis en mujeres, juventudes y comunidades ind\u00edgenas de los territorios rurales de la Patagonia. El agua, la emergencia clim\u00e1tica y la agricultura familiar campesina han sido algunos de nuestros pilares y por esto con CNR entregamos 12 proyectos de riego intrapedial, y junto a Conadi y la DGA, este a\u00f1o logramos entregar 100 derechos de agua para personas ind\u00edgenas. Nos hemos hecho cargo de una inversi\u00f3n hist\u00f3rica en materia de riego\u201d.<\/p>\n<p style=\"text-align: justify;\">\u201cAdicionalmente, tenemos 10 iniciativas de inversi\u00f3n vigente que permitir\u00e1n avanzar en consolidar el desarrollo rural sostenible y territorial, adem\u00e1s de otras en proceso de tramitaci\u00f3n. Hemos inaugurado una nueva oficina de SAG en La Junta, y aumentamos el flujo de proyectos y personas beneficiadas con la Fundaci\u00f3n para la Innovaci\u00f3n Agraria (FIA), entre otros logros, por lo que agradecemos a nuestros usuarios por trabajar junto al Ministerio de Agricultura para que juntas y juntos logremos fortalecer el campo de Ays\u00e9n\u201c, concluy\u00f3 Ruiz.<\/p>\n<\/div><\/section><\/div><div  style='height:50px' class='hr hr-invisible   avia-builder-el-6  el_after_av_one_full  el_before_av_social_share '><span class='hr-inner ' ><span class='hr-inner-style'><\/span><\/span><\/div><\/p>\n<div  class='av-social-sharing-box  avia-builder-el-7  el_after_av_hr  el_before_av_hr  '><div class='av-share-box'><h5 class='av-share-link-description av-no-toc '>Compartir esta noticia<\/h5><ul class='av-share-box-list noLightbox'><li class='av-share-link av-social-link-facebook' ><a target=\"_blank\" aria-label=\"Compartir en Facebook\" href='https:\/\/www.facebook.com\/sharer.php?u=https:\/\/radiorevelacionfm.cl\/?p=57059&#038;t=Seremis%20de%20Ays%C3%A9n%20destacan%20compromiso%20de%20Gobierno%20con%20campesinos%20y%20juventudes%20rurales' aria-hidden='false' data-av_icon='\ue8f3' data-av_iconfont='entypo-fontello' title='' data-avia-related-tooltip='Compartir en Facebook' rel=\"noopener\"><span class='avia_hidden_link_text'>Compartir en Facebook<\/span><\/a><\/li><li class='av-share-link av-social-link-twitter' ><a target=\"_blank\" aria-label=\"Compartir en Twitter\" href='https:\/\/twitter.com\/share?text=Seremis%20de%20Ays%C3%A9n%20destacan%20compromiso%20de%20Gobierno%20con%20campesinos%20y%20juventudes%20rurales&#038;url=https:\/\/radiorevelacionfm.cl\/?p=57059' aria-hidden='false' data-av_icon='\ue8f1' data-av_iconfont='entypo-fontello' title='' data-avia-related-tooltip='Compartir en Twitter' rel=\"noopener\"><span class='avia_hidden_link_text'>Compartir en Twitter<\/span><\/a><\/li><li class='av-share-link av-social-link-whatsapp' ><a target=\"_blank\" aria-label=\"Compartir en Whatsapp\" href='https:\/\/api.whatsapp.com\/send?text=https:\/\/radiorevelacionfm.cl\/?p=57059' aria-hidden='false' data-av_icon='\uf232' data-av_iconfont='entypo-fontello' title='' data-avia-related-tooltip='Compartir en Whatsapp' rel=\"noopener\"><span class='avia_hidden_link_text'>Compartir en Whatsapp<\/span><\/a><\/li><li class='av-share-link av-social-link-linkedin' ><a target=\"_blank\" aria-label=\"Compartir en LinkedIn\" href='https:\/\/linkedin.com\/shareArticle?mini=true&#038;title=Seremis%20de%20Ays%C3%A9n%20destacan%20compromiso%20de%20Gobierno%20con%20campesinos%20y%20juventudes%20rurales&#038;url=https:\/\/radiorevelacionfm.cl\/?p=57059' aria-hidden='false' data-av_icon='\ue8fc' data-av_iconfont='entypo-fontello' title='' data-avia-related-tooltip='Compartir en LinkedIn' rel=\"noopener\"><span class='avia_hidden_link_text'>Compartir en LinkedIn<\/span><\/a><\/li><li class='av-share-link av-social-link-mail' ><a  aria-label=\"Compartir por correo\" href='mailto:?subject=Seremis%20de%20Ays%C3%A9n%20destacan%20compromiso%20de%20Gobierno%20con%20campesinos%20y%20juventudes%20rurales&#038;body=https:\/\/radiorevelacionfm.cl\/?p=57059' aria-hidden='false' data-av_icon='\ue805' data-av_iconfont='entypo-fontello' title='' data-avia-related-tooltip='Compartir por correo'><span class='avia_hidden_link_text'>Compartir por correo<\/span><\/a><\/li><\/ul><\/div><\/div>\n<div  style='height:50px' class='hr hr-invisible   avia-builder-el-8  el_after_av_social_share  el_before_av_comments_list '><span class='hr-inner ' ><span class='hr-inner-style'><\/span><\/span><\/div>\n<div  class='av-buildercomment  av-blog-meta-html-info-disabled av-blog-meta-tag-disabled  '><\/div>\n","protected":false},"excerpt":{"rendered":"","protected":false},"author":1,"featured_media":57060,"comment_status":"closed","ping_status":"closed","sticky":false,"template":"","format":"standard","meta":{"footnotes":""},"categories":[38],"tags":[],"class_list":["post-57059","post","type-post","status-publish","format-standard","has-post-thumbnail","hentry","category-regional"],"jetpack_featured_media_url":"https:\/\/radiorevelacionfm.cl\/wp-content\/uploads\/2025\/07\/seremi-de-gobierno-y-seremi-de-agricultura-cp-28_optimized.07.25-1.jpeg","_links":{"self":[{"href":"https:\/\/radiorevelacionfm.cl\/index.php?rest_route=\/wp\/v2\/posts\/57059","targetHints":{"allow":["GET"]}}],"collection":[{"href":"https:\/\/radiorevelacionfm.cl\/index.php?rest_route=\/wp\/v2\/posts"}],"about":[{"href":"https:\/\/radiorevelacionfm.cl\/index.php?rest_route=\/wp\/v2\/types\/post"}],"author":[{"embeddable":true,"href":"https:\/\/radiorevelacionfm.cl\/index.php?rest_route=\/wp\/v2\/users\/1"}],"replies":[{"embeddable":true,"href":"https:\/\/radiorevelacionfm.cl\/index.php?rest_route=%2Fwp%2Fv2%2Fcomments&post=57059"}],"version-history":[{"count":2,"href":"https:\/\/radiorevelacionfm.cl\/index.php?rest_route=\/wp\/v2\/posts\/57059\/revisions"}],"predecessor-version":[{"id":57062,"href":"https:\/\/radiorevelacionfm.cl\/index.php?rest_route=\/wp\/v2\/posts\/57059\/revisions\/57062"}],"wp:featuredmedia":[{"embeddable":true,"href":"https:\/\/radiorevelacionfm.cl\/index.php?rest_route=\/wp\/v2\/media\/57060"}],"wp:attachment":[{"href":"https:\/\/radiorevelacionfm.cl\/index.php?rest_route=%2Fwp%2Fv2%2Fmedia&parent=57059"}],"wp:term":[{"taxonomy":"category","embeddable":true,"href":"https:\/\/radiorevelacionfm.cl\/index.php?rest_route=%2Fwp%2Fv2%2Fcategories&post=57059"},{"taxonomy":"post_tag","embeddable":true,"href":"https:\/\/radiorevelacionfm.cl\/index.php?rest_route=%2Fwp%2Fv2%2Ftags&post=57059"}],"curies":[{"name":"wp","href":"https:\/\/api.w.org\/{rel}","templated":true}]}}