{"id":57056,"date":"2025-07-29T15:38:48","date_gmt":"2025-07-29T18:38:48","guid":{"rendered":"https:\/\/radiorevelacionfm.cl\/?p=57056"},"modified":"2025-07-29T15:38:48","modified_gmt":"2025-07-29T18:38:48","slug":"turberas-un-tesoro-escondido-en-la-patagonia-que-podras-explorar-en-el-museo-regional-de-aysen","status":"publish","type":"post","link":"https:\/\/radiorevelacionfm.cl\/?p=57056","title":{"rendered":"Turberas: Un tesoro escondido en la Patagonia que podr\u00e1s explorar en el Museo Regional de Ays\u00e9n"},"content":{"rendered":"<div class=\"flex_column av_one_full  flex_column_div av-zero-column-padding first  avia-builder-el-0  el_before_av_one_full  avia-builder-el-first  \" style='border-radius:0px; '><div  class='avia-image-container  av-styling-    avia-builder-el-1  avia-builder-el-no-sibling  avia-align-center '  itemprop=\"image\" itemscope=\"itemscope\" itemtype=\"https:\/\/schema.org\/ImageObject\"  ><div class='avia-image-container-inner'><div class='avia-image-overlay-wrap'><img decoding=\"async\" class='wp-image-57057 avia-img-lazy-loading-not-57057 avia_image' src=\"https:\/\/radiorevelacionfm.cl\/wp-content\/uploads\/2025\/07\/img_4836-1_optimized-1.jpg\" alt='' title='img_4836-(1)_optimized (1)' height=\"600\" width=\"800\"  itemprop=\"thumbnailUrl\" srcset=\"https:\/\/radiorevelacionfm.cl\/wp-content\/uploads\/2025\/07\/img_4836-1_optimized-1.jpg 800w, https:\/\/radiorevelacionfm.cl\/wp-content\/uploads\/2025\/07\/img_4836-1_optimized-1-300x225.jpg 300w, https:\/\/radiorevelacionfm.cl\/wp-content\/uploads\/2025\/07\/img_4836-1_optimized-1-768x576.jpg 768w, https:\/\/radiorevelacionfm.cl\/wp-content\/uploads\/2025\/07\/img_4836-1_optimized-1-705x529.jpg 705w, https:\/\/radiorevelacionfm.cl\/wp-content\/uploads\/2025\/07\/img_4836-1_optimized-1-450x338.jpg 450w, https:\/\/radiorevelacionfm.cl\/wp-content\/uploads\/2025\/07\/img_4836-1_optimized-1-600x450.jpg 600w\" sizes=\"(max-width: 800px) 100vw, 800px\" \/><\/div><\/div><\/div><\/div><div class=\"flex_column av_one_full  flex_column_div av-zero-column-padding first  avia-builder-el-2  el_after_av_one_full  el_before_av_one_full  column-top-margin\" style='border-radius:0px; '><section class=\"av_textblock_section \"  itemscope=\"itemscope\" itemtype=\"https:\/\/schema.org\/BlogPosting\" itemprop=\"blogPost\" ><div class='avia_textblock  '   itemprop=\"text\" ><p style=\"text-align: center;\"><strong><span style=\"font-size: 18pt;\">Turberas: Un tesoro escondido en la Patagonia que podr\u00e1s explorar en el Museo Regional de Ays\u00e9n<\/span><\/strong><\/p>\n<div id=\"gtx-trans\" style=\"position: absolute; left: -50px; top: 4.31534px;\">\n<div class=\"gtx-trans-icon\"><\/div>\n<\/div>\n<\/div><\/section><\/div><div class=\"flex_column av_one_full  flex_column_div av-zero-column-padding first  avia-builder-el-4  el_after_av_one_full  el_before_av_hr  column-top-margin\" style='border-radius:0px; '><section class=\"av_textblock_section \"  itemscope=\"itemscope\" itemtype=\"https:\/\/schema.org\/BlogPosting\" itemprop=\"blogPost\" ><div class='avia_textblock  '   itemprop=\"text\" ><p class=\"v1gmail-MsoListParagraph\" style=\"text-align: justify;\">Una experiencia gratuita e inmersiva que une ciencia, tecnolog\u00eda y naturaleza \u00a0es la que propone la exposici\u00f3n que se inaugurar\u00e1 el viernes 1 de agosto a las 10:30 horas en el Museo Regional de Ays\u00e9n, permaneciendo abierta al p\u00fablico hasta el 31 del mismo mes.<\/p>\n<p class=\"v1MsoNormal\" style=\"text-align: justify;\">Durante todo agosto, el Museo Regional de Ays\u00e9n ser\u00e1 el escenario de la muestra \u00abTurberas: un tesoro escondido en la Patagonia<b>\u00ab<\/b>, una exposici\u00f3n gratuita y abierta a todo p\u00fablico que invita a conocer y valorar las turberas. A trav\u00e9s de un recorrido sensorial, la muestra conecta el conocimiento cient\u00edfico recopilado por INIA y sus asociados con una propuesta art\u00edstica, ofreciendo una experiencia inmersiva que acerca estos valiosos ecosistemas a la ciudadan\u00eda.<\/p>\n<p class=\"v1MsoNormal\" style=\"text-align: justify;\">La actividad es impulsada por INIA Tamel Aike, el Museo Regional de Ays\u00e9n y el Centro de Investigaci\u00f3n en Ecosistemas de la Patagonia (CIEP), en el marco de un proyecto financiado por el Programa Ciencia P\u00fablica del Ministerio de Ciencia, Tecnolog\u00eda, Conocimiento e Innovaci\u00f3n. Esta iniciativa se alinea con los objetivos del Ministerio de Agricultura, que promueven una agricultura sostenible, resiliente al cambio clim\u00e1tico y orientada a la conservaci\u00f3n de los recursos naturales.<\/p>\n<p class=\"v1MsoNormal\" style=\"text-align: justify;\">\u00abA trav\u00e9s de un recorrido interactivo, recursos de realidad aumentada, proyecciones, fotograf\u00edas y sonidos de la naturaleza, los visitantes podr\u00e1n descubrir c\u00f3mo estos humedales milenarios act\u00faan como verdaderas esponjas naturales: almacenan agua de lluvia y la liberan lentamente, capturan carbono atmosf\u00e9rico y lo almacenan, ofreciendo un refugio a una biodiversidad \u00fanica\u00bb, se\u00f1ala la investigadora Mar\u00eda Paz Mart\u00ednez, quien lidera el proyecto.<\/p>\n<p class=\"v1MsoNormal\" style=\"text-align: justify;\">A nivel internacional, las turberas fueron reconocidas por la COP25 como reservas estrat\u00e9gicas frente al cambio clim\u00e1tico. En el pasado, en el hemisferio norte fueron utilizadas como fuente de energ\u00eda, aunque hoy se promueve su uso sostenible y su restauraci\u00f3n.<\/p>\n<p class=\"v1MsoNormal\" style=\"text-align: justify;\">\u00abEsta exposici\u00f3n busca acercar a la ciudadan\u00eda al conocimiento y valoraci\u00f3n de ecosistemas como las turberas, esenciales para la regulaci\u00f3n del agua y el clima. Para avanzar hacia un desarrollo sostenible, necesitamos conservar y usar responsablemente nuestros recursos naturales. Desde INIA impulsamos este enfoque, promoviendo un agro m\u00e1s sostenible, adaptado al cambio clim\u00e1tico y con menor emisi\u00f3n de Gases de Efecto Invernadero\u00bb, se\u00f1al\u00f3 Camila Reyes, directora de INIA Tamel Aike.<\/p>\n<p class=\"v1MsoNormal\" style=\"text-align: justify;\">Ver\u00f3nica Vallejos, seremi de Ciencia, Tecnolog\u00eda, Conocimiento e Innovaci\u00f3n, valor\u00f3 la iniciativa:<\/p>\n<p class=\"v1MsoNormal\" style=\"text-align: justify;\">\u00abEl Programa Ciencia P\u00fablica es una de nuestras principales herramientas para acercar el conocimiento generado a trav\u00e9s de la ciencia a la comunidad, pero de una manera diferente, con proyectos novedosos y formatos diversos. Este proyecto en particular, que trabaja con turberas e interviene un espacio p\u00fablico, es sumamente relevante porque est\u00e1 acercando los saberes de nuestros ecosistemas a la gente, en especial aqu\u00ed en Coyhaique, pero tambi\u00e9n queda disponible para toda la regi\u00f3n\u00bb.<\/p>\n<p class=\"v1MsoNormal\" style=\"text-align: justify;\"><b>Importancia y distribuci\u00f3n de las turberas en Ays\u00e9n<\/b><\/p>\n<p class=\"v1MsoNormal\" style=\"text-align: justify;\">INIA ha trabajado con turberas de\u00a0<i>Sphagnum<\/i>, ya que actualmente est\u00e1n siendo cosechadas y exportadas principalmente hacia pa\u00edses asi\u00e1ticos, por su capacidad de retenci\u00f3n de agua.<\/p>\n<p class=\"v1MsoNormal\" style=\"text-align: justify;\">El libro\u00a0<i>\u00abFunciones y servicios ecosist\u00e9micos de las turberas de Sphagnum en la regi\u00f3n de Ays\u00e9n\u00bb<\/i>, editado por INIA y disponible en su Biblioteca Digital, menciona que estos ecosistemas cubren aproximadamente 15.240 hect\u00e1reas en la regi\u00f3n, concentr\u00e1ndose principalmente en las provincias de Capit\u00e1n Prat y Ays\u00e9n. Su identificaci\u00f3n y caracterizaci\u00f3n ha sido posible gracias al uso de tecnolog\u00edas como im\u00e1genes satelitales y fotointerpretaci\u00f3n, permitiendo incluso registrar turberas en comunas que no figuraban en catastros anteriores, como Guaitecas, Ib\u00e1\u00f1ez y Chile Chico.<\/p>\n<p class=\"v1MsoNormal\" style=\"text-align: justify;\">Adem\u00e1s, durante el a\u00f1o 2023, el Ministerio del Medio Ambiente inici\u00f3 un inventario regional que incluye todos los tipos de turberas presentes en la regi\u00f3n.<\/p>\n<\/div><\/section><\/div><div  style='height:50px' class='hr hr-invisible   avia-builder-el-6  el_after_av_one_full  el_before_av_social_share '><span class='hr-inner ' ><span class='hr-inner-style'><\/span><\/span><\/div><\/p>\n<div  class='av-social-sharing-box  avia-builder-el-7  el_after_av_hr  el_before_av_hr  '><div class='av-share-box'><h5 class='av-share-link-description av-no-toc '>Compartir esta noticia<\/h5><ul class='av-share-box-list noLightbox'><li class='av-share-link av-social-link-facebook' ><a target=\"_blank\" aria-label=\"Compartir en Facebook\" href='https:\/\/www.facebook.com\/sharer.php?u=https:\/\/radiorevelacionfm.cl\/?p=57056&#038;t=Turberas%3A%20Un%20tesoro%20escondido%20en%20la%20Patagonia%20que%20podr%C3%A1s%20explorar%20en%20el%20Museo%20Regional%20de%20Ays%C3%A9n' aria-hidden='false' data-av_icon='\ue8f3' data-av_iconfont='entypo-fontello' title='' data-avia-related-tooltip='Compartir en Facebook' rel=\"noopener\"><span class='avia_hidden_link_text'>Compartir en Facebook<\/span><\/a><\/li><li class='av-share-link av-social-link-twitter' ><a target=\"_blank\" aria-label=\"Compartir en Twitter\" href='https:\/\/twitter.com\/share?text=Turberas%3A%20Un%20tesoro%20escondido%20en%20la%20Patagonia%20que%20podr%C3%A1s%20explorar%20en%20el%20Museo%20Regional%20de%20Ays%C3%A9n&#038;url=https:\/\/radiorevelacionfm.cl\/?p=57056' aria-hidden='false' data-av_icon='\ue8f1' data-av_iconfont='entypo-fontello' title='' data-avia-related-tooltip='Compartir en Twitter' rel=\"noopener\"><span class='avia_hidden_link_text'>Compartir en Twitter<\/span><\/a><\/li><li class='av-share-link av-social-link-whatsapp' ><a target=\"_blank\" aria-label=\"Compartir en Whatsapp\" href='https:\/\/api.whatsapp.com\/send?text=https:\/\/radiorevelacionfm.cl\/?p=57056' aria-hidden='false' data-av_icon='\uf232' data-av_iconfont='entypo-fontello' title='' data-avia-related-tooltip='Compartir en Whatsapp' rel=\"noopener\"><span class='avia_hidden_link_text'>Compartir en Whatsapp<\/span><\/a><\/li><li class='av-share-link av-social-link-linkedin' ><a target=\"_blank\" aria-label=\"Compartir en LinkedIn\" href='https:\/\/linkedin.com\/shareArticle?mini=true&#038;title=Turberas%3A%20Un%20tesoro%20escondido%20en%20la%20Patagonia%20que%20podr%C3%A1s%20explorar%20en%20el%20Museo%20Regional%20de%20Ays%C3%A9n&#038;url=https:\/\/radiorevelacionfm.cl\/?p=57056' aria-hidden='false' data-av_icon='\ue8fc' data-av_iconfont='entypo-fontello' title='' data-avia-related-tooltip='Compartir en LinkedIn' rel=\"noopener\"><span class='avia_hidden_link_text'>Compartir en LinkedIn<\/span><\/a><\/li><li class='av-share-link av-social-link-mail' ><a  aria-label=\"Compartir por correo\" href='mailto:?subject=Turberas%3A%20Un%20tesoro%20escondido%20en%20la%20Patagonia%20que%20podr%C3%A1s%20explorar%20en%20el%20Museo%20Regional%20de%20Ays%C3%A9n&#038;body=https:\/\/radiorevelacionfm.cl\/?p=57056' aria-hidden='false' data-av_icon='\ue805' data-av_iconfont='entypo-fontello' title='' data-avia-related-tooltip='Compartir por correo'><span class='avia_hidden_link_text'>Compartir por correo<\/span><\/a><\/li><\/ul><\/div><\/div>\n<div  style='height:50px' class='hr hr-invisible   avia-builder-el-8  el_after_av_social_share  el_before_av_comments_list '><span class='hr-inner ' ><span class='hr-inner-style'><\/span><\/span><\/div>\n<div  class='av-buildercomment  av-blog-meta-html-info-disabled av-blog-meta-tag-disabled  '><\/div>\n","protected":false},"excerpt":{"rendered":"","protected":false},"author":1,"featured_media":57057,"comment_status":"closed","ping_status":"closed","sticky":false,"template":"","format":"standard","meta":{"footnotes":""},"categories":[38],"tags":[],"class_list":["post-57056","post","type-post","status-publish","format-standard","has-post-thumbnail","hentry","category-regional"],"jetpack_featured_media_url":"https:\/\/radiorevelacionfm.cl\/wp-content\/uploads\/2025\/07\/img_4836-1_optimized-1.jpg","_links":{"self":[{"href":"https:\/\/radiorevelacionfm.cl\/index.php?rest_route=\/wp\/v2\/posts\/57056","targetHints":{"allow":["GET"]}}],"collection":[{"href":"https:\/\/radiorevelacionfm.cl\/index.php?rest_route=\/wp\/v2\/posts"}],"about":[{"href":"https:\/\/radiorevelacionfm.cl\/index.php?rest_route=\/wp\/v2\/types\/post"}],"author":[{"embeddable":true,"href":"https:\/\/radiorevelacionfm.cl\/index.php?rest_route=\/wp\/v2\/users\/1"}],"replies":[{"embeddable":true,"href":"https:\/\/radiorevelacionfm.cl\/index.php?rest_route=%2Fwp%2Fv2%2Fcomments&post=57056"}],"version-history":[{"count":2,"href":"https:\/\/radiorevelacionfm.cl\/index.php?rest_route=\/wp\/v2\/posts\/57056\/revisions"}],"predecessor-version":[{"id":57067,"href":"https:\/\/radiorevelacionfm.cl\/index.php?rest_route=\/wp\/v2\/posts\/57056\/revisions\/57067"}],"wp:featuredmedia":[{"embeddable":true,"href":"https:\/\/radiorevelacionfm.cl\/index.php?rest_route=\/wp\/v2\/media\/57057"}],"wp:attachment":[{"href":"https:\/\/radiorevelacionfm.cl\/index.php?rest_route=%2Fwp%2Fv2%2Fmedia&parent=57056"}],"wp:term":[{"taxonomy":"category","embeddable":true,"href":"https:\/\/radiorevelacionfm.cl\/index.php?rest_route=%2Fwp%2Fv2%2Fcategories&post=57056"},{"taxonomy":"post_tag","embeddable":true,"href":"https:\/\/radiorevelacionfm.cl\/index.php?rest_route=%2Fwp%2Fv2%2Ftags&post=57056"}],"curies":[{"name":"wp","href":"https:\/\/api.w.org\/{rel}","templated":true}]}}