{"id":57052,"date":"2025-07-29T11:25:39","date_gmt":"2025-07-29T14:25:39","guid":{"rendered":"https:\/\/radiorevelacionfm.cl\/?p=57052"},"modified":"2025-07-29T11:25:39","modified_gmt":"2025-07-29T14:25:39","slug":"chile-chico-amplian-en-tres-dias-la-detencion-de-tres-imputados-en-caso-de-homicidio-y-otros-delitos-ocurridos-el-domingo","status":"publish","type":"post","link":"https:\/\/radiorevelacionfm.cl\/?p=57052","title":{"rendered":"Chile Chico: Ampl\u00edan en tres d\u00edas la detenci\u00f3n de tres imputados en caso de homicidio y otros delitos ocurridos el domingo"},"content":{"rendered":"<div class=\"flex_column av_one_full  flex_column_div av-zero-column-padding first  avia-builder-el-0  el_before_av_one_full  avia-builder-el-first  \" style='border-radius:0px; '><div  class='avia-image-container  av-styling-    avia-builder-el-1  avia-builder-el-no-sibling  avia-align-center '  itemprop=\"image\" itemscope=\"itemscope\" itemtype=\"https:\/\/schema.org\/ImageObject\"  ><div class='avia-image-container-inner'><div class='avia-image-overlay-wrap'><img decoding=\"async\" class='wp-image-38529 avia-img-lazy-loading-not-38529 avia_image' src=\"https:\/\/radiorevelacionfm.cl\/wp-content\/uploads\/2024\/01\/fiscalia_chile_chico-2-1_optimized.jpg\" alt='' title='fiscalia_chile_chico-(2)-(1)_optimized' height=\"600\" width=\"926\"  itemprop=\"thumbnailUrl\" srcset=\"https:\/\/radiorevelacionfm.cl\/wp-content\/uploads\/2024\/01\/fiscalia_chile_chico-2-1_optimized.jpg 926w, https:\/\/radiorevelacionfm.cl\/wp-content\/uploads\/2024\/01\/fiscalia_chile_chico-2-1_optimized-300x194.jpg 300w, https:\/\/radiorevelacionfm.cl\/wp-content\/uploads\/2024\/01\/fiscalia_chile_chico-2-1_optimized-768x498.jpg 768w, https:\/\/radiorevelacionfm.cl\/wp-content\/uploads\/2024\/01\/fiscalia_chile_chico-2-1_optimized-705x457.jpg 705w, https:\/\/radiorevelacionfm.cl\/wp-content\/uploads\/2024\/01\/fiscalia_chile_chico-2-1_optimized-450x292.jpg 450w, https:\/\/radiorevelacionfm.cl\/wp-content\/uploads\/2024\/01\/fiscalia_chile_chico-2-1_optimized-600x389.jpg 600w\" sizes=\"(max-width: 926px) 100vw, 926px\" \/><\/div><\/div><\/div><\/div><div class=\"flex_column av_one_full  flex_column_div av-zero-column-padding first  avia-builder-el-2  el_after_av_one_full  el_before_av_one_full  column-top-margin\" style='border-radius:0px; '><section class=\"av_textblock_section \"  itemscope=\"itemscope\" itemtype=\"https:\/\/schema.org\/BlogPosting\" itemprop=\"blogPost\" ><div class='avia_textblock  '   itemprop=\"text\" ><p style=\"text-align: center;\"><strong><span style=\"font-size: 18pt;\">Chile Chico: Ampl\u00edan en tres d\u00edas la detenci\u00f3n de tres imputados en caso de homicidio y otros delitos ocurridos el domingo <\/span><\/strong><\/p>\n<div id=\"gtx-trans\" style=\"position: absolute; left: -50px; top: 4.31534px;\">\n<div class=\"gtx-trans-icon\"><\/div>\n<\/div>\n<\/div><\/section><\/div><div class=\"flex_column av_one_full  flex_column_div av-zero-column-padding first  avia-builder-el-4  el_after_av_one_full  el_before_av_hr  column-top-margin\" style='border-radius:0px; '><section class=\"av_textblock_section \"  itemscope=\"itemscope\" itemtype=\"https:\/\/schema.org\/BlogPosting\" itemprop=\"blogPost\" ><div class='avia_textblock  '   itemprop=\"text\" ><p style=\"font-weight: 400; text-align: justify;\">La Fiscal\u00eda solicit\u00f3 poder ampliar la detenci\u00f3n de los sujetos hasta el jueves 31 de julio, a las 14.00 horas, a fin de poder esclarecer los diversos acontecimientos ocurridos durante la madrugada de este domingo en Chile Chico, petici\u00f3n a lo cual accedi\u00f3 el Juzgado de Garant\u00eda.<\/p>\n<p style=\"font-weight: 400; text-align: justify;\">La Fiscal\u00eda Local de Chile Chico dirige una investigaci\u00f3n para determinar las causas y circunstancias del homicidio de una v\u00edctima de 19 a\u00f1os, ocurrido la madrugada de este domingo en dicha capital provincial, sumado a otros hechos delictuales como da\u00f1os, violaci\u00f3n de morada, lesiones graves, lesiones menos graves, portar una bomba molotov y maltrato de obra a Carabineros.<\/p>\n<p style=\"font-weight: 400; text-align: justify;\">Las diligencias de este caso est\u00e1n siendo desarrolladas en dicha comuna por personal de Carabineros y SIP de la Tercera Comisar\u00eda y efectivos del Labocar y GOPE quienes se trasladaron desde Coyhaique para apoyar el procedimiento.<\/p>\n<p style=\"font-weight: 400; text-align: justify;\">En este caso hay tres detenidos, mayores de edad, por parte de Carabineros, quienes fueron llevados hoy a una audiencia de control de la detenci\u00f3n ante el Juzgado de Garant\u00eda. En la ocasi\u00f3n, el Fiscal Adjunto (s), Sebasti\u00e1n Vild\u00f3sola, en compa\u00f1\u00eda del abogado asistente, Jorge Carrasco, expusieron una serie de detalles relacionados con los hechos que rodearon la detenci\u00f3n de los imputados y las agresiones desplegadas en contra de la v\u00edctima de homicidio y otras personas.<\/p>\n<p style=\"font-weight: 400; text-align: justify;\">En la audiencia, la Fiscal\u00eda solicit\u00f3 poder ampliar la detenci\u00f3n de los sujetos hasta el jueves 31 de julio, a las 14.00 horas, a fin de poder esclarecer los diversos acontecimientos ocurridos durante la madrugada de este domingo en Chile Chico, petici\u00f3n a lo cual accedi\u00f3 el magistrado Guillermo Frene.<\/p>\n<p style=\"font-weight: 400; text-align: justify;\">Entre las diligencias pendientes, planteadas por el Fiscal (s), Sebasti\u00e1n Vild\u00f3sola, se incluyen el informe de autopsia por parte del Servicio M\u00e9dico Legal, adem\u00e1s de un informe pericial y planim\u00e9trico de Labocar de Carabineros, fotograf\u00edas de los sitios del suceso, huellas dactilares, an\u00e1lisis de c\u00e1maras de seguridad, toma de declaraci\u00f3n de testigos y personal de Salud, entre otros elementos necesarios para una formalizaci\u00f3n objetiva de los hechos por parte del Ministerio P\u00fablico.<\/p>\n<p style=\"font-weight: 400; text-align: justify;\">Los imputados, cuya defensa est\u00e1 a cargo de un abogado de la Defensor\u00eda Penal P\u00fablica, fueron trasladados hasta el Complejo de Detenci\u00f3n Preventiva de Chile Chico por personal de Gendarmer\u00eda de Chile Chico, a la espera de la realizaci\u00f3n de la audiencia de formalizaci\u00f3n.<\/p>\n<\/div><\/section><\/div><div  style='height:50px' class='hr hr-invisible   avia-builder-el-6  el_after_av_one_full  el_before_av_social_share '><span class='hr-inner ' ><span class='hr-inner-style'><\/span><\/span><\/div><\/p>\n<div  class='av-social-sharing-box  avia-builder-el-7  el_after_av_hr  el_before_av_hr  '><div class='av-share-box'><h5 class='av-share-link-description av-no-toc '>Compartir esta noticia<\/h5><ul class='av-share-box-list noLightbox'><li class='av-share-link av-social-link-facebook' ><a target=\"_blank\" aria-label=\"Compartir en Facebook\" href='https:\/\/www.facebook.com\/sharer.php?u=https:\/\/radiorevelacionfm.cl\/?p=57052&#038;t=Chile%20Chico%3A%20Ampl%C3%ADan%20en%20tres%20d%C3%ADas%20la%20detenci%C3%B3n%20de%20tres%20imputados%20en%20caso%20de%20homicidio%20y%20otros%20delitos%20ocurridos%20el%20domingo' aria-hidden='false' data-av_icon='\ue8f3' data-av_iconfont='entypo-fontello' title='' data-avia-related-tooltip='Compartir en Facebook' rel=\"noopener\"><span class='avia_hidden_link_text'>Compartir en Facebook<\/span><\/a><\/li><li class='av-share-link av-social-link-twitter' ><a target=\"_blank\" aria-label=\"Compartir en Twitter\" href='https:\/\/twitter.com\/share?text=Chile%20Chico%3A%20Ampl%C3%ADan%20en%20tres%20d%C3%ADas%20la%20detenci%C3%B3n%20de%20tres%20imputados%20en%20caso%20de%20homicidio%20y%20otros%20delitos%20ocurridos%20el%20domingo&#038;url=https:\/\/radiorevelacionfm.cl\/?p=57052' aria-hidden='false' data-av_icon='\ue8f1' data-av_iconfont='entypo-fontello' title='' data-avia-related-tooltip='Compartir en Twitter' rel=\"noopener\"><span class='avia_hidden_link_text'>Compartir en Twitter<\/span><\/a><\/li><li class='av-share-link av-social-link-whatsapp' ><a target=\"_blank\" aria-label=\"Compartir en Whatsapp\" href='https:\/\/api.whatsapp.com\/send?text=https:\/\/radiorevelacionfm.cl\/?p=57052' aria-hidden='false' data-av_icon='\uf232' data-av_iconfont='entypo-fontello' title='' data-avia-related-tooltip='Compartir en Whatsapp' rel=\"noopener\"><span class='avia_hidden_link_text'>Compartir en Whatsapp<\/span><\/a><\/li><li class='av-share-link av-social-link-linkedin' ><a target=\"_blank\" aria-label=\"Compartir en LinkedIn\" href='https:\/\/linkedin.com\/shareArticle?mini=true&#038;title=Chile%20Chico%3A%20Ampl%C3%ADan%20en%20tres%20d%C3%ADas%20la%20detenci%C3%B3n%20de%20tres%20imputados%20en%20caso%20de%20homicidio%20y%20otros%20delitos%20ocurridos%20el%20domingo&#038;url=https:\/\/radiorevelacionfm.cl\/?p=57052' aria-hidden='false' data-av_icon='\ue8fc' data-av_iconfont='entypo-fontello' title='' data-avia-related-tooltip='Compartir en LinkedIn' rel=\"noopener\"><span class='avia_hidden_link_text'>Compartir en LinkedIn<\/span><\/a><\/li><li class='av-share-link av-social-link-mail' ><a  aria-label=\"Compartir por correo\" href='mailto:?subject=Chile%20Chico%3A%20Ampl%C3%ADan%20en%20tres%20d%C3%ADas%20la%20detenci%C3%B3n%20de%20tres%20imputados%20en%20caso%20de%20homicidio%20y%20otros%20delitos%20ocurridos%20el%20domingo&#038;body=https:\/\/radiorevelacionfm.cl\/?p=57052' aria-hidden='false' data-av_icon='\ue805' data-av_iconfont='entypo-fontello' title='' data-avia-related-tooltip='Compartir por correo'><span class='avia_hidden_link_text'>Compartir por correo<\/span><\/a><\/li><\/ul><\/div><\/div>\n<div  style='height:50px' class='hr hr-invisible   avia-builder-el-8  el_after_av_social_share  el_before_av_comments_list '><span class='hr-inner ' ><span class='hr-inner-style'><\/span><\/span><\/div>\n<div  class='av-buildercomment  av-blog-meta-html-info-disabled av-blog-meta-tag-disabled  '><\/div>\n","protected":false},"excerpt":{"rendered":"","protected":false},"author":1,"featured_media":38529,"comment_status":"closed","ping_status":"closed","sticky":false,"template":"","format":"standard","meta":{"footnotes":""},"categories":[36],"tags":[],"class_list":["post-57052","post","type-post","status-publish","format-standard","has-post-thumbnail","hentry","category-policial"],"jetpack_featured_media_url":"https:\/\/radiorevelacionfm.cl\/wp-content\/uploads\/2024\/01\/fiscalia_chile_chico-2-1_optimized.jpg","_links":{"self":[{"href":"https:\/\/radiorevelacionfm.cl\/index.php?rest_route=\/wp\/v2\/posts\/57052","targetHints":{"allow":["GET"]}}],"collection":[{"href":"https:\/\/radiorevelacionfm.cl\/index.php?rest_route=\/wp\/v2\/posts"}],"about":[{"href":"https:\/\/radiorevelacionfm.cl\/index.php?rest_route=\/wp\/v2\/types\/post"}],"author":[{"embeddable":true,"href":"https:\/\/radiorevelacionfm.cl\/index.php?rest_route=\/wp\/v2\/users\/1"}],"replies":[{"embeddable":true,"href":"https:\/\/radiorevelacionfm.cl\/index.php?rest_route=%2Fwp%2Fv2%2Fcomments&post=57052"}],"version-history":[{"count":2,"href":"https:\/\/radiorevelacionfm.cl\/index.php?rest_route=\/wp\/v2\/posts\/57052\/revisions"}],"predecessor-version":[{"id":57054,"href":"https:\/\/radiorevelacionfm.cl\/index.php?rest_route=\/wp\/v2\/posts\/57052\/revisions\/57054"}],"wp:featuredmedia":[{"embeddable":true,"href":"https:\/\/radiorevelacionfm.cl\/index.php?rest_route=\/wp\/v2\/media\/38529"}],"wp:attachment":[{"href":"https:\/\/radiorevelacionfm.cl\/index.php?rest_route=%2Fwp%2Fv2%2Fmedia&parent=57052"}],"wp:term":[{"taxonomy":"category","embeddable":true,"href":"https:\/\/radiorevelacionfm.cl\/index.php?rest_route=%2Fwp%2Fv2%2Fcategories&post=57052"},{"taxonomy":"post_tag","embeddable":true,"href":"https:\/\/radiorevelacionfm.cl\/index.php?rest_route=%2Fwp%2Fv2%2Ftags&post=57052"}],"curies":[{"name":"wp","href":"https:\/\/api.w.org\/{rel}","templated":true}]}}