{"id":5705,"date":"2021-06-29T11:56:50","date_gmt":"2021-06-29T14:56:50","guid":{"rendered":"https:\/\/radiorevelacionfm.cl\/?p=5705"},"modified":"2021-06-29T11:56:50","modified_gmt":"2021-06-29T14:56:50","slug":"ninos-de-puerto-gala-disfrutan-con-taller-de-velero-vela-menor-dictado-por-emprendedor-local","status":"publish","type":"post","link":"https:\/\/radiorevelacionfm.cl\/?p=5705","title":{"rendered":"Ni\u00f1os de Puerto Gala disfrutan con taller de \u201cvelero vela menor\u201d dictado por emprendedor local"},"content":{"rendered":"<div class=\"flex_column av_one_full  flex_column_div av-zero-column-padding first  avia-builder-el-0  el_before_av_one_full  avia-builder-el-first  \" style='border-radius:0px; '><div  class='avia-image-container  av-styling-    avia-builder-el-1  avia-builder-el-no-sibling  avia-align-center '  itemprop=\"image\" itemscope=\"itemscope\" itemtype=\"https:\/\/schema.org\/ImageObject\"  ><div class='avia-image-container-inner'><div class='avia-image-overlay-wrap'><img decoding=\"async\" class='wp-image-5706 avia-img-lazy-loading-not-5706 avia_image' src=\"https:\/\/radiorevelacionfm.cl\/wp-content\/uploads\/2021\/06\/Puerto-Gala-1-1.jpg\" alt='' title='Puerto Gala-1 (1)' height=\"600\" width=\"800\"  itemprop=\"thumbnailUrl\" srcset=\"https:\/\/radiorevelacionfm.cl\/wp-content\/uploads\/2021\/06\/Puerto-Gala-1-1.jpg 800w, https:\/\/radiorevelacionfm.cl\/wp-content\/uploads\/2021\/06\/Puerto-Gala-1-1-300x225.jpg 300w, https:\/\/radiorevelacionfm.cl\/wp-content\/uploads\/2021\/06\/Puerto-Gala-1-1-768x576.jpg 768w, https:\/\/radiorevelacionfm.cl\/wp-content\/uploads\/2021\/06\/Puerto-Gala-1-1-705x529.jpg 705w, https:\/\/radiorevelacionfm.cl\/wp-content\/uploads\/2021\/06\/Puerto-Gala-1-1-600x450.jpg 600w\" sizes=\"(max-width: 800px) 100vw, 800px\" \/><\/div><\/div><\/div><\/div><div class=\"flex_column av_one_full  flex_column_div av-zero-column-padding first  avia-builder-el-2  el_after_av_one_full  el_before_av_one_full  column-top-margin\" style='border-radius:0px; '><section class=\"av_textblock_section \"  itemscope=\"itemscope\" itemtype=\"https:\/\/schema.org\/BlogPosting\" itemprop=\"blogPost\" ><div class='avia_textblock  '   itemprop=\"text\" ><p style=\"text-align: center;\"><strong><span style=\"font-size: 18pt;\">Ni\u00f1os de Puerto Gala disfrutan con taller de \u201cvelero vela menor\u201d dictado por emprendedor local<\/span><\/strong><\/p>\n<div id=\"gtx-trans\" style=\"position: absolute; left: -50px; top: 4.31534px;\">\n<div class=\"gtx-trans-icon\"><\/div>\n<\/div>\n<\/div><\/section><\/div><div class=\"flex_column av_one_full  flex_column_div av-zero-column-padding first  avia-builder-el-4  el_after_av_one_full  el_before_av_hr  column-top-margin\" style='border-radius:0px; '><section class=\"av_textblock_section \"  itemscope=\"itemscope\" itemtype=\"https:\/\/schema.org\/BlogPosting\" itemprop=\"blogPost\" ><div class='avia_textblock  '   itemprop=\"text\" ><p style=\"text-align: justify;\">En medio de la pandemia, Patricio Maldonado Maldonado, dio inicio a su emprendimiento \u201cGala Tour Austral\u201d, en la litorale\u00f1a localidad de la regi\u00f3n de Ays\u00e9n. \u201cEs un emprendimiento de turismo aventura, estoy siendo el pionero con este tipo de ideas, pero pinta para bonito\u201d, se\u00f1al\u00f3 Patricio.<span id=\"more-88408\"><\/span><\/p>\n<p style=\"text-align: justify;\">El emprendedor de Puerto Gala, agreg\u00f3 que este era un desaf\u00edo personal que pretend\u00eda sacar adelante, \u201cera un desaf\u00edo personal que yo ten\u00eda hace muchos a\u00f1os, toda mi vida la he vivido en el mar, soy marino oficial de maquina mercante, pescador artesanal, igual buceo. Pero estaba en deuda la navegaci\u00f3n a vela, mi pap\u00e1 naveg\u00f3 mucho a vela, porque eran muy pocos los que ten\u00edan propulsi\u00f3n o motor en esos a\u00f1os, porque eran caros\u201d.<br \/>\nMaldonado, pensando en realizar actividades para los ni\u00f1os de Puerto Gala, sobre todo en medio de esta pandemia, decidi\u00f3 crear un taller de velero vela menor.<\/p>\n<p style=\"text-align: justify;\">\u201cLos ni\u00f1os con el tema de la pandemia no pueden salir de sus casas, est\u00e1n aburridos, m\u00e1s encima el patio de su casa ac\u00e1 es el mar, se me ocurri\u00f3 la idea de incentivar y con todo el esfuerzo compramos ese velerito. Hoy se realiz\u00f3 el primer taller de vela menor, pero ac\u00e1 los ni\u00f1os tienen esa habilidad innata, aprendieron la idea y se lanzaron. Agradecer el apoyo del alcamar, de los pap\u00e1s, de los profesores del colegio que participaron apoyando la actividad y la idea es seguir haci\u00e9ndolo.<\/p>\n<p style=\"text-align: justify;\">El propietario de \u201cGala Tour Austral\u201d, estuvo en una jornada de capacitaci\u00f3n previa en Chilo\u00e9 en una escuela de deportes n\u00e1uticos, algo que pretende replicar en Puerto Gala y pronto espera incorporar el Windsurf, considerando el entusiasmo y las ganas de los ni\u00f1os y ni\u00f1as de esta localidad del litoral de la regi\u00f3n.<\/p>\n<\/div><\/section><\/div><div  style='height:50px' class='hr hr-invisible   avia-builder-el-6  el_after_av_one_full  el_before_av_social_share '><span class='hr-inner ' ><span class='hr-inner-style'><\/span><\/span><\/div><\/p>\n<div  class='av-social-sharing-box  avia-builder-el-7  el_after_av_hr  el_before_av_hr  '><div class='av-share-box'><h5 class='av-share-link-description av-no-toc '>Compartir esta noticia<\/h5><ul class='av-share-box-list noLightbox'><li class='av-share-link av-social-link-facebook' ><a target=\"_blank\" aria-label=\"Compartir en Facebook\" href='https:\/\/www.facebook.com\/sharer.php?u=https:\/\/radiorevelacionfm.cl\/?p=5705&#038;t=Ni%C3%B1os%20de%20Puerto%20Gala%20disfrutan%20con%20taller%20de%20%E2%80%9Cvelero%20vela%20menor%E2%80%9D%20dictado%20por%20emprendedor%20local' aria-hidden='false' data-av_icon='\ue8f3' data-av_iconfont='entypo-fontello' title='' data-avia-related-tooltip='Compartir en Facebook' rel=\"noopener\"><span class='avia_hidden_link_text'>Compartir en Facebook<\/span><\/a><\/li><li class='av-share-link av-social-link-twitter' ><a target=\"_blank\" aria-label=\"Compartir en Twitter\" href='https:\/\/twitter.com\/share?text=Ni%C3%B1os%20de%20Puerto%20Gala%20disfrutan%20con%20taller%20de%20%E2%80%9Cvelero%20vela%20menor%E2%80%9D%20dictado%20por%20emprendedor%20local&#038;url=https:\/\/radiorevelacionfm.cl\/?p=5705' aria-hidden='false' data-av_icon='\ue8f1' data-av_iconfont='entypo-fontello' title='' data-avia-related-tooltip='Compartir en Twitter' rel=\"noopener\"><span class='avia_hidden_link_text'>Compartir en Twitter<\/span><\/a><\/li><li class='av-share-link av-social-link-whatsapp' ><a target=\"_blank\" aria-label=\"Compartir en Whatsapp\" href='https:\/\/api.whatsapp.com\/send?text=https:\/\/radiorevelacionfm.cl\/?p=5705' aria-hidden='false' data-av_icon='\uf232' data-av_iconfont='entypo-fontello' title='' data-avia-related-tooltip='Compartir en Whatsapp' rel=\"noopener\"><span class='avia_hidden_link_text'>Compartir en Whatsapp<\/span><\/a><\/li><li class='av-share-link av-social-link-linkedin' ><a target=\"_blank\" aria-label=\"Compartir en LinkedIn\" href='https:\/\/linkedin.com\/shareArticle?mini=true&#038;title=Ni%C3%B1os%20de%20Puerto%20Gala%20disfrutan%20con%20taller%20de%20%E2%80%9Cvelero%20vela%20menor%E2%80%9D%20dictado%20por%20emprendedor%20local&#038;url=https:\/\/radiorevelacionfm.cl\/?p=5705' aria-hidden='false' data-av_icon='\ue8fc' data-av_iconfont='entypo-fontello' title='' data-avia-related-tooltip='Compartir en LinkedIn' rel=\"noopener\"><span class='avia_hidden_link_text'>Compartir en LinkedIn<\/span><\/a><\/li><li class='av-share-link av-social-link-mail' ><a  aria-label=\"Compartir por correo\" href='mailto:?subject=Ni%C3%B1os%20de%20Puerto%20Gala%20disfrutan%20con%20taller%20de%20%E2%80%9Cvelero%20vela%20menor%E2%80%9D%20dictado%20por%20emprendedor%20local&#038;body=https:\/\/radiorevelacionfm.cl\/?p=5705' aria-hidden='false' data-av_icon='\ue805' data-av_iconfont='entypo-fontello' title='' data-avia-related-tooltip='Compartir por correo'><span class='avia_hidden_link_text'>Compartir por correo<\/span><\/a><\/li><\/ul><\/div><\/div>\n<div  style='height:50px' class='hr hr-invisible   avia-builder-el-8  el_after_av_social_share  el_before_av_comments_list '><span class='hr-inner ' ><span class='hr-inner-style'><\/span><\/span><\/div>\n<div  class='av-buildercomment  av-blog-meta-html-info-disabled av-blog-meta-tag-disabled  '><\/div>\n","protected":false},"excerpt":{"rendered":"","protected":false},"author":1,"featured_media":5706,"comment_status":"open","ping_status":"open","sticky":false,"template":"","format":"standard","meta":{"footnotes":""},"categories":[38],"tags":[],"class_list":["post-5705","post","type-post","status-publish","format-standard","has-post-thumbnail","hentry","category-regional"],"jetpack_featured_media_url":"https:\/\/radiorevelacionfm.cl\/wp-content\/uploads\/2021\/06\/Puerto-Gala-1-1.jpg","_links":{"self":[{"href":"https:\/\/radiorevelacionfm.cl\/index.php?rest_route=\/wp\/v2\/posts\/5705","targetHints":{"allow":["GET"]}}],"collection":[{"href":"https:\/\/radiorevelacionfm.cl\/index.php?rest_route=\/wp\/v2\/posts"}],"about":[{"href":"https:\/\/radiorevelacionfm.cl\/index.php?rest_route=\/wp\/v2\/types\/post"}],"author":[{"embeddable":true,"href":"https:\/\/radiorevelacionfm.cl\/index.php?rest_route=\/wp\/v2\/users\/1"}],"replies":[{"embeddable":true,"href":"https:\/\/radiorevelacionfm.cl\/index.php?rest_route=%2Fwp%2Fv2%2Fcomments&post=5705"}],"version-history":[{"count":1,"href":"https:\/\/radiorevelacionfm.cl\/index.php?rest_route=\/wp\/v2\/posts\/5705\/revisions"}],"predecessor-version":[{"id":5707,"href":"https:\/\/radiorevelacionfm.cl\/index.php?rest_route=\/wp\/v2\/posts\/5705\/revisions\/5707"}],"wp:featuredmedia":[{"embeddable":true,"href":"https:\/\/radiorevelacionfm.cl\/index.php?rest_route=\/wp\/v2\/media\/5706"}],"wp:attachment":[{"href":"https:\/\/radiorevelacionfm.cl\/index.php?rest_route=%2Fwp%2Fv2%2Fmedia&parent=5705"}],"wp:term":[{"taxonomy":"category","embeddable":true,"href":"https:\/\/radiorevelacionfm.cl\/index.php?rest_route=%2Fwp%2Fv2%2Fcategories&post=5705"},{"taxonomy":"post_tag","embeddable":true,"href":"https:\/\/radiorevelacionfm.cl\/index.php?rest_route=%2Fwp%2Fv2%2Ftags&post=5705"}],"curies":[{"name":"wp","href":"https:\/\/api.w.org\/{rel}","templated":true}]}}