{"id":57048,"date":"2025-07-29T11:03:47","date_gmt":"2025-07-29T14:03:47","guid":{"rendered":"https:\/\/radiorevelacionfm.cl\/?p=57048"},"modified":"2025-07-29T11:03:47","modified_gmt":"2025-07-29T14:03:47","slug":"entregan-viviendas-del-fondo-solidario-ds49-en-puerto-aysen-con-emotivos-testimonios-de-beneficiarias","status":"publish","type":"post","link":"https:\/\/radiorevelacionfm.cl\/?p=57048","title":{"rendered":"Entregan viviendas del Fondo Solidario DS49 en Puerto Ays\u00e9n con emotivos testimonios de beneficiarias"},"content":{"rendered":"<div class=\"flex_column av_one_full  flex_column_div av-zero-column-padding first  avia-builder-el-0  el_before_av_one_full  avia-builder-el-first  \" style='border-radius:0px; '><div  class='avia-image-container  av-styling-    avia-builder-el-1  avia-builder-el-no-sibling  avia-align-center '  itemprop=\"image\" itemscope=\"itemscope\" itemtype=\"https:\/\/schema.org\/ImageObject\"  ><div class='avia-image-container-inner'><div class='avia-image-overlay-wrap'><img decoding=\"async\" class='wp-image-57049 avia-img-lazy-loading-not-57049 avia_image' src=\"https:\/\/radiorevelacionfm.cl\/wp-content\/uploads\/2025\/07\/Seremi-y-Amalia-Carcamo-1-1.jpeg\" alt='' title='Seremi y Amalia C\u00e1rcamo (1) (1)' height=\"600\" width=\"800\"  itemprop=\"thumbnailUrl\" srcset=\"https:\/\/radiorevelacionfm.cl\/wp-content\/uploads\/2025\/07\/Seremi-y-Amalia-Carcamo-1-1.jpeg 800w, https:\/\/radiorevelacionfm.cl\/wp-content\/uploads\/2025\/07\/Seremi-y-Amalia-Carcamo-1-1-300x225.jpeg 300w, https:\/\/radiorevelacionfm.cl\/wp-content\/uploads\/2025\/07\/Seremi-y-Amalia-Carcamo-1-1-768x576.jpeg 768w, https:\/\/radiorevelacionfm.cl\/wp-content\/uploads\/2025\/07\/Seremi-y-Amalia-Carcamo-1-1-705x529.jpeg 705w, https:\/\/radiorevelacionfm.cl\/wp-content\/uploads\/2025\/07\/Seremi-y-Amalia-Carcamo-1-1-450x338.jpeg 450w, https:\/\/radiorevelacionfm.cl\/wp-content\/uploads\/2025\/07\/Seremi-y-Amalia-Carcamo-1-1-600x450.jpeg 600w\" sizes=\"(max-width: 800px) 100vw, 800px\" \/><\/div><\/div><\/div><\/div><div class=\"flex_column av_one_full  flex_column_div av-zero-column-padding first  avia-builder-el-2  el_after_av_one_full  el_before_av_one_full  column-top-margin\" style='border-radius:0px; '><section class=\"av_textblock_section \"  itemscope=\"itemscope\" itemtype=\"https:\/\/schema.org\/BlogPosting\" itemprop=\"blogPost\" ><div class='avia_textblock  '   itemprop=\"text\" ><p style=\"text-align: center;\"><strong><span style=\"font-size: 18pt;\">Entregan viviendas del Fondo Solidario DS49 en Puerto Ays\u00e9n con emotivos testimonios de beneficiarias<\/span><\/strong><\/p>\n<div id=\"gtx-trans\" style=\"position: absolute; left: -50px; top: 4.31534px;\">\n<div class=\"gtx-trans-icon\"><\/div>\n<\/div>\n<\/div><\/section><\/div><div class=\"flex_column av_one_full  flex_column_div av-zero-column-padding first  avia-builder-el-4  el_after_av_one_full  el_before_av_hr  column-top-margin\" style='border-radius:0px; '><section class=\"av_textblock_section \"  itemscope=\"itemscope\" itemtype=\"https:\/\/schema.org\/BlogPosting\" itemprop=\"blogPost\" ><div class='avia_textblock  '   itemprop=\"text\" ><p style=\"text-align: justify;\">En el marco del Plan de Emergencia Habitacional, el Ministerio de Vivienda y Urbanismo en la regi\u00f3n de Ays\u00e9n realiz\u00f3 la entrega oficial de dos viviendas pertenecientes al Fondo Solidario de Elecci\u00f3n de Vivienda (DS49), evento desarrollado el pasado 25 de julio en Puerto Ays\u00e9n.<\/p>\n<p style=\"text-align: justify;\">Las protagonistas de esta entrega fueron Jaqueline Piucol y Amalia C\u00e1rcamo, cuyas historias reflejan el impacto de estas pol\u00edticas p\u00fablicas. Jaqueline Piucol, visiblemente emocionada, destac\u00f3 la importancia de este nuevo comienzo tras un incendio que destruy\u00f3 su anterior hogar: \u00abEmpezar de nuevo, estoy tan emocionada. Ustedes saben que se quem\u00f3 la casa y cost\u00f3 much\u00edsimo, fueron cinco a\u00f1os para volver a tener algo, y ahora est\u00e1 mejor. Insto a que postulen, a que se informen, yo tuve una muy buena experiencia con Serviu\u00bb.<\/p>\n<p style=\"text-align: justify;\">Por su parte, Amalia C\u00e1rcamo, adulta mayor, expres\u00f3 su alegr\u00eda por recibir una vivienda que supera ampliamente las condiciones en las que viv\u00eda: \u00abEs muy emocionante porque esper\u00e9 muchos a\u00f1os para obtener esta vivienda. So\u00f1aba con una casa bonita, mejor que la que ten\u00eda porque estaba muy mala, y finalmente sali\u00f3 lo que esper\u00e1bamos\u00bb. Cabe destacar que su vivienda cuenta con accesibilidad universal, permitiendo mejorar significativamente su calidad de vida.<\/p>\n<p style=\"text-align: justify;\">Sobre el avance del Plan de Emergencia Habitacional, hasta el mes de junio, la regi\u00f3n ha entregado 1279 de un total de 1293 viviendas comprometidas, alcanzando un cumplimiento del 98,9%.<\/p>\n<p style=\"text-align: justify;\">La Seremi de Vivienda destac\u00f3 el compromiso institucional con las familias m\u00e1s vulnerables de la regi\u00f3n: \u00abComo Ministerio nos hemos hecho cargo no solo de proyectos que ven\u00edan desde hace un tiempo, sino tambi\u00e9n de nuevos desaf\u00edos a trav\u00e9s de diversos programas. Buscamos garantizar a las familias el acceso a una vivienda digna y de calidad, considerando tanto la entrega de viviendas nuevas como la mejora estructural para quienes ya cuentan con un hogar, pero en condiciones deficientes\u00bb.<\/p>\n<\/div><\/section><\/div><div  style='height:50px' class='hr hr-invisible   avia-builder-el-6  el_after_av_one_full  el_before_av_social_share '><span class='hr-inner ' ><span class='hr-inner-style'><\/span><\/span><\/div><\/p>\n<div  class='av-social-sharing-box  avia-builder-el-7  el_after_av_hr  el_before_av_hr  '><div class='av-share-box'><h5 class='av-share-link-description av-no-toc '>Compartir esta noticia<\/h5><ul class='av-share-box-list noLightbox'><li class='av-share-link av-social-link-facebook' ><a target=\"_blank\" aria-label=\"Compartir en Facebook\" href='https:\/\/www.facebook.com\/sharer.php?u=https:\/\/radiorevelacionfm.cl\/?p=57048&#038;t=Entregan%20viviendas%20del%20Fondo%20Solidario%20DS49%20en%20Puerto%20Ays%C3%A9n%20con%20emotivos%20testimonios%20de%20beneficiarias' aria-hidden='false' data-av_icon='\ue8f3' data-av_iconfont='entypo-fontello' title='' data-avia-related-tooltip='Compartir en Facebook' rel=\"noopener\"><span class='avia_hidden_link_text'>Compartir en Facebook<\/span><\/a><\/li><li class='av-share-link av-social-link-twitter' ><a target=\"_blank\" aria-label=\"Compartir en Twitter\" href='https:\/\/twitter.com\/share?text=Entregan%20viviendas%20del%20Fondo%20Solidario%20DS49%20en%20Puerto%20Ays%C3%A9n%20con%20emotivos%20testimonios%20de%20beneficiarias&#038;url=https:\/\/radiorevelacionfm.cl\/?p=57048' aria-hidden='false' data-av_icon='\ue8f1' data-av_iconfont='entypo-fontello' title='' data-avia-related-tooltip='Compartir en Twitter' rel=\"noopener\"><span class='avia_hidden_link_text'>Compartir en Twitter<\/span><\/a><\/li><li class='av-share-link av-social-link-whatsapp' ><a target=\"_blank\" aria-label=\"Compartir en Whatsapp\" href='https:\/\/api.whatsapp.com\/send?text=https:\/\/radiorevelacionfm.cl\/?p=57048' aria-hidden='false' data-av_icon='\uf232' data-av_iconfont='entypo-fontello' title='' data-avia-related-tooltip='Compartir en Whatsapp' rel=\"noopener\"><span class='avia_hidden_link_text'>Compartir en Whatsapp<\/span><\/a><\/li><li class='av-share-link av-social-link-linkedin' ><a target=\"_blank\" aria-label=\"Compartir en LinkedIn\" href='https:\/\/linkedin.com\/shareArticle?mini=true&#038;title=Entregan%20viviendas%20del%20Fondo%20Solidario%20DS49%20en%20Puerto%20Ays%C3%A9n%20con%20emotivos%20testimonios%20de%20beneficiarias&#038;url=https:\/\/radiorevelacionfm.cl\/?p=57048' aria-hidden='false' data-av_icon='\ue8fc' data-av_iconfont='entypo-fontello' title='' data-avia-related-tooltip='Compartir en LinkedIn' rel=\"noopener\"><span class='avia_hidden_link_text'>Compartir en LinkedIn<\/span><\/a><\/li><li class='av-share-link av-social-link-mail' ><a  aria-label=\"Compartir por correo\" href='mailto:?subject=Entregan%20viviendas%20del%20Fondo%20Solidario%20DS49%20en%20Puerto%20Ays%C3%A9n%20con%20emotivos%20testimonios%20de%20beneficiarias&#038;body=https:\/\/radiorevelacionfm.cl\/?p=57048' aria-hidden='false' data-av_icon='\ue805' data-av_iconfont='entypo-fontello' title='' data-avia-related-tooltip='Compartir por correo'><span class='avia_hidden_link_text'>Compartir por correo<\/span><\/a><\/li><\/ul><\/div><\/div>\n<div  style='height:50px' class='hr hr-invisible   avia-builder-el-8  el_after_av_social_share  el_before_av_comments_list '><span class='hr-inner ' ><span class='hr-inner-style'><\/span><\/span><\/div>\n<div  class='av-buildercomment  av-blog-meta-html-info-disabled av-blog-meta-tag-disabled  '><\/div>\n","protected":false},"excerpt":{"rendered":"","protected":false},"author":1,"featured_media":57049,"comment_status":"closed","ping_status":"closed","sticky":false,"template":"","format":"standard","meta":{"footnotes":""},"categories":[57],"tags":[],"class_list":["post-57048","post","type-post","status-publish","format-standard","has-post-thumbnail","hentry","category-vivienda"],"jetpack_featured_media_url":"https:\/\/radiorevelacionfm.cl\/wp-content\/uploads\/2025\/07\/Seremi-y-Amalia-Carcamo-1-1.jpeg","_links":{"self":[{"href":"https:\/\/radiorevelacionfm.cl\/index.php?rest_route=\/wp\/v2\/posts\/57048","targetHints":{"allow":["GET"]}}],"collection":[{"href":"https:\/\/radiorevelacionfm.cl\/index.php?rest_route=\/wp\/v2\/posts"}],"about":[{"href":"https:\/\/radiorevelacionfm.cl\/index.php?rest_route=\/wp\/v2\/types\/post"}],"author":[{"embeddable":true,"href":"https:\/\/radiorevelacionfm.cl\/index.php?rest_route=\/wp\/v2\/users\/1"}],"replies":[{"embeddable":true,"href":"https:\/\/radiorevelacionfm.cl\/index.php?rest_route=%2Fwp%2Fv2%2Fcomments&post=57048"}],"version-history":[{"count":2,"href":"https:\/\/radiorevelacionfm.cl\/index.php?rest_route=\/wp\/v2\/posts\/57048\/revisions"}],"predecessor-version":[{"id":57051,"href":"https:\/\/radiorevelacionfm.cl\/index.php?rest_route=\/wp\/v2\/posts\/57048\/revisions\/57051"}],"wp:featuredmedia":[{"embeddable":true,"href":"https:\/\/radiorevelacionfm.cl\/index.php?rest_route=\/wp\/v2\/media\/57049"}],"wp:attachment":[{"href":"https:\/\/radiorevelacionfm.cl\/index.php?rest_route=%2Fwp%2Fv2%2Fmedia&parent=57048"}],"wp:term":[{"taxonomy":"category","embeddable":true,"href":"https:\/\/radiorevelacionfm.cl\/index.php?rest_route=%2Fwp%2Fv2%2Fcategories&post=57048"},{"taxonomy":"post_tag","embeddable":true,"href":"https:\/\/radiorevelacionfm.cl\/index.php?rest_route=%2Fwp%2Fv2%2Ftags&post=57048"}],"curies":[{"name":"wp","href":"https:\/\/api.w.org\/{rel}","templated":true}]}}