{"id":57039,"date":"2025-07-28T21:19:14","date_gmt":"2025-07-29T00:19:14","guid":{"rendered":"https:\/\/radiorevelacionfm.cl\/?p=57039"},"modified":"2025-07-28T21:19:14","modified_gmt":"2025-07-29T00:19:14","slug":"lago-general-carrera-nave-la-tehuelche-saldra-de-operacion-temporalmente-por-mantencion-programada","status":"publish","type":"post","link":"https:\/\/radiorevelacionfm.cl\/?p=57039","title":{"rendered":"Lago General Carrera: Nave \u201cLa Tehuelche\u201d saldr\u00e1 de operaci\u00f3n temporalmente por mantenci\u00f3n programada"},"content":{"rendered":"<div class=\"flex_column av_one_full  flex_column_div av-zero-column-padding first  avia-builder-el-0  el_before_av_one_full  avia-builder-el-first  \" style='border-radius:0px; '><div  class='avia-image-container  av-styling-    avia-builder-el-1  avia-builder-el-no-sibling  avia-align-center '  itemprop=\"image\" itemscope=\"itemscope\" itemtype=\"https:\/\/schema.org\/ImageObject\"  ><div class='avia-image-container-inner'><div class='avia-image-overlay-wrap'><img decoding=\"async\" class='wp-image-37398 avia-img-lazy-loading-not-37398 avia_image' src=\"https:\/\/radiorevelacionfm.cl\/wp-content\/uploads\/2023\/11\/tehuelche-1-1_optimized.jpg\" alt='' title='tehuelche-(1)-(1)_optimized' height=\"600\" width=\"964\"  itemprop=\"thumbnailUrl\" srcset=\"https:\/\/radiorevelacionfm.cl\/wp-content\/uploads\/2023\/11\/tehuelche-1-1_optimized.jpg 964w, https:\/\/radiorevelacionfm.cl\/wp-content\/uploads\/2023\/11\/tehuelche-1-1_optimized-300x187.jpg 300w, https:\/\/radiorevelacionfm.cl\/wp-content\/uploads\/2023\/11\/tehuelche-1-1_optimized-768x478.jpg 768w, https:\/\/radiorevelacionfm.cl\/wp-content\/uploads\/2023\/11\/tehuelche-1-1_optimized-705x439.jpg 705w, https:\/\/radiorevelacionfm.cl\/wp-content\/uploads\/2023\/11\/tehuelche-1-1_optimized-450x280.jpg 450w, https:\/\/radiorevelacionfm.cl\/wp-content\/uploads\/2023\/11\/tehuelche-1-1_optimized-600x373.jpg 600w\" sizes=\"(max-width: 964px) 100vw, 964px\" \/><\/div><\/div><\/div><\/div><div class=\"flex_column av_one_full  flex_column_div av-zero-column-padding first  avia-builder-el-2  el_after_av_one_full  el_before_av_one_full  column-top-margin\" style='border-radius:0px; '><section class=\"av_textblock_section \"  itemscope=\"itemscope\" itemtype=\"https:\/\/schema.org\/BlogPosting\" itemprop=\"blogPost\" ><div class='avia_textblock  '   itemprop=\"text\" ><p style=\"text-align: center;\"><strong><span style=\"font-size: 18pt;\"><em>Lago General Carrera: <\/em>Nave \u201cLa Tehuelche\u201d saldr\u00e1 de operaci\u00f3n temporalmente por mantenci\u00f3n programada<\/span><\/strong><\/p>\n<p><strong>\u00a0<\/strong><\/p>\n<div id=\"gtx-trans\" style=\"position: absolute; left: -50px; top: 4.31534px;\">\n<div class=\"gtx-trans-icon\"><\/div>\n<\/div>\n<\/div><\/section><\/div><div class=\"flex_column av_one_full  flex_column_div av-zero-column-padding first  avia-builder-el-4  el_after_av_one_full  el_before_av_hr  column-top-margin\" style='border-radius:0px; '><section class=\"av_textblock_section \"  itemscope=\"itemscope\" itemtype=\"https:\/\/schema.org\/BlogPosting\" itemprop=\"blogPost\" ><div class='avia_textblock  '   itemprop=\"text\" ><p style=\"text-align: justify;\"><strong>Naviera Austral <\/strong>informa a la comunidad que, de acuerdo con lo establecido por la <strong>Direcci\u00f3n de Obras Portuarias (DOP)<\/strong>, la barcaza <strong>La Tehuelche<\/strong><\/p>\n<p style=\"text-align: justify;\">-que presta el servicio de conectividad entre <strong>Puerto Ib\u00e1\u00f1ez y Chile Chico<\/strong>&#8211; ser\u00e1 retirada temporalmente de operaci\u00f3n para ser sometida a trabajos de <strong>mantenci\u00f3n programada<\/strong>.<\/p>\n<p style=\"text-align: justify;\">La suspensi\u00f3n del servicio se extender\u00e1 desde el <strong>jueves 31 de julio a las 10:30 horas <\/strong>hasta el <strong>mi\u00e9rcoles 13 de agosto a las 20:00 horas<\/strong>. Por lo que la nave realizar\u00e1 su \u00faltimo viaje el jueves 31 de julio a las 8:00 horas desde Chile Chico a Puerto Iba\u00f1ez.<\/p>\n<p style=\"text-align: justify;\">Durante este per\u00edodo<strong>, <\/strong>el servicio ser\u00e1 cubierto temporalmente por la empresa <strong>Naviera Transal<\/strong>, mediante la barcaza <strong>Chelenco<\/strong>. Para poder adquirir estos tickets, y la informaci\u00f3n de sus itinerarios, se puede consultar en el sitio web <a href=\"http:\/\/www.ferrypatagonia.com\/\">www.ferrypatagonia.com.<\/a><\/p>\n<p style=\"text-align: justify;\">Adicionalmente <strong>Naviera Austral <\/strong>dispondr\u00e1 de <strong>un bus de interconexi\u00f3n gratuito <\/strong>con capacidad para <strong>28 pasajeros <\/strong>que realizar\u00e1 el trayecto desde Coyhaique a Chile Chico los d\u00edas lunes, mi\u00e9rcoles y viernes a las 09:00 horas; y desde Chile Chico a Coyhaique los d\u00edas domingo, martes y jueves a las 09:00 horas. Las reservas y consultas para utilizar el bus habilitado podr\u00e1n realizarse en las oficinas de la naviera en la zona que continuar\u00e1n atendiendo en su horario habitual.<\/p>\n<p style=\"text-align: justify;\">Lamentamos los inconvenientes que esta medida pueda ocasionar, y agradecemos la comprensi\u00f3n de nuestros usuarios. Esta mantenci\u00f3n de la nave busca asegurar la continuidad y seguridad del servicio en el mediano y largo plazo.<\/p>\n<p style=\"text-align: justify;\">Para m\u00e1s informaci\u00f3n sobre horarios, alternativas o consultas, pueden contactarnos a trav\u00e9s de nuestros canales oficiales.<\/p>\n<\/div><\/section><\/div><div  style='height:50px' class='hr hr-invisible   avia-builder-el-6  el_after_av_one_full  el_before_av_social_share '><span class='hr-inner ' ><span class='hr-inner-style'><\/span><\/span><\/div><\/p>\n<div  class='av-social-sharing-box  avia-builder-el-7  el_after_av_hr  el_before_av_hr  '><div class='av-share-box'><h5 class='av-share-link-description av-no-toc '>Compartir esta noticia<\/h5><ul class='av-share-box-list noLightbox'><li class='av-share-link av-social-link-facebook' ><a target=\"_blank\" aria-label=\"Compartir en Facebook\" href='https:\/\/www.facebook.com\/sharer.php?u=https:\/\/radiorevelacionfm.cl\/?p=57039&#038;t=Lago%20General%20Carrera%3A%20Nave%20%E2%80%9CLa%20Tehuelche%E2%80%9D%20saldr%C3%A1%20de%20operaci%C3%B3n%20temporalmente%20por%20mantenci%C3%B3n%20programada' aria-hidden='false' data-av_icon='\ue8f3' data-av_iconfont='entypo-fontello' title='' data-avia-related-tooltip='Compartir en Facebook' rel=\"noopener\"><span class='avia_hidden_link_text'>Compartir en Facebook<\/span><\/a><\/li><li class='av-share-link av-social-link-twitter' ><a target=\"_blank\" aria-label=\"Compartir en Twitter\" href='https:\/\/twitter.com\/share?text=Lago%20General%20Carrera%3A%20Nave%20%E2%80%9CLa%20Tehuelche%E2%80%9D%20saldr%C3%A1%20de%20operaci%C3%B3n%20temporalmente%20por%20mantenci%C3%B3n%20programada&#038;url=https:\/\/radiorevelacionfm.cl\/?p=57039' aria-hidden='false' data-av_icon='\ue8f1' data-av_iconfont='entypo-fontello' title='' data-avia-related-tooltip='Compartir en Twitter' rel=\"noopener\"><span class='avia_hidden_link_text'>Compartir en Twitter<\/span><\/a><\/li><li class='av-share-link av-social-link-whatsapp' ><a target=\"_blank\" aria-label=\"Compartir en Whatsapp\" href='https:\/\/api.whatsapp.com\/send?text=https:\/\/radiorevelacionfm.cl\/?p=57039' aria-hidden='false' data-av_icon='\uf232' data-av_iconfont='entypo-fontello' title='' data-avia-related-tooltip='Compartir en Whatsapp' rel=\"noopener\"><span class='avia_hidden_link_text'>Compartir en Whatsapp<\/span><\/a><\/li><li class='av-share-link av-social-link-linkedin' ><a target=\"_blank\" aria-label=\"Compartir en LinkedIn\" href='https:\/\/linkedin.com\/shareArticle?mini=true&#038;title=Lago%20General%20Carrera%3A%20Nave%20%E2%80%9CLa%20Tehuelche%E2%80%9D%20saldr%C3%A1%20de%20operaci%C3%B3n%20temporalmente%20por%20mantenci%C3%B3n%20programada&#038;url=https:\/\/radiorevelacionfm.cl\/?p=57039' aria-hidden='false' data-av_icon='\ue8fc' data-av_iconfont='entypo-fontello' title='' data-avia-related-tooltip='Compartir en LinkedIn' rel=\"noopener\"><span class='avia_hidden_link_text'>Compartir en LinkedIn<\/span><\/a><\/li><li class='av-share-link av-social-link-mail' ><a  aria-label=\"Compartir por correo\" href='mailto:?subject=Lago%20General%20Carrera%3A%20Nave%20%E2%80%9CLa%20Tehuelche%E2%80%9D%20saldr%C3%A1%20de%20operaci%C3%B3n%20temporalmente%20por%20mantenci%C3%B3n%20programada&#038;body=https:\/\/radiorevelacionfm.cl\/?p=57039' aria-hidden='false' data-av_icon='\ue805' data-av_iconfont='entypo-fontello' title='' data-avia-related-tooltip='Compartir por correo'><span class='avia_hidden_link_text'>Compartir por correo<\/span><\/a><\/li><\/ul><\/div><\/div>\n<div  style='height:50px' class='hr hr-invisible   avia-builder-el-8  el_after_av_social_share  el_before_av_comments_list '><span class='hr-inner ' ><span class='hr-inner-style'><\/span><\/span><\/div>\n<div  class='av-buildercomment  av-blog-meta-html-info-disabled av-blog-meta-tag-disabled  '><\/div>\n","protected":false},"excerpt":{"rendered":"","protected":false},"author":1,"featured_media":37398,"comment_status":"closed","ping_status":"closed","sticky":false,"template":"","format":"standard","meta":{"footnotes":""},"categories":[38],"tags":[],"class_list":["post-57039","post","type-post","status-publish","format-standard","has-post-thumbnail","hentry","category-regional"],"jetpack_featured_media_url":"https:\/\/radiorevelacionfm.cl\/wp-content\/uploads\/2023\/11\/tehuelche-1-1_optimized.jpg","_links":{"self":[{"href":"https:\/\/radiorevelacionfm.cl\/index.php?rest_route=\/wp\/v2\/posts\/57039","targetHints":{"allow":["GET"]}}],"collection":[{"href":"https:\/\/radiorevelacionfm.cl\/index.php?rest_route=\/wp\/v2\/posts"}],"about":[{"href":"https:\/\/radiorevelacionfm.cl\/index.php?rest_route=\/wp\/v2\/types\/post"}],"author":[{"embeddable":true,"href":"https:\/\/radiorevelacionfm.cl\/index.php?rest_route=\/wp\/v2\/users\/1"}],"replies":[{"embeddable":true,"href":"https:\/\/radiorevelacionfm.cl\/index.php?rest_route=%2Fwp%2Fv2%2Fcomments&post=57039"}],"version-history":[{"count":2,"href":"https:\/\/radiorevelacionfm.cl\/index.php?rest_route=\/wp\/v2\/posts\/57039\/revisions"}],"predecessor-version":[{"id":57042,"href":"https:\/\/radiorevelacionfm.cl\/index.php?rest_route=\/wp\/v2\/posts\/57039\/revisions\/57042"}],"wp:featuredmedia":[{"embeddable":true,"href":"https:\/\/radiorevelacionfm.cl\/index.php?rest_route=\/wp\/v2\/media\/37398"}],"wp:attachment":[{"href":"https:\/\/radiorevelacionfm.cl\/index.php?rest_route=%2Fwp%2Fv2%2Fmedia&parent=57039"}],"wp:term":[{"taxonomy":"category","embeddable":true,"href":"https:\/\/radiorevelacionfm.cl\/index.php?rest_route=%2Fwp%2Fv2%2Fcategories&post=57039"},{"taxonomy":"post_tag","embeddable":true,"href":"https:\/\/radiorevelacionfm.cl\/index.php?rest_route=%2Fwp%2Fv2%2Ftags&post=57039"}],"curies":[{"name":"wp","href":"https:\/\/api.w.org\/{rel}","templated":true}]}}