{"id":57035,"date":"2025-07-28T20:18:25","date_gmt":"2025-07-28T23:18:25","guid":{"rendered":"https:\/\/radiorevelacionfm.cl\/?p=57035"},"modified":"2025-07-28T20:18:25","modified_gmt":"2025-07-28T23:18:25","slug":"calisto-aborda-urgente-problema-de-desempleo-en-puerto-chacabuco-tras-reunion-clave-con-sindicatos-de-mujeres","status":"publish","type":"post","link":"https:\/\/radiorevelacionfm.cl\/?p=57035","title":{"rendered":"Calisto aborda urgente problema de desempleo en Puerto Chacabuco tras reuni\u00f3n clave con sindicatos de mujeres"},"content":{"rendered":"<div class=\"flex_column av_one_full  flex_column_div av-zero-column-padding first  avia-builder-el-0  el_before_av_one_full  avia-builder-el-first  \" style='border-radius:0px; '><div  class='avia-image-container  av-styling-    avia-builder-el-1  avia-builder-el-no-sibling  avia-align-center '  itemprop=\"image\" itemscope=\"itemscope\" itemtype=\"https:\/\/schema.org\/ImageObject\"  ><div class='avia-image-container-inner'><div class='avia-image-overlay-wrap'><img decoding=\"async\" class='wp-image-57036 avia-img-lazy-loading-not-57036 avia_image' src=\"https:\/\/radiorevelacionfm.cl\/wp-content\/uploads\/2025\/07\/foto-reu-calisto-puerto-chacabuco-1_optimized.jpeg\" alt='' title='foto-reu-calisto-puerto-chacabuco-(1)_optimized' height=\"600\" width=\"1067\"  itemprop=\"thumbnailUrl\" srcset=\"https:\/\/radiorevelacionfm.cl\/wp-content\/uploads\/2025\/07\/foto-reu-calisto-puerto-chacabuco-1_optimized.jpeg 1067w, https:\/\/radiorevelacionfm.cl\/wp-content\/uploads\/2025\/07\/foto-reu-calisto-puerto-chacabuco-1_optimized-300x169.jpeg 300w, https:\/\/radiorevelacionfm.cl\/wp-content\/uploads\/2025\/07\/foto-reu-calisto-puerto-chacabuco-1_optimized-1030x579.jpeg 1030w, https:\/\/radiorevelacionfm.cl\/wp-content\/uploads\/2025\/07\/foto-reu-calisto-puerto-chacabuco-1_optimized-768x432.jpeg 768w, https:\/\/radiorevelacionfm.cl\/wp-content\/uploads\/2025\/07\/foto-reu-calisto-puerto-chacabuco-1_optimized-705x396.jpeg 705w, https:\/\/radiorevelacionfm.cl\/wp-content\/uploads\/2025\/07\/foto-reu-calisto-puerto-chacabuco-1_optimized-450x253.jpeg 450w, https:\/\/radiorevelacionfm.cl\/wp-content\/uploads\/2025\/07\/foto-reu-calisto-puerto-chacabuco-1_optimized-600x337.jpeg 600w\" sizes=\"(max-width: 1067px) 100vw, 1067px\" \/><\/div><\/div><\/div><\/div><div class=\"flex_column av_one_full  flex_column_div av-zero-column-padding first  avia-builder-el-2  el_after_av_one_full  el_before_av_one_full  column-top-margin\" style='border-radius:0px; '><section class=\"av_textblock_section \"  itemscope=\"itemscope\" itemtype=\"https:\/\/schema.org\/BlogPosting\" itemprop=\"blogPost\" ><div class='avia_textblock  '   itemprop=\"text\" ><p style=\"text-align: center;\"><strong><span style=\"font-size: 18pt;\">Calisto aborda urgente problema de desempleo en Puerto Chacabuco tras reuni\u00f3n clave con sindicatos de mujeres<\/span><\/strong><\/p>\n<div id=\"gtx-trans\" style=\"position: absolute; left: -50px; top: 4.31534px;\">\n<div class=\"gtx-trans-icon\"><\/div>\n<\/div>\n<\/div><\/section><\/div><div class=\"flex_column av_one_full  flex_column_div av-zero-column-padding first  avia-builder-el-4  el_after_av_one_full  el_before_av_hr  column-top-margin\" style='border-radius:0px; '><section class=\"av_textblock_section \"  itemscope=\"itemscope\" itemtype=\"https:\/\/schema.org\/BlogPosting\" itemprop=\"blogPost\" ><div class='avia_textblock  '   itemprop=\"text\" ><p style=\"text-align: justify;\">El diputado Miguel \u00c1ngel Calisto sostuvo una importante reuni\u00f3n con representantes del sindicato Mujeres del Mar y el sindicato de Mujeres Las Porte\u00f1as de Puerto Chacabuco para abordar la cr\u00edtica situaci\u00f3n de desempleo que afecta a la localidad y, por extensi\u00f3n, a todo el litoral de la regi\u00f3n de Ays\u00e9n. En el encuentro participaron diversas autoridades, incluyendo el alcalde, el gobernador regional, y equipos de la Subdere, quienes escucharon de primera mano las preocupaciones de los gremios.<\/p>\n<p style=\"text-align: justify;\">\u00abTuvimos una reuni\u00f3n bien importante con las socias integrantes del Sindicato Mujeres del Mar y tambi\u00e9n con el Sindicato de Mujeres las Porte\u00f1as, porque ac\u00e1 hay un grave problema de desempleo en Chacabuco, y este es un problema que tambi\u00e9n afecta todo el litoral de la regi\u00f3n de Ays\u00e9n\u00bb, afirm\u00f3 el diputado Calisto.<\/p>\n<p style=\"text-align: justify;\">\u00abPara nosotros es importante hoy d\u00eda avanzar, hay un proyecto que va a comenzar ahora el primero de agosto, pero que no va a cubrir toda la demanda de empleo. En total los dos sindicatos son cerca de 30, en su mayor\u00eda mujeres, hay muchos tambi\u00e9n que son adultos mayores y que necesitan estos mecanismos de empleo\u00bb, afirm\u00f3 Calisto.<\/p>\n<p style=\"text-align: justify;\">La presidenta del Sindicato Mujeres del Mar, Lucerina Ruiz, enfatiz\u00f3 la gravedad de la situaci\u00f3n. \u00abHoy en d\u00eda fueron\u00a0convocadas todas las autoridades\u00a0regionales, comunales y provinciales, por el tema del desempleo que tenemos nosotros como comunidad. De hecho somos dos sindicatos ac\u00e1 y desde ahora en adelante vamos a tener que trabajar juntos para esto, para poder tener el trabajo como corresponde para nuestras socias y socios que tenemos dentro de nuestro sindicato\u00bb, se\u00f1al\u00f3 Ruiz.<\/p>\n<p style=\"text-align: justify;\">Aunque se anunci\u00f3 un programa PMU de la Subdere que comenzar\u00e1 el 1 de agosto para 12 personas durante siete meses, Ruiz lament\u00f3 que \u00abquedan todav\u00eda 15 personas m\u00e1s cesantes, eso significa que son 15 hogares que no les llega la platita al fin de mes, muchos pagan arriendo, muchos tienen distintas necesidades\u00bb. Adem\u00e1s, destac\u00f3 que muchas de sus representadas no califican para trabajos en pesqueras debido a responsabilidades familiares o enfermedades, mientras los costos de vida, como la electricidad y el agua, contin\u00faan en aumento.<\/p>\n<p style=\"text-align: justify;\">Por su parte, Rosa Almonacid, presidenta del Sindicato de Las Porte\u00f1as, manifest\u00f3 su respaldo a las palabras de Ruiz. \u00abMe sumo a las palabras de Lucerina y decidimos unirnos para poder trabajar juntas en esto, ya que tenemos, como dice Lucerina, mucha gente cesante y ojal\u00e1 que tanta autoridad hoy d\u00eda, juntas, nos puedan resolver los problemas lo m\u00e1s pronto posible\u00bb, expres\u00f3 Almonacid.<\/p>\n<p style=\"text-align: justify;\">El diputado Calisto reiter\u00f3 su compromiso de gesti\u00f3n ante la Subdere para asegurar recursos que permitan cubrir la totalidad de la demanda de empleo insatisfecha en Chacabuco, garantizando as\u00ed ingresos para las familias de la comuna. La colaboraci\u00f3n entre las organizaciones sindicales y las autoridades es crucial para encontrar soluciones efectivas y sostenibles a esta problem\u00e1tica social y econ\u00f3mica.<\/p>\n<\/div><\/section><\/div><div  style='height:50px' class='hr hr-invisible   avia-builder-el-6  el_after_av_one_full  el_before_av_social_share '><span class='hr-inner ' ><span class='hr-inner-style'><\/span><\/span><\/div><\/p>\n<div  class='av-social-sharing-box  avia-builder-el-7  el_after_av_hr  el_before_av_hr  '><div class='av-share-box'><h5 class='av-share-link-description av-no-toc '>Compartir esta noticia<\/h5><ul class='av-share-box-list noLightbox'><li class='av-share-link av-social-link-facebook' ><a target=\"_blank\" aria-label=\"Compartir en Facebook\" href='https:\/\/www.facebook.com\/sharer.php?u=https:\/\/radiorevelacionfm.cl\/?p=57035&#038;t=Calisto%20aborda%20urgente%20problema%20de%20desempleo%20en%20Puerto%20Chacabuco%20tras%20reuni%C3%B3n%20clave%20con%20sindicatos%20de%20mujeres' aria-hidden='false' data-av_icon='\ue8f3' data-av_iconfont='entypo-fontello' title='' data-avia-related-tooltip='Compartir en Facebook' rel=\"noopener\"><span class='avia_hidden_link_text'>Compartir en Facebook<\/span><\/a><\/li><li class='av-share-link av-social-link-twitter' ><a target=\"_blank\" aria-label=\"Compartir en Twitter\" href='https:\/\/twitter.com\/share?text=Calisto%20aborda%20urgente%20problema%20de%20desempleo%20en%20Puerto%20Chacabuco%20tras%20reuni%C3%B3n%20clave%20con%20sindicatos%20de%20mujeres&#038;url=https:\/\/radiorevelacionfm.cl\/?p=57035' aria-hidden='false' data-av_icon='\ue8f1' data-av_iconfont='entypo-fontello' title='' data-avia-related-tooltip='Compartir en Twitter' rel=\"noopener\"><span class='avia_hidden_link_text'>Compartir en Twitter<\/span><\/a><\/li><li class='av-share-link av-social-link-whatsapp' ><a target=\"_blank\" aria-label=\"Compartir en Whatsapp\" href='https:\/\/api.whatsapp.com\/send?text=https:\/\/radiorevelacionfm.cl\/?p=57035' aria-hidden='false' data-av_icon='\uf232' data-av_iconfont='entypo-fontello' title='' data-avia-related-tooltip='Compartir en Whatsapp' rel=\"noopener\"><span class='avia_hidden_link_text'>Compartir en Whatsapp<\/span><\/a><\/li><li class='av-share-link av-social-link-linkedin' ><a target=\"_blank\" aria-label=\"Compartir en LinkedIn\" href='https:\/\/linkedin.com\/shareArticle?mini=true&#038;title=Calisto%20aborda%20urgente%20problema%20de%20desempleo%20en%20Puerto%20Chacabuco%20tras%20reuni%C3%B3n%20clave%20con%20sindicatos%20de%20mujeres&#038;url=https:\/\/radiorevelacionfm.cl\/?p=57035' aria-hidden='false' data-av_icon='\ue8fc' data-av_iconfont='entypo-fontello' title='' data-avia-related-tooltip='Compartir en LinkedIn' rel=\"noopener\"><span class='avia_hidden_link_text'>Compartir en LinkedIn<\/span><\/a><\/li><li class='av-share-link av-social-link-mail' ><a  aria-label=\"Compartir por correo\" href='mailto:?subject=Calisto%20aborda%20urgente%20problema%20de%20desempleo%20en%20Puerto%20Chacabuco%20tras%20reuni%C3%B3n%20clave%20con%20sindicatos%20de%20mujeres&#038;body=https:\/\/radiorevelacionfm.cl\/?p=57035' aria-hidden='false' data-av_icon='\ue805' data-av_iconfont='entypo-fontello' title='' data-avia-related-tooltip='Compartir por correo'><span class='avia_hidden_link_text'>Compartir por correo<\/span><\/a><\/li><\/ul><\/div><\/div>\n<div  style='height:50px' class='hr hr-invisible   avia-builder-el-8  el_after_av_social_share  el_before_av_comments_list '><span class='hr-inner ' ><span class='hr-inner-style'><\/span><\/span><\/div>\n<div  class='av-buildercomment  av-blog-meta-html-info-disabled av-blog-meta-tag-disabled  '><\/div>\n","protected":false},"excerpt":{"rendered":"","protected":false},"author":1,"featured_media":57036,"comment_status":"closed","ping_status":"closed","sticky":false,"template":"","format":"standard","meta":{"footnotes":""},"categories":[35],"tags":[],"class_list":["post-57035","post","type-post","status-publish","format-standard","has-post-thumbnail","hentry","category-politica"],"jetpack_featured_media_url":"https:\/\/radiorevelacionfm.cl\/wp-content\/uploads\/2025\/07\/foto-reu-calisto-puerto-chacabuco-1_optimized.jpeg","_links":{"self":[{"href":"https:\/\/radiorevelacionfm.cl\/index.php?rest_route=\/wp\/v2\/posts\/57035","targetHints":{"allow":["GET"]}}],"collection":[{"href":"https:\/\/radiorevelacionfm.cl\/index.php?rest_route=\/wp\/v2\/posts"}],"about":[{"href":"https:\/\/radiorevelacionfm.cl\/index.php?rest_route=\/wp\/v2\/types\/post"}],"author":[{"embeddable":true,"href":"https:\/\/radiorevelacionfm.cl\/index.php?rest_route=\/wp\/v2\/users\/1"}],"replies":[{"embeddable":true,"href":"https:\/\/radiorevelacionfm.cl\/index.php?rest_route=%2Fwp%2Fv2%2Fcomments&post=57035"}],"version-history":[{"count":2,"href":"https:\/\/radiorevelacionfm.cl\/index.php?rest_route=\/wp\/v2\/posts\/57035\/revisions"}],"predecessor-version":[{"id":57038,"href":"https:\/\/radiorevelacionfm.cl\/index.php?rest_route=\/wp\/v2\/posts\/57035\/revisions\/57038"}],"wp:featuredmedia":[{"embeddable":true,"href":"https:\/\/radiorevelacionfm.cl\/index.php?rest_route=\/wp\/v2\/media\/57036"}],"wp:attachment":[{"href":"https:\/\/radiorevelacionfm.cl\/index.php?rest_route=%2Fwp%2Fv2%2Fmedia&parent=57035"}],"wp:term":[{"taxonomy":"category","embeddable":true,"href":"https:\/\/radiorevelacionfm.cl\/index.php?rest_route=%2Fwp%2Fv2%2Fcategories&post=57035"},{"taxonomy":"post_tag","embeddable":true,"href":"https:\/\/radiorevelacionfm.cl\/index.php?rest_route=%2Fwp%2Fv2%2Ftags&post=57035"}],"curies":[{"name":"wp","href":"https:\/\/api.w.org\/{rel}","templated":true}]}}