{"id":57032,"date":"2025-07-30T10:36:29","date_gmt":"2025-07-30T13:36:29","guid":{"rendered":"https:\/\/radiorevelacionfm.cl\/?p=57032"},"modified":"2025-07-30T10:36:29","modified_gmt":"2025-07-30T13:36:29","slug":"los-avances-en-la-coordinacion-de-la-seguridad-publica-en-aysen","status":"publish","type":"post","link":"https:\/\/radiorevelacionfm.cl\/?p=57032","title":{"rendered":"Los avances en la coordinaci\u00f3n de la seguridad p\u00fablica en Ays\u00e9n"},"content":{"rendered":"<div class=\"flex_column av_one_full  flex_column_div av-zero-column-padding first  avia-builder-el-0  el_before_av_one_full  avia-builder-el-first  \" style='border-radius:0px; '><div  class='avia-image-container  av-styling-    avia-builder-el-1  avia-builder-el-no-sibling  avia-align-center '  itemprop=\"image\" itemscope=\"itemscope\" itemtype=\"https:\/\/schema.org\/ImageObject\"  ><div class='avia-image-container-inner'><div class='avia-image-overlay-wrap'><img decoding=\"async\" class='wp-image-57033 avia-img-lazy-loading-not-57033 avia_image' src=\"https:\/\/radiorevelacionfm.cl\/wp-content\/uploads\/2025\/07\/Seremi-de-Gobierno-y-Seremi-de-Seguridad-Publica-1-1.jpg\" alt='' title='Seremi de Gobierno y Seremi de Seguridad P\u00fablica (1) (1)' height=\"675\" width=\"803\"  itemprop=\"thumbnailUrl\" srcset=\"https:\/\/radiorevelacionfm.cl\/wp-content\/uploads\/2025\/07\/Seremi-de-Gobierno-y-Seremi-de-Seguridad-Publica-1-1.jpg 803w, https:\/\/radiorevelacionfm.cl\/wp-content\/uploads\/2025\/07\/Seremi-de-Gobierno-y-Seremi-de-Seguridad-Publica-1-1-300x252.jpg 300w, https:\/\/radiorevelacionfm.cl\/wp-content\/uploads\/2025\/07\/Seremi-de-Gobierno-y-Seremi-de-Seguridad-Publica-1-1-768x646.jpg 768w, https:\/\/radiorevelacionfm.cl\/wp-content\/uploads\/2025\/07\/Seremi-de-Gobierno-y-Seremi-de-Seguridad-Publica-1-1-705x593.jpg 705w, https:\/\/radiorevelacionfm.cl\/wp-content\/uploads\/2025\/07\/Seremi-de-Gobierno-y-Seremi-de-Seguridad-Publica-1-1-450x378.jpg 450w, https:\/\/radiorevelacionfm.cl\/wp-content\/uploads\/2025\/07\/Seremi-de-Gobierno-y-Seremi-de-Seguridad-Publica-1-1-600x504.jpg 600w\" sizes=\"(max-width: 803px) 100vw, 803px\" \/><\/div><\/div><\/div><\/div><div class=\"flex_column av_one_full  flex_column_div av-zero-column-padding first  avia-builder-el-2  el_after_av_one_full  el_before_av_one_full  column-top-margin\" style='border-radius:0px; '><section class=\"av_textblock_section \"  itemscope=\"itemscope\" itemtype=\"https:\/\/schema.org\/BlogPosting\" itemprop=\"blogPost\" ><div class='avia_textblock  '   itemprop=\"text\" ><p style=\"text-align: center;\"><span style=\"font-size: 18pt;\"><strong>Los avances en la coordinaci\u00f3n de la seguridad p\u00fablica en Ays\u00e9n<\/strong><\/span><\/p>\n<div id=\"gtx-trans\" style=\"position: absolute; left: -50px; top: 4.31534px;\">\n<div class=\"gtx-trans-icon\"><\/div>\n<\/div>\n<\/div><\/section><\/div><div class=\"flex_column av_one_full  flex_column_div av-zero-column-padding first  avia-builder-el-4  el_after_av_one_full  el_before_av_hr  column-top-margin\" style='border-radius:0px; '><section class=\"av_textblock_section \"  itemscope=\"itemscope\" itemtype=\"https:\/\/schema.org\/BlogPosting\" itemprop=\"blogPost\" ><div class='avia_textblock  '   itemprop=\"text\" ><p style=\"text-align: justify;\">El Presidente Gabriel Boric Font ha dado prioridad a las necesidades de las personas en materia de seguridad, con acciones concretas, mediante medidas preventivas y de protecci\u00f3n. Destacando la implementaci\u00f3n del Ministerio de Seguridad P\u00fablica y sus respectivas Seremis, las que est\u00e1n enfocadas en fortalecer, coordinar y garantizar de manera robusta la seguridad y el orden p\u00fablico.<\/p>\n<p style=\"text-align: justify;\">\u201cAys\u00e9n no es la excepci\u00f3n. Con la entrada en vigencia de la Seremi de Seguridad P\u00fablica, hemos visto un avance en la coordinaci\u00f3n y colaboraci\u00f3n con otras instituciones. La seguridad ciudadana es fundamental para el desarrollo de nuestra regi\u00f3n, por esto, la respuesta r\u00e1pida y oportuna por parte de Carabineros de Chile y la Polic\u00eda de Investigaciones frente a delitos de diferente connotaci\u00f3n, no s\u00f3lo permite la detenci\u00f3n de los delincuentes, sino que previene futuros delitos y genera real confianza en las instituciones\u201d, indic\u00f3 la Seremi de Gobierno \u00darsula Mix.<\/p>\n<p style=\"text-align: justify;\">Desde el primer d\u00eda las prioridades de la Seremi de Seguridad P\u00fablica, Ruth Vallejos, estuvieron enfocadas en coordinar a las instituciones para obtener logros de manera r\u00e1pida en la lucha contra el delito, cuesti\u00f3n que ha visto resultados en la regi\u00f3n, ya que la velocidad en la respuesta puede marcar la diferencia.<\/p>\n<p style=\"text-align: justify;\">Al respecto la Seremi se\u00f1al\u00f3: \u201cEl objetivo del nuevo Ministerio de Seguridad y de esta Serem\u00eda, por cierto, es lograr una eficaz respuesta ante cualquier demanda del delito para, primero, luchar contra el crimen organizado y, segundo, bajar la percepci\u00f3n de inseguridad. En este punto, tengo que evidenciar la r\u00e1pida respuesta que han tenido tanto las dos polic\u00edas como la Seguridad Municipal dentro de este trabajo interoperativo que estamos llevando a cabo para la regi\u00f3n de Ays\u00e9n\u201d.<\/p>\n<p style=\"text-align: justify;\">Adem\u00e1s, la Seremi de Seguridad P\u00fablica apunt\u00f3 a dar evidencias sobre el efectivo trabajo coordinado: \u201cEl 7 de julio de 2025, en una orden de detenci\u00f3n por una agresi\u00f3n con arma de fuego en una discoteca, no solamente la PDI detuvo a una persona, sino que la vincul\u00f3 en el curso de 24 horas a seis robos y hurtos que hab\u00edan acontecido en esta capital regional. Otra evidencia. Un patrullaje de Seguridad Municipal en la madrugada del 26 de junio dio cuenta de dos menores de edad que portaban armas de fuego, hechiza una, la otra de verdad. Dieron cuenta de inmediato a carabineros y resultaron dos detenciones y dos armas fuera de circulaci\u00f3n. Otra acci\u00f3n que quiero destacar, es la \u00faltima condena a seis a\u00f1os por un femicidio frustrado en la cual el carabinero que tom\u00f3 la denuncia de una v\u00edctima desesperada que solamente le dec\u00eda que su agresor ten\u00eda medidas cautelares el cruce medidas cautelares que se relacionaban con esa v\u00edctima con denuncias anteriores para poder concurrir a un domicilio que esa v\u00edctima no le estaba dando con los resultados que acabo de decir. Una condena por femicidio por seis a\u00f1os. Entonces, \u00bfestamos siendo efectivos? S\u00ed. \u00bfEstamos trabajando para todos? Claro que s\u00ed. Y estamos coordin\u00e1ndonos interoperativamente para poder responder a una regi\u00f3n que queremos cada vez m\u00e1s segura, cada vez m\u00e1s abierta al mundo, cada vez mejor\u201d, concluy\u00f3.<\/p>\n<\/div><\/section><\/div><div  style='height:50px' class='hr hr-invisible   avia-builder-el-6  el_after_av_one_full  el_before_av_social_share '><span class='hr-inner ' ><span class='hr-inner-style'><\/span><\/span><\/div><\/p>\n<div  class='av-social-sharing-box  avia-builder-el-7  el_after_av_hr  el_before_av_hr  '><div class='av-share-box'><h5 class='av-share-link-description av-no-toc '>Compartir esta noticia<\/h5><ul class='av-share-box-list noLightbox'><li class='av-share-link av-social-link-facebook' ><a target=\"_blank\" aria-label=\"Compartir en Facebook\" href='https:\/\/www.facebook.com\/sharer.php?u=https:\/\/radiorevelacionfm.cl\/?p=57032&#038;t=Los%20avances%20en%20la%20coordinaci%C3%B3n%20de%20la%20seguridad%20p%C3%BAblica%20en%20Ays%C3%A9n' aria-hidden='false' data-av_icon='\ue8f3' data-av_iconfont='entypo-fontello' title='' data-avia-related-tooltip='Compartir en Facebook' rel=\"noopener\"><span class='avia_hidden_link_text'>Compartir en Facebook<\/span><\/a><\/li><li class='av-share-link av-social-link-twitter' ><a target=\"_blank\" aria-label=\"Compartir en Twitter\" href='https:\/\/twitter.com\/share?text=Los%20avances%20en%20la%20coordinaci%C3%B3n%20de%20la%20seguridad%20p%C3%BAblica%20en%20Ays%C3%A9n&#038;url=https:\/\/radiorevelacionfm.cl\/?p=57032' aria-hidden='false' data-av_icon='\ue8f1' data-av_iconfont='entypo-fontello' title='' data-avia-related-tooltip='Compartir en Twitter' rel=\"noopener\"><span class='avia_hidden_link_text'>Compartir en Twitter<\/span><\/a><\/li><li class='av-share-link av-social-link-whatsapp' ><a target=\"_blank\" aria-label=\"Compartir en Whatsapp\" href='https:\/\/api.whatsapp.com\/send?text=https:\/\/radiorevelacionfm.cl\/?p=57032' aria-hidden='false' data-av_icon='\uf232' data-av_iconfont='entypo-fontello' title='' data-avia-related-tooltip='Compartir en Whatsapp' rel=\"noopener\"><span class='avia_hidden_link_text'>Compartir en Whatsapp<\/span><\/a><\/li><li class='av-share-link av-social-link-linkedin' ><a target=\"_blank\" aria-label=\"Compartir en LinkedIn\" href='https:\/\/linkedin.com\/shareArticle?mini=true&#038;title=Los%20avances%20en%20la%20coordinaci%C3%B3n%20de%20la%20seguridad%20p%C3%BAblica%20en%20Ays%C3%A9n&#038;url=https:\/\/radiorevelacionfm.cl\/?p=57032' aria-hidden='false' data-av_icon='\ue8fc' data-av_iconfont='entypo-fontello' title='' data-avia-related-tooltip='Compartir en LinkedIn' rel=\"noopener\"><span class='avia_hidden_link_text'>Compartir en LinkedIn<\/span><\/a><\/li><li class='av-share-link av-social-link-mail' ><a  aria-label=\"Compartir por correo\" href='mailto:?subject=Los%20avances%20en%20la%20coordinaci%C3%B3n%20de%20la%20seguridad%20p%C3%BAblica%20en%20Ays%C3%A9n&#038;body=https:\/\/radiorevelacionfm.cl\/?p=57032' aria-hidden='false' data-av_icon='\ue805' data-av_iconfont='entypo-fontello' title='' data-avia-related-tooltip='Compartir por correo'><span class='avia_hidden_link_text'>Compartir por correo<\/span><\/a><\/li><\/ul><\/div><\/div>\n<div  style='height:50px' class='hr hr-invisible   avia-builder-el-8  el_after_av_social_share  el_before_av_comments_list '><span class='hr-inner ' ><span class='hr-inner-style'><\/span><\/span><\/div>\n<div  class='av-buildercomment  av-blog-meta-html-info-disabled av-blog-meta-tag-disabled  '><\/div>\n","protected":false},"excerpt":{"rendered":"","protected":false},"author":1,"featured_media":57033,"comment_status":"closed","ping_status":"closed","sticky":false,"template":"","format":"standard","meta":{"footnotes":""},"categories":[38],"tags":[],"class_list":["post-57032","post","type-post","status-publish","format-standard","has-post-thumbnail","hentry","category-regional"],"jetpack_featured_media_url":"https:\/\/radiorevelacionfm.cl\/wp-content\/uploads\/2025\/07\/Seremi-de-Gobierno-y-Seremi-de-Seguridad-Publica-1-1.jpg","_links":{"self":[{"href":"https:\/\/radiorevelacionfm.cl\/index.php?rest_route=\/wp\/v2\/posts\/57032","targetHints":{"allow":["GET"]}}],"collection":[{"href":"https:\/\/radiorevelacionfm.cl\/index.php?rest_route=\/wp\/v2\/posts"}],"about":[{"href":"https:\/\/radiorevelacionfm.cl\/index.php?rest_route=\/wp\/v2\/types\/post"}],"author":[{"embeddable":true,"href":"https:\/\/radiorevelacionfm.cl\/index.php?rest_route=\/wp\/v2\/users\/1"}],"replies":[{"embeddable":true,"href":"https:\/\/radiorevelacionfm.cl\/index.php?rest_route=%2Fwp%2Fv2%2Fcomments&post=57032"}],"version-history":[{"count":2,"href":"https:\/\/radiorevelacionfm.cl\/index.php?rest_route=\/wp\/v2\/posts\/57032\/revisions"}],"predecessor-version":[{"id":57086,"href":"https:\/\/radiorevelacionfm.cl\/index.php?rest_route=\/wp\/v2\/posts\/57032\/revisions\/57086"}],"wp:featuredmedia":[{"embeddable":true,"href":"https:\/\/radiorevelacionfm.cl\/index.php?rest_route=\/wp\/v2\/media\/57033"}],"wp:attachment":[{"href":"https:\/\/radiorevelacionfm.cl\/index.php?rest_route=%2Fwp%2Fv2%2Fmedia&parent=57032"}],"wp:term":[{"taxonomy":"category","embeddable":true,"href":"https:\/\/radiorevelacionfm.cl\/index.php?rest_route=%2Fwp%2Fv2%2Fcategories&post=57032"},{"taxonomy":"post_tag","embeddable":true,"href":"https:\/\/radiorevelacionfm.cl\/index.php?rest_route=%2Fwp%2Fv2%2Ftags&post=57032"}],"curies":[{"name":"wp","href":"https:\/\/api.w.org\/{rel}","templated":true}]}}