{"id":57029,"date":"2025-07-29T10:16:13","date_gmt":"2025-07-29T13:16:13","guid":{"rendered":"https:\/\/radiorevelacionfm.cl\/?p=57029"},"modified":"2025-07-29T10:16:13","modified_gmt":"2025-07-29T13:16:13","slug":"invitan-a-la-comunidad-a-participar-en-plaza-de-justicia-a-realizarse-en-supermercado-unimarc","status":"publish","type":"post","link":"https:\/\/radiorevelacionfm.cl\/?p=57029","title":{"rendered":"Invitan a la comunidad a participar en Plaza de Justicia a realizarse en Supermercado Unimarc"},"content":{"rendered":"<div class=\"flex_column av_one_full  flex_column_div av-zero-column-padding first  avia-builder-el-0  el_before_av_one_full  avia-builder-el-first  \" style='border-radius:0px; '><div  class='avia-image-container  av-styling-    avia-builder-el-1  avia-builder-el-no-sibling  avia-align-center '  itemprop=\"image\" itemscope=\"itemscope\" itemtype=\"https:\/\/schema.org\/ImageObject\"  ><div class='avia-image-container-inner'><div class='avia-image-overlay-wrap'><img decoding=\"async\" class='wp-image-31131 avia-img-lazy-loading-not-31131 avia_image' src=\"https:\/\/radiorevelacionfm.cl\/wp-content\/uploads\/2023\/05\/seremi-justicia-y-ddhh-2_optimized.jpg\" alt='' title='seremi-justicia-y-ddhh-(2)_optimized' height=\"600\" width=\"748\"  itemprop=\"thumbnailUrl\" srcset=\"https:\/\/radiorevelacionfm.cl\/wp-content\/uploads\/2023\/05\/seremi-justicia-y-ddhh-2_optimized.jpg 748w, https:\/\/radiorevelacionfm.cl\/wp-content\/uploads\/2023\/05\/seremi-justicia-y-ddhh-2_optimized-300x241.jpg 300w, https:\/\/radiorevelacionfm.cl\/wp-content\/uploads\/2023\/05\/seremi-justicia-y-ddhh-2_optimized-705x566.jpg 705w, https:\/\/radiorevelacionfm.cl\/wp-content\/uploads\/2023\/05\/seremi-justicia-y-ddhh-2_optimized-450x361.jpg 450w, https:\/\/radiorevelacionfm.cl\/wp-content\/uploads\/2023\/05\/seremi-justicia-y-ddhh-2_optimized-600x481.jpg 600w\" sizes=\"(max-width: 748px) 100vw, 748px\" \/><\/div><\/div><\/div><\/div><div class=\"flex_column av_one_full  flex_column_div av-zero-column-padding first  avia-builder-el-2  el_after_av_one_full  el_before_av_one_full  column-top-margin\" style='border-radius:0px; '><section class=\"av_textblock_section \"  itemscope=\"itemscope\" itemtype=\"https:\/\/schema.org\/BlogPosting\" itemprop=\"blogPost\" ><div class='avia_textblock  '   itemprop=\"text\" ><p style=\"text-align: center;\"><span style=\"font-size: 18pt;\"><strong>Invitan a la comunidad a participar en Plaza de Justicia a realizarse en Supermercado Unimarc<\/strong><\/span><\/p>\n<div id=\"gtx-trans\" style=\"position: absolute; left: -50px; top: 4.31534px;\">\n<div class=\"gtx-trans-icon\"><\/div>\n<\/div>\n<\/div><\/section><\/div><div class=\"flex_column av_one_full  flex_column_div av-zero-column-padding first  avia-builder-el-4  el_after_av_one_full  el_before_av_hr  column-top-margin\" style='border-radius:0px; '><section class=\"av_textblock_section \"  itemscope=\"itemscope\" itemtype=\"https:\/\/schema.org\/BlogPosting\" itemprop=\"blogPost\" ><div class='avia_textblock  '   itemprop=\"text\" ><p style=\"text-align: justify;\"><em>En la oportunidad, estar\u00e1n presente todos los servicios del sector Justicia tales como el Registro Civil, Corporaci\u00f3n de Asistencia Judicial (CAJ), el Servicio de Reinserci\u00f3n Social Juvenil, la Defensor\u00eda Penal P\u00fablica, Servicio M\u00e9dico Legal y Gendarmer\u00eda de Chile, adem\u00e1s de la Delegaci\u00f3n Presidencial Regional y la Seremi de la Mujer y Equidad de G\u00e9nero.<\/em><\/p>\n<p style=\"text-align: justify;\">Este mi\u00e9rcoles 30 de Julio desde las 9:00 y hasta las 12:00 horas al interior del Supermercado Unimarc se llevar\u00e1 a cabo la tercera Plaza de Justicia y Derechos Humanos a\u00f1o 2025, instancia organizada por la Secretar\u00eda Regional Ministerial de Justicia y Derechos Humanos y que tiene como objetivo ser un espacio de difusi\u00f3n y promoci\u00f3n de las pol\u00edticas, planes, programas y acciones que realiza el Ministerio de Justicia y Derechos Humanos en conjunto con sus servicios dependientes y relacionados.<\/p>\n<p style=\"text-align: justify;\">El seremi de Justicia y Derechos Humanos Samuel Navarro Castro hizo extensiva la invitaci\u00f3n a toda la comunidad de Coyhaique a participar y aprovechar esta instancia para realizar tr\u00e1mites y consultas a los distintos servicios del sector se\u00f1alando que \u201ceste mi\u00e9rcoles 31 de Julio estaremos con todos los servicios p\u00fablicos dependientes de la cartera de Justicia, que son el Registro Civil, el Servicio M\u00e9dico Legal, la Corporaci\u00f3n de Asistencia Judicial, Gendarmer\u00eda de Chile, el Servicio de Reinserci\u00f3n Social Juvenil \u00a0y la Defensor\u00eda Penal P\u00fablica, y en esta oportunidad adem\u00e1s contaremos con la presencia de funcionarios de la Delegaci\u00f3n Presidencial Regional y de la Seremi de la Mujer y Equidad de G\u00e9nero, as\u00ed que la invitaci\u00f3n es para todos los vecinos y vecinas de Coyhaique a que concurran al Supermercado Unimarc, ah\u00ed vamos a estar de 9:00 a 12:00 horas para que puedan hacer sus consultas, orientaci\u00f3n, ver el estado de sus tr\u00e1mites, entre otros\u201d.<\/p>\n<p style=\"text-align: justify;\">Finalmente, la idea es desarrollar estas instancias de participaci\u00f3n y difusi\u00f3n en diversas comunas y localidades de la regi\u00f3n, esto con el objetivo de poder acercar los servicios de Justicia a todos y todas.<\/p>\n<\/div><\/section><\/div><div  style='height:50px' class='hr hr-invisible   avia-builder-el-6  el_after_av_one_full  el_before_av_social_share '><span class='hr-inner ' ><span class='hr-inner-style'><\/span><\/span><\/div><\/p>\n<div  class='av-social-sharing-box  avia-builder-el-7  el_after_av_hr  el_before_av_hr  '><div class='av-share-box'><h5 class='av-share-link-description av-no-toc '>Compartir esta noticia<\/h5><ul class='av-share-box-list noLightbox'><li class='av-share-link av-social-link-facebook' ><a target=\"_blank\" aria-label=\"Compartir en Facebook\" href='https:\/\/www.facebook.com\/sharer.php?u=https:\/\/radiorevelacionfm.cl\/?p=57029&#038;t=Invitan%20a%20la%20comunidad%20a%20participar%20en%20Plaza%20de%20Justicia%20a%20realizarse%20en%20Supermercado%20Unimarc' aria-hidden='false' data-av_icon='\ue8f3' data-av_iconfont='entypo-fontello' title='' data-avia-related-tooltip='Compartir en Facebook' rel=\"noopener\"><span class='avia_hidden_link_text'>Compartir en Facebook<\/span><\/a><\/li><li class='av-share-link av-social-link-twitter' ><a target=\"_blank\" aria-label=\"Compartir en Twitter\" href='https:\/\/twitter.com\/share?text=Invitan%20a%20la%20comunidad%20a%20participar%20en%20Plaza%20de%20Justicia%20a%20realizarse%20en%20Supermercado%20Unimarc&#038;url=https:\/\/radiorevelacionfm.cl\/?p=57029' aria-hidden='false' data-av_icon='\ue8f1' data-av_iconfont='entypo-fontello' title='' data-avia-related-tooltip='Compartir en Twitter' rel=\"noopener\"><span class='avia_hidden_link_text'>Compartir en Twitter<\/span><\/a><\/li><li class='av-share-link av-social-link-whatsapp' ><a target=\"_blank\" aria-label=\"Compartir en Whatsapp\" href='https:\/\/api.whatsapp.com\/send?text=https:\/\/radiorevelacionfm.cl\/?p=57029' aria-hidden='false' data-av_icon='\uf232' data-av_iconfont='entypo-fontello' title='' data-avia-related-tooltip='Compartir en Whatsapp' rel=\"noopener\"><span class='avia_hidden_link_text'>Compartir en Whatsapp<\/span><\/a><\/li><li class='av-share-link av-social-link-linkedin' ><a target=\"_blank\" aria-label=\"Compartir en LinkedIn\" href='https:\/\/linkedin.com\/shareArticle?mini=true&#038;title=Invitan%20a%20la%20comunidad%20a%20participar%20en%20Plaza%20de%20Justicia%20a%20realizarse%20en%20Supermercado%20Unimarc&#038;url=https:\/\/radiorevelacionfm.cl\/?p=57029' aria-hidden='false' data-av_icon='\ue8fc' data-av_iconfont='entypo-fontello' title='' data-avia-related-tooltip='Compartir en LinkedIn' rel=\"noopener\"><span class='avia_hidden_link_text'>Compartir en LinkedIn<\/span><\/a><\/li><li class='av-share-link av-social-link-mail' ><a  aria-label=\"Compartir por correo\" href='mailto:?subject=Invitan%20a%20la%20comunidad%20a%20participar%20en%20Plaza%20de%20Justicia%20a%20realizarse%20en%20Supermercado%20Unimarc&#038;body=https:\/\/radiorevelacionfm.cl\/?p=57029' aria-hidden='false' data-av_icon='\ue805' data-av_iconfont='entypo-fontello' title='' data-avia-related-tooltip='Compartir por correo'><span class='avia_hidden_link_text'>Compartir por correo<\/span><\/a><\/li><\/ul><\/div><\/div>\n<div  style='height:50px' class='hr hr-invisible   avia-builder-el-8  el_after_av_social_share  el_before_av_comments_list '><span class='hr-inner ' ><span class='hr-inner-style'><\/span><\/span><\/div>\n<div  class='av-buildercomment  av-blog-meta-html-info-disabled av-blog-meta-tag-disabled  '><\/div>\n","protected":false},"excerpt":{"rendered":"","protected":false},"author":1,"featured_media":31131,"comment_status":"closed","ping_status":"closed","sticky":false,"template":"","format":"standard","meta":{"footnotes":""},"categories":[55],"tags":[],"class_list":["post-57029","post","type-post","status-publish","format-standard","has-post-thumbnail","hentry","category-justicia"],"jetpack_featured_media_url":"https:\/\/radiorevelacionfm.cl\/wp-content\/uploads\/2023\/05\/seremi-justicia-y-ddhh-2_optimized.jpg","_links":{"self":[{"href":"https:\/\/radiorevelacionfm.cl\/index.php?rest_route=\/wp\/v2\/posts\/57029","targetHints":{"allow":["GET"]}}],"collection":[{"href":"https:\/\/radiorevelacionfm.cl\/index.php?rest_route=\/wp\/v2\/posts"}],"about":[{"href":"https:\/\/radiorevelacionfm.cl\/index.php?rest_route=\/wp\/v2\/types\/post"}],"author":[{"embeddable":true,"href":"https:\/\/radiorevelacionfm.cl\/index.php?rest_route=\/wp\/v2\/users\/1"}],"replies":[{"embeddable":true,"href":"https:\/\/radiorevelacionfm.cl\/index.php?rest_route=%2Fwp%2Fv2%2Fcomments&post=57029"}],"version-history":[{"count":2,"href":"https:\/\/radiorevelacionfm.cl\/index.php?rest_route=\/wp\/v2\/posts\/57029\/revisions"}],"predecessor-version":[{"id":57043,"href":"https:\/\/radiorevelacionfm.cl\/index.php?rest_route=\/wp\/v2\/posts\/57029\/revisions\/57043"}],"wp:featuredmedia":[{"embeddable":true,"href":"https:\/\/radiorevelacionfm.cl\/index.php?rest_route=\/wp\/v2\/media\/31131"}],"wp:attachment":[{"href":"https:\/\/radiorevelacionfm.cl\/index.php?rest_route=%2Fwp%2Fv2%2Fmedia&parent=57029"}],"wp:term":[{"taxonomy":"category","embeddable":true,"href":"https:\/\/radiorevelacionfm.cl\/index.php?rest_route=%2Fwp%2Fv2%2Fcategories&post=57029"},{"taxonomy":"post_tag","embeddable":true,"href":"https:\/\/radiorevelacionfm.cl\/index.php?rest_route=%2Fwp%2Fv2%2Ftags&post=57029"}],"curies":[{"name":"wp","href":"https:\/\/api.w.org\/{rel}","templated":true}]}}