{"id":57026,"date":"2025-07-28T17:02:38","date_gmt":"2025-07-28T20:02:38","guid":{"rendered":"https:\/\/radiorevelacionfm.cl\/?p=57026"},"modified":"2025-07-28T17:02:38","modified_gmt":"2025-07-28T20:02:38","slug":"mop-realizara-mantencion-programada-a-barcaza-la-tehuelche","status":"publish","type":"post","link":"https:\/\/radiorevelacionfm.cl\/?p=57026","title":{"rendered":"MOP realizar\u00e1 mantenci\u00f3n programada a barcaza La Tehuelche"},"content":{"rendered":"<div class=\"flex_column av_one_full  flex_column_div av-zero-column-padding first  avia-builder-el-0  el_before_av_one_full  avia-builder-el-first  \" style='border-radius:0px; '><div  class='avia-image-container  av-styling-    avia-builder-el-1  avia-builder-el-no-sibling  avia-align-center '  itemprop=\"image\" itemscope=\"itemscope\" itemtype=\"https:\/\/schema.org\/ImageObject\"  ><div class='avia-image-container-inner'><div class='avia-image-overlay-wrap'><img decoding=\"async\" class='wp-image-24961 avia-img-lazy-loading-not-24961 avia_image' src=\"https:\/\/radiorevelacionfm.cl\/wp-content\/uploads\/2022\/12\/Barcaza-La-Tehuelche-1-1.jpg\" alt='' title='Barcaza La Tehuelche (1) (1)' height=\"600\" width=\"801\"  itemprop=\"thumbnailUrl\" srcset=\"https:\/\/radiorevelacionfm.cl\/wp-content\/uploads\/2022\/12\/Barcaza-La-Tehuelche-1-1.jpg 801w, https:\/\/radiorevelacionfm.cl\/wp-content\/uploads\/2022\/12\/Barcaza-La-Tehuelche-1-1-300x225.jpg 300w, https:\/\/radiorevelacionfm.cl\/wp-content\/uploads\/2022\/12\/Barcaza-La-Tehuelche-1-1-768x575.jpg 768w, https:\/\/radiorevelacionfm.cl\/wp-content\/uploads\/2022\/12\/Barcaza-La-Tehuelche-1-1-705x528.jpg 705w, https:\/\/radiorevelacionfm.cl\/wp-content\/uploads\/2022\/12\/Barcaza-La-Tehuelche-1-1-600x449.jpg 600w\" sizes=\"(max-width: 801px) 100vw, 801px\" \/><\/div><\/div><\/div><\/div><div class=\"flex_column av_one_full  flex_column_div av-zero-column-padding first  avia-builder-el-2  el_after_av_one_full  el_before_av_one_full  column-top-margin\" style='border-radius:0px; '><section class=\"av_textblock_section \"  itemscope=\"itemscope\" itemtype=\"https:\/\/schema.org\/BlogPosting\" itemprop=\"blogPost\" ><div class='avia_textblock  '   itemprop=\"text\" ><p style=\"text-align: center;\"><strong><span style=\"font-size: 18pt;\">MOP realizar\u00e1 mantenci\u00f3n programada a barcaza La Tehuelche<\/span><\/strong><\/p>\n<div id=\"gtx-trans\" style=\"position: absolute; left: -50px; top: 4.31534px;\">\n<div class=\"gtx-trans-icon\"><\/div>\n<\/div>\n<\/div><\/section><\/div><div class=\"flex_column av_one_full  flex_column_div av-zero-column-padding first  avia-builder-el-4  el_after_av_one_full  el_before_av_hr  column-top-margin\" style='border-radius:0px; '><section class=\"av_textblock_section \"  itemscope=\"itemscope\" itemtype=\"https:\/\/schema.org\/BlogPosting\" itemprop=\"blogPost\" ><div class='avia_textblock  '   itemprop=\"text\" ><p style=\"text-align: justify;\"><em>Trabajos se desarrollar\u00e1n entre el 31 de julio y el 13 de agosto 2025. En ese per\u00edodo la Tehuelche ser\u00e1 reemplazada por la nave Chelenco.<\/em><\/p>\n<p style=\"text-align: justify;\">Los Secretarios Regionales Ministeriales de Obras P\u00fablicas, Paloma Jara Vald\u00e9s y de Transportes y Telecomunicaciones Hans Zimmermann Due\u00f1as, informaron que desde el 31 de julio y hasta el 13 de agosto se realizar\u00e1 una mantenci\u00f3n programada preventiva a la Barcaza La Tehuelche.<\/p>\n<p style=\"text-align: justify;\">La embarcaci\u00f3n que opera en el Lago General Carrera para mantener conectadas a las comunidades de Chile Chico e Ib\u00e1\u00f1ez, tendr\u00e1 trabajos de mantenci\u00f3n para dar cumplimiento a los compromisos adquiridos con la comunidad, as\u00ed como tambi\u00e9n con la autoridad mar\u00edtima y de esta forma, mantener sus condiciones \u00f3ptimas de operaci\u00f3n, de seguridad y calidad de servicio.<\/p>\n<p style=\"text-align: justify;\">Al respecto, la Seremi del MOP, Paloma Jara se\u00f1al\u00f3 que la realizaci\u00f3n de estos trabajos son parte de la mantenci\u00f3n programada y preventiva de la nave. \u201cComo parte de los compromisos que el Ministerio de Obras P\u00fablicas tiene con la comunidad de Chile Chico, est\u00e1 la mantenci\u00f3n de nuestra Barcaza La Tehuelche. La Direcci\u00f3n Regional de Obras Portuarias va a realizar detenci\u00f3n preventiva para hacer una mantenci\u00f3n durante los pr\u00f3ximos d\u00edas, esto va a ser desde el 31 de julio y hasta el 13 de agosto. Es muy importante que est\u00e9n atentos y atentas a esto, pero no por eso vamos a perder la conectividad en el lago General Carrera\u201d.<\/p>\n<p style=\"text-align: justify;\">Por su arte, el Seremi de Transportes y Telecomunicaciones, Hans Zimmermann Due\u00f1as, indic\u00f3 que \u201cdurante este per\u00edodo y en post de garantizar \u00a0la conectividad desde y hacia Chile Chico, como Ministerio de Transportes vamos a activar nuestro Plan de Contingencia a trav\u00e9s de la operaci\u00f3n de la Barcaza\u00a0 Chelenco con dos frecuencias diarias por todo este per\u00edodo y adem\u00e1s reforzando la frecuencia del servicio terrestre que conecta Coyhaique con Chile Chico con hasta seis frecuencias a la semana. Es importante que se realicen estas mantenciones porque as\u00ed, garantizamos la seguridad en el transporte lacustre y el buen estado de las naves para mantener conectada a la comunidad de Chile Chico\u201d.<\/p>\n<\/div><\/section><\/div><div  style='height:50px' class='hr hr-invisible   avia-builder-el-6  el_after_av_one_full  el_before_av_social_share '><span class='hr-inner ' ><span class='hr-inner-style'><\/span><\/span><\/div><\/p>\n<div  class='av-social-sharing-box  avia-builder-el-7  el_after_av_hr  el_before_av_hr  '><div class='av-share-box'><h5 class='av-share-link-description av-no-toc '>Compartir esta noticia<\/h5><ul class='av-share-box-list noLightbox'><li class='av-share-link av-social-link-facebook' ><a target=\"_blank\" aria-label=\"Compartir en Facebook\" href='https:\/\/www.facebook.com\/sharer.php?u=https:\/\/radiorevelacionfm.cl\/?p=57026&#038;t=MOP%20realizar%C3%A1%20mantenci%C3%B3n%20programada%20a%20barcaza%20La%20Tehuelche' aria-hidden='false' data-av_icon='\ue8f3' data-av_iconfont='entypo-fontello' title='' data-avia-related-tooltip='Compartir en Facebook' rel=\"noopener\"><span class='avia_hidden_link_text'>Compartir en Facebook<\/span><\/a><\/li><li class='av-share-link av-social-link-twitter' ><a target=\"_blank\" aria-label=\"Compartir en Twitter\" href='https:\/\/twitter.com\/share?text=MOP%20realizar%C3%A1%20mantenci%C3%B3n%20programada%20a%20barcaza%20La%20Tehuelche&#038;url=https:\/\/radiorevelacionfm.cl\/?p=57026' aria-hidden='false' data-av_icon='\ue8f1' data-av_iconfont='entypo-fontello' title='' data-avia-related-tooltip='Compartir en Twitter' rel=\"noopener\"><span class='avia_hidden_link_text'>Compartir en Twitter<\/span><\/a><\/li><li class='av-share-link av-social-link-whatsapp' ><a target=\"_blank\" aria-label=\"Compartir en Whatsapp\" href='https:\/\/api.whatsapp.com\/send?text=https:\/\/radiorevelacionfm.cl\/?p=57026' aria-hidden='false' data-av_icon='\uf232' data-av_iconfont='entypo-fontello' title='' data-avia-related-tooltip='Compartir en Whatsapp' rel=\"noopener\"><span class='avia_hidden_link_text'>Compartir en Whatsapp<\/span><\/a><\/li><li class='av-share-link av-social-link-linkedin' ><a target=\"_blank\" aria-label=\"Compartir en LinkedIn\" href='https:\/\/linkedin.com\/shareArticle?mini=true&#038;title=MOP%20realizar%C3%A1%20mantenci%C3%B3n%20programada%20a%20barcaza%20La%20Tehuelche&#038;url=https:\/\/radiorevelacionfm.cl\/?p=57026' aria-hidden='false' data-av_icon='\ue8fc' data-av_iconfont='entypo-fontello' title='' data-avia-related-tooltip='Compartir en LinkedIn' rel=\"noopener\"><span class='avia_hidden_link_text'>Compartir en LinkedIn<\/span><\/a><\/li><li class='av-share-link av-social-link-mail' ><a  aria-label=\"Compartir por correo\" href='mailto:?subject=MOP%20realizar%C3%A1%20mantenci%C3%B3n%20programada%20a%20barcaza%20La%20Tehuelche&#038;body=https:\/\/radiorevelacionfm.cl\/?p=57026' aria-hidden='false' data-av_icon='\ue805' data-av_iconfont='entypo-fontello' title='' data-avia-related-tooltip='Compartir por correo'><span class='avia_hidden_link_text'>Compartir por correo<\/span><\/a><\/li><\/ul><\/div><\/div>\n<div  style='height:50px' class='hr hr-invisible   avia-builder-el-8  el_after_av_social_share  el_before_av_comments_list '><span class='hr-inner ' ><span class='hr-inner-style'><\/span><\/span><\/div>\n<div  class='av-buildercomment  av-blog-meta-html-info-disabled av-blog-meta-tag-disabled  '><\/div>\n","protected":false},"excerpt":{"rendered":"","protected":false},"author":1,"featured_media":24961,"comment_status":"closed","ping_status":"closed","sticky":false,"template":"","format":"standard","meta":{"footnotes":""},"categories":[38],"tags":[],"class_list":["post-57026","post","type-post","status-publish","format-standard","has-post-thumbnail","hentry","category-regional"],"jetpack_featured_media_url":"https:\/\/radiorevelacionfm.cl\/wp-content\/uploads\/2022\/12\/Barcaza-La-Tehuelche-1-1.jpg","_links":{"self":[{"href":"https:\/\/radiorevelacionfm.cl\/index.php?rest_route=\/wp\/v2\/posts\/57026","targetHints":{"allow":["GET"]}}],"collection":[{"href":"https:\/\/radiorevelacionfm.cl\/index.php?rest_route=\/wp\/v2\/posts"}],"about":[{"href":"https:\/\/radiorevelacionfm.cl\/index.php?rest_route=\/wp\/v2\/types\/post"}],"author":[{"embeddable":true,"href":"https:\/\/radiorevelacionfm.cl\/index.php?rest_route=\/wp\/v2\/users\/1"}],"replies":[{"embeddable":true,"href":"https:\/\/radiorevelacionfm.cl\/index.php?rest_route=%2Fwp%2Fv2%2Fcomments&post=57026"}],"version-history":[{"count":2,"href":"https:\/\/radiorevelacionfm.cl\/index.php?rest_route=\/wp\/v2\/posts\/57026\/revisions"}],"predecessor-version":[{"id":57028,"href":"https:\/\/radiorevelacionfm.cl\/index.php?rest_route=\/wp\/v2\/posts\/57026\/revisions\/57028"}],"wp:featuredmedia":[{"embeddable":true,"href":"https:\/\/radiorevelacionfm.cl\/index.php?rest_route=\/wp\/v2\/media\/24961"}],"wp:attachment":[{"href":"https:\/\/radiorevelacionfm.cl\/index.php?rest_route=%2Fwp%2Fv2%2Fmedia&parent=57026"}],"wp:term":[{"taxonomy":"category","embeddable":true,"href":"https:\/\/radiorevelacionfm.cl\/index.php?rest_route=%2Fwp%2Fv2%2Fcategories&post=57026"},{"taxonomy":"post_tag","embeddable":true,"href":"https:\/\/radiorevelacionfm.cl\/index.php?rest_route=%2Fwp%2Fv2%2Ftags&post=57026"}],"curies":[{"name":"wp","href":"https:\/\/api.w.org\/{rel}","templated":true}]}}