{"id":57022,"date":"2025-07-28T16:50:17","date_gmt":"2025-07-28T19:50:17","guid":{"rendered":"https:\/\/radiorevelacionfm.cl\/?p=57022"},"modified":"2025-07-28T16:50:17","modified_gmt":"2025-07-28T19:50:17","slug":"cerca-de-50-ninas-ninos-y-jovenes-dieron-vida-a-la-1-escuela-de-invierno-en-rio-ibanez","status":"publish","type":"post","link":"https:\/\/radiorevelacionfm.cl\/?p=57022","title":{"rendered":"Cerca de 50 ni\u00f1as, ni\u00f1os y j\u00f3venes dieron vida a la 1\u00b0 Escuela de Invierno en R\u00edo Ib\u00e1\u00f1ez"},"content":{"rendered":"<div class=\"flex_column av_one_full  flex_column_div av-zero-column-padding first  avia-builder-el-0  el_before_av_one_full  avia-builder-el-first  \" style='border-radius:0px; '><div  class='avia-image-container  av-styling-    avia-builder-el-1  avia-builder-el-no-sibling  avia-align-center '  itemprop=\"image\" itemscope=\"itemscope\" itemtype=\"https:\/\/schema.org\/ImageObject\"  ><div class='avia-image-container-inner'><div class='avia-image-overlay-wrap'><img decoding=\"async\" class='wp-image-57023 avia-img-lazy-loading-not-57023 avia_image' src=\"https:\/\/radiorevelacionfm.cl\/wp-content\/uploads\/2025\/07\/01-25-1_optimized.jpg\" alt='' title='01-(25)-(1)_optimized' height=\"600\" width=\"1066\"  itemprop=\"thumbnailUrl\" srcset=\"https:\/\/radiorevelacionfm.cl\/wp-content\/uploads\/2025\/07\/01-25-1_optimized.jpg 1066w, https:\/\/radiorevelacionfm.cl\/wp-content\/uploads\/2025\/07\/01-25-1_optimized-300x169.jpg 300w, https:\/\/radiorevelacionfm.cl\/wp-content\/uploads\/2025\/07\/01-25-1_optimized-1030x580.jpg 1030w, https:\/\/radiorevelacionfm.cl\/wp-content\/uploads\/2025\/07\/01-25-1_optimized-768x432.jpg 768w, https:\/\/radiorevelacionfm.cl\/wp-content\/uploads\/2025\/07\/01-25-1_optimized-705x397.jpg 705w, https:\/\/radiorevelacionfm.cl\/wp-content\/uploads\/2025\/07\/01-25-1_optimized-450x253.jpg 450w, https:\/\/radiorevelacionfm.cl\/wp-content\/uploads\/2025\/07\/01-25-1_optimized-600x338.jpg 600w\" sizes=\"(max-width: 1066px) 100vw, 1066px\" \/><\/div><\/div><\/div><\/div><div class=\"flex_column av_one_full  flex_column_div av-zero-column-padding first  avia-builder-el-2  el_after_av_one_full  el_before_av_one_full  column-top-margin\" style='border-radius:0px; '><section class=\"av_textblock_section \"  itemscope=\"itemscope\" itemtype=\"https:\/\/schema.org\/BlogPosting\" itemprop=\"blogPost\" ><div class='avia_textblock  '   itemprop=\"text\" ><p style=\"text-align: center;\"><strong><span style=\"font-size: 18pt;\">Cerca de 50 ni\u00f1as, ni\u00f1os y j\u00f3venes dieron vida a la 1\u00b0 Escuela de Invierno en R\u00edo Ib\u00e1\u00f1ez<\/span><\/strong><\/p>\n<div id=\"gtx-trans\" style=\"position: absolute; left: -50px; top: 4.31534px;\">\n<div class=\"gtx-trans-icon\"><\/div>\n<\/div>\n<\/div><\/section><\/div><div class=\"flex_column av_one_full  flex_column_div av-zero-column-padding first  avia-builder-el-4  el_after_av_one_full  el_before_av_hr  column-top-margin\" style='border-radius:0px; '><section class=\"av_textblock_section \"  itemscope=\"itemscope\" itemtype=\"https:\/\/schema.org\/BlogPosting\" itemprop=\"blogPost\" ><div class='avia_textblock  '   itemprop=\"text\" ><p style=\"text-align: justify;\">Con gran entusiasmo y una destacada participaci\u00f3n, finalizaron las Escuelas Abiertas de Invierno en Puerto Ingeniero Ib\u00e1\u00f1ez, una innovadora iniciativa que se desarroll\u00f3 por primera vez entre el 14 y el 25 de julio, gracias al trabajo colaborativo entre la Municipalidad de R\u00edo Ib\u00e1\u00f1ez, a trav\u00e9s de su Oficina Local de la Ni\u00f1ez, y Junaeb.<\/p>\n<p style=\"text-align: justify;\">Un total de 50 ni\u00f1as, ni\u00f1os y adolescentes, de 6 a 15 a\u00f1os, participaron de esta experiencia, disfrutando de entretenidos talleres polideportivos, manualidades y pintura. Adem\u00e1s, fueron parte de actividades l\u00fadicas y creativas como el D\u00eda de la Mascota, una visita al Humedal Urbano Vientos del Chelenko y un recorrido por el Museo Regional de Ays\u00e9n en Coyhaique.<\/p>\n<p style=\"text-align: justify;\">Nuestro alcalde, Marcelo J\u00e9lvez C\u00e1rdenas, valor\u00f3 profundamente la realizaci\u00f3n de este espacio, se\u00f1alando que \u201cfue una experiencia muy enriquecedora que esperamos replicar en otros sectores de la comuna. Nuestras ni\u00f1as y ni\u00f1os terminaron sus vacaciones de invierno activamente, aliment\u00e1ndose saludablemente, compartiendo con sus pares, fortaleciendo sus v\u00ednculos y creciendo como comunidad\u201d.<\/p>\n<p style=\"text-align: justify;\">Por su parte, el delegado presidencial provincial de General Carrera, Crist\u00f3bal Barcel\u00f3 Veas, enfatiz\u00f3 que \u201clos beneficios directos a las comunidades se logran cuando las instituciones trabajan en conjunto. Vemos un municipio muy comprometido con su comunidad. Esperamos que esta iniciativa se repita en los pr\u00f3ximos a\u00f1os, para toda la comuna y la provincia\u201d.<\/p>\n<\/div><\/section><\/div><div  style='height:50px' class='hr hr-invisible   avia-builder-el-6  el_after_av_one_full  el_before_av_social_share '><span class='hr-inner ' ><span class='hr-inner-style'><\/span><\/span><\/div><\/p>\n<div  class='av-social-sharing-box  avia-builder-el-7  el_after_av_hr  el_before_av_hr  '><div class='av-share-box'><h5 class='av-share-link-description av-no-toc '>Compartir esta noticia<\/h5><ul class='av-share-box-list noLightbox'><li class='av-share-link av-social-link-facebook' ><a target=\"_blank\" aria-label=\"Compartir en Facebook\" href='https:\/\/www.facebook.com\/sharer.php?u=https:\/\/radiorevelacionfm.cl\/?p=57022&#038;t=Cerca%20de%2050%20ni%C3%B1as%2C%20ni%C3%B1os%20y%20j%C3%B3venes%20dieron%20vida%20a%20la%201%C2%B0%20Escuela%20de%20Invierno%20en%20R%C3%ADo%20Ib%C3%A1%C3%B1ez' aria-hidden='false' data-av_icon='\ue8f3' data-av_iconfont='entypo-fontello' title='' data-avia-related-tooltip='Compartir en Facebook' rel=\"noopener\"><span class='avia_hidden_link_text'>Compartir en Facebook<\/span><\/a><\/li><li class='av-share-link av-social-link-twitter' ><a target=\"_blank\" aria-label=\"Compartir en Twitter\" href='https:\/\/twitter.com\/share?text=Cerca%20de%2050%20ni%C3%B1as%2C%20ni%C3%B1os%20y%20j%C3%B3venes%20dieron%20vida%20a%20la%201%C2%B0%20Escuela%20de%20Invierno%20en%20R%C3%ADo%20Ib%C3%A1%C3%B1ez&#038;url=https:\/\/radiorevelacionfm.cl\/?p=57022' aria-hidden='false' data-av_icon='\ue8f1' data-av_iconfont='entypo-fontello' title='' data-avia-related-tooltip='Compartir en Twitter' rel=\"noopener\"><span class='avia_hidden_link_text'>Compartir en Twitter<\/span><\/a><\/li><li class='av-share-link av-social-link-whatsapp' ><a target=\"_blank\" aria-label=\"Compartir en Whatsapp\" href='https:\/\/api.whatsapp.com\/send?text=https:\/\/radiorevelacionfm.cl\/?p=57022' aria-hidden='false' data-av_icon='\uf232' data-av_iconfont='entypo-fontello' title='' data-avia-related-tooltip='Compartir en Whatsapp' rel=\"noopener\"><span class='avia_hidden_link_text'>Compartir en Whatsapp<\/span><\/a><\/li><li class='av-share-link av-social-link-linkedin' ><a target=\"_blank\" aria-label=\"Compartir en LinkedIn\" href='https:\/\/linkedin.com\/shareArticle?mini=true&#038;title=Cerca%20de%2050%20ni%C3%B1as%2C%20ni%C3%B1os%20y%20j%C3%B3venes%20dieron%20vida%20a%20la%201%C2%B0%20Escuela%20de%20Invierno%20en%20R%C3%ADo%20Ib%C3%A1%C3%B1ez&#038;url=https:\/\/radiorevelacionfm.cl\/?p=57022' aria-hidden='false' data-av_icon='\ue8fc' data-av_iconfont='entypo-fontello' title='' data-avia-related-tooltip='Compartir en LinkedIn' rel=\"noopener\"><span class='avia_hidden_link_text'>Compartir en LinkedIn<\/span><\/a><\/li><li class='av-share-link av-social-link-mail' ><a  aria-label=\"Compartir por correo\" href='mailto:?subject=Cerca%20de%2050%20ni%C3%B1as%2C%20ni%C3%B1os%20y%20j%C3%B3venes%20dieron%20vida%20a%20la%201%C2%B0%20Escuela%20de%20Invierno%20en%20R%C3%ADo%20Ib%C3%A1%C3%B1ez&#038;body=https:\/\/radiorevelacionfm.cl\/?p=57022' aria-hidden='false' data-av_icon='\ue805' data-av_iconfont='entypo-fontello' title='' data-avia-related-tooltip='Compartir por correo'><span class='avia_hidden_link_text'>Compartir por correo<\/span><\/a><\/li><\/ul><\/div><\/div>\n<div  style='height:50px' class='hr hr-invisible   avia-builder-el-8  el_after_av_social_share  el_before_av_comments_list '><span class='hr-inner ' ><span class='hr-inner-style'><\/span><\/span><\/div>\n<div  class='av-buildercomment  av-blog-meta-html-info-disabled av-blog-meta-tag-disabled  '><\/div>\n","protected":false},"excerpt":{"rendered":"","protected":false},"author":1,"featured_media":57023,"comment_status":"closed","ping_status":"closed","sticky":false,"template":"","format":"standard","meta":{"footnotes":""},"categories":[38],"tags":[],"class_list":["post-57022","post","type-post","status-publish","format-standard","has-post-thumbnail","hentry","category-regional"],"jetpack_featured_media_url":"https:\/\/radiorevelacionfm.cl\/wp-content\/uploads\/2025\/07\/01-25-1_optimized.jpg","_links":{"self":[{"href":"https:\/\/radiorevelacionfm.cl\/index.php?rest_route=\/wp\/v2\/posts\/57022","targetHints":{"allow":["GET"]}}],"collection":[{"href":"https:\/\/radiorevelacionfm.cl\/index.php?rest_route=\/wp\/v2\/posts"}],"about":[{"href":"https:\/\/radiorevelacionfm.cl\/index.php?rest_route=\/wp\/v2\/types\/post"}],"author":[{"embeddable":true,"href":"https:\/\/radiorevelacionfm.cl\/index.php?rest_route=\/wp\/v2\/users\/1"}],"replies":[{"embeddable":true,"href":"https:\/\/radiorevelacionfm.cl\/index.php?rest_route=%2Fwp%2Fv2%2Fcomments&post=57022"}],"version-history":[{"count":2,"href":"https:\/\/radiorevelacionfm.cl\/index.php?rest_route=\/wp\/v2\/posts\/57022\/revisions"}],"predecessor-version":[{"id":57025,"href":"https:\/\/radiorevelacionfm.cl\/index.php?rest_route=\/wp\/v2\/posts\/57022\/revisions\/57025"}],"wp:featuredmedia":[{"embeddable":true,"href":"https:\/\/radiorevelacionfm.cl\/index.php?rest_route=\/wp\/v2\/media\/57023"}],"wp:attachment":[{"href":"https:\/\/radiorevelacionfm.cl\/index.php?rest_route=%2Fwp%2Fv2%2Fmedia&parent=57022"}],"wp:term":[{"taxonomy":"category","embeddable":true,"href":"https:\/\/radiorevelacionfm.cl\/index.php?rest_route=%2Fwp%2Fv2%2Fcategories&post=57022"},{"taxonomy":"post_tag","embeddable":true,"href":"https:\/\/radiorevelacionfm.cl\/index.php?rest_route=%2Fwp%2Fv2%2Ftags&post=57022"}],"curies":[{"name":"wp","href":"https:\/\/api.w.org\/{rel}","templated":true}]}}