{"id":5702,"date":"2021-06-28T19:34:22","date_gmt":"2021-06-28T22:34:22","guid":{"rendered":"https:\/\/radiorevelacionfm.cl\/?p=5702"},"modified":"2021-06-28T19:34:22","modified_gmt":"2021-06-28T22:34:22","slug":"asumen-nuevas-autoridades-edilicias-en-la-comuna-de-aysen","status":"publish","type":"post","link":"https:\/\/radiorevelacionfm.cl\/?p=5702","title":{"rendered":"Asumen nuevas autoridades edilicias en la comuna de Ays\u00e9n"},"content":{"rendered":"<div class=\"flex_column av_one_full  flex_column_div av-zero-column-padding first  avia-builder-el-0  el_before_av_one_full  avia-builder-el-first  \" style='border-radius:0px; '><div  class='avia-image-container  av-styling-    avia-builder-el-1  avia-builder-el-no-sibling  avia-align-center '  itemprop=\"image\" itemscope=\"itemscope\" itemtype=\"https:\/\/schema.org\/ImageObject\"  ><div class='avia-image-container-inner'><div class='avia-image-overlay-wrap'><img decoding=\"async\" class='wp-image-5703 avia-img-lazy-loading-not-5703 avia_image' src=\"https:\/\/radiorevelacionfm.cl\/wp-content\/uploads\/2021\/06\/Aysen-5-1.jpeg\" alt='' title='Aysen-5 (1)' height=\"625\" width=\"1280\"  itemprop=\"thumbnailUrl\" srcset=\"https:\/\/radiorevelacionfm.cl\/wp-content\/uploads\/2021\/06\/Aysen-5-1.jpeg 1280w, https:\/\/radiorevelacionfm.cl\/wp-content\/uploads\/2021\/06\/Aysen-5-1-300x146.jpeg 300w, https:\/\/radiorevelacionfm.cl\/wp-content\/uploads\/2021\/06\/Aysen-5-1-1030x503.jpeg 1030w, https:\/\/radiorevelacionfm.cl\/wp-content\/uploads\/2021\/06\/Aysen-5-1-768x375.jpeg 768w, https:\/\/radiorevelacionfm.cl\/wp-content\/uploads\/2021\/06\/Aysen-5-1-705x344.jpeg 705w, https:\/\/radiorevelacionfm.cl\/wp-content\/uploads\/2021\/06\/Aysen-5-1-600x293.jpeg 600w\" sizes=\"(max-width: 1280px) 100vw, 1280px\" \/><\/div><\/div><\/div><\/div><div class=\"flex_column av_one_full  flex_column_div av-zero-column-padding first  avia-builder-el-2  el_after_av_one_full  el_before_av_one_full  column-top-margin\" style='border-radius:0px; '><section class=\"av_textblock_section \"  itemscope=\"itemscope\" itemtype=\"https:\/\/schema.org\/BlogPosting\" itemprop=\"blogPost\" ><div class='avia_textblock  '   itemprop=\"text\" ><p style=\"text-align: center;\"><strong><span style=\"font-size: 18pt;\">Asumen nuevas autoridades edilicias en la comuna de Ays\u00e9n<\/span><\/strong><\/p>\n<div id=\"gtx-trans\" style=\"position: absolute; left: -50px; top: 4.31534px;\">\n<div class=\"gtx-trans-icon\"><\/div>\n<\/div>\n<\/div><\/section><\/div><div class=\"flex_column av_one_full  flex_column_div av-zero-column-padding first  avia-builder-el-4  el_after_av_one_full  el_before_av_hr  column-top-margin\" style='border-radius:0px; '><section class=\"av_textblock_section \"  itemscope=\"itemscope\" itemtype=\"https:\/\/schema.org\/BlogPosting\" itemprop=\"blogPost\" ><div class='avia_textblock  '   itemprop=\"text\" ><p style=\"text-align: justify;\">En el marco de lo establecido por la Ley N\u00b0 18.700 Org\u00e1nica Constitucional sobre Votaciones Populares y Escrutinios y la Ley N\u00b0 18.695 Org\u00e1nica Constitucional de Municipalidades, se procedi\u00f3 a efectuar la Ceremonia de Asunci\u00f3n de los nuevos l\u00edderes comunales que integrar\u00e1n el Honorable Concejo Municipal de Ays\u00e9n para el per\u00edodo 2021 \u2013 2024. En este sentido, la Ilustre Municipalidad de Ays\u00e9n efectu\u00f3 bajo las medidas sanitarias establecidas por la autoridad el traspaso de la gesti\u00f3n desde el Polideportivo 21 de abril. Cabe destacar que es la primera vez, desde el retorno a la democracia, que un alcalde en ejercicio entrega las funciones a su sucesor.<\/p>\n<p style=\"text-align: justify;\">En una emotiva ceremonia, transmitida por las distintas redes sociales de la Casa Edilicia de Ays\u00e9n y el Canal Municipal (67 del Sistema SJ-410), se desarroll\u00f3 este importante hito que permitir\u00e1 a las nuevas autoridades electas en los pasados comicios del 15 y 16 de mayo tomar posici\u00f3n de sus funciones y atribuciones para comenzar el trabajo formal con la comunidad. En esta oportunidad, los vecinos de Ays\u00e9n pudieron ser testigos de la renovaci\u00f3n completa de sus autoridades, lideradas por el ciudadano Julio Esteban C. Uribe Alvarado.<\/p>\n<p style=\"text-align: justify;\">Al respecto, el nuevo edil y primera autoridad comunal, junto con expresar su felicidad, destac\u00f3 que \u201ctenemos un gran trabajo que realizar, hoy d\u00eda fue un momento muy emocionante, vamos a trabajar para el cambio que quiere la gente para poder desarrollarnos de mejor forma. Los primeros pasos ser\u00e1n estudiar la informaci\u00f3n que nos est\u00e1n entregando con los equipos de asesores y ahora empezar este desaf\u00edo con todas las ganas, tengo toda la experiencia, las herramientas para hacer el cambio que toda la gente pide, sobretodo con la buena atenci\u00f3n, el buen trato que esa va a ser la forma de trabajo de mi gesti\u00f3n. Agradecer al pueblo aysenino que me est\u00e1 dando esta oportunidad y no la voy a desaprovechar, a toda la comunidad la integraremos a todo lo que desarrollemos\u201d.<\/p>\n<p style=\"text-align: justify;\">Por su parte, Rosa Gonz\u00e1lez B\u00f3rquez, concejala por el Partido Dem\u00f3crata Cristiano, agradeci\u00f3 a Dios por la oportunidad brindada de contribuir a la comunidad, contextualizando el actual momento pol\u00edtico que atraviesa el pa\u00eds. Asimismo, a su partido por las diversas herramientas que le ha entregado para ejercer con preparaci\u00f3n este importante cargo y as\u00ed tambi\u00e9n, a su familia, quienes en sus propias palabras \u201chan tenido que sobrellevar todo este per\u00edodo de campa\u00f1a\u201d. A\u00f1adiendo que \u201choy se cumple el gran sue\u00f1o y tambi\u00e9n comienza el gran desaf\u00edo nuestro, que es trabajar por nuestra comuna\u201d.<\/p>\n<p style=\"text-align: justify;\">En tanto, la concejala de independiente, Tatiana Villarroel, relev\u00f3 el compromiso que tiene con la comunidad tras la votaci\u00f3n obtenida y enfatiz\u00f3 que sus principales orientaciones ser\u00e1n relativas a la integraci\u00f3n de las comunidades como lo son Villa Ma\u00f1ihuales, Islas Huichas, Puerto Chacabuco y tambi\u00e9n sus alrededores. Adem\u00e1s, declar\u00f3 que ya se encuentra desarrollando un trabajo en terreno y transversal debido a que, a su juicio \u201csi bien un concejal no tiene grandes atribuciones lo que s\u00ed tenemos es el poder de la gesti\u00f3n\u201d.<\/p>\n<p style=\"text-align: justify;\">El concejal de la Uni\u00f3n Dem\u00f3crata Independiente, Alejandro Soto, manifest\u00f3 efectuar los compromisos adquiridos durante su campa\u00f1a, orientados principalmente, en la integraci\u00f3n del municipio con las organizaciones sociales funcionales y territoriales para buscar los mecanismos pertinentes e ir en ayuda de los vecinos y vecinas de la comuna, \u201caqu\u00ed no hay que sesgar a alg\u00fan sector o a alg\u00fan requerimiento de la comunidad. Estamos abiertos a todos y ah\u00ed vamos a estar\u201d.<\/p>\n<p style=\"text-align: justify;\">Finalmente, el hoy ex alcalde de Ays\u00e9n, Luis Mart\u00ednez Gallardo, al t\u00e9rmino de su gesti\u00f3n y tras participar de la ceremonia de traspaso de mando desde el auditorio del edificio consistorial, realiz\u00f3 una positiva evaluaci\u00f3n de la reciente administraci\u00f3n deseando los mejores parabienes a las autoridades electas. \u201cAl alcalde le deseo el mejor de los \u00e9xitos junto a su concejo municipal. En cuanto al a\u00f1o y medio que estuvimos ac\u00e1, por supuesto que generamos un trabajo en equipo, por lo cual quiero agradecer a cada uno de los funcionarios municipales. Quiero hacer una menci\u00f3n especial al cuerpo directivo, que es quien nos acompa\u00f1a a diario y, muy muy especial, a nuestra administradora municipal, Felisa Ojeda, quien fue una <em>partner<\/em> que se necesita para avanzar\u201d.<\/p>\n<p style=\"text-align: justify;\">Agreg\u00f3 que \u201cen esta finalizaci\u00f3n y este inicio que se realiz\u00f3 en el marco del protocolo y formalidades necesarios para relevar este hito, agradecer a todo el equipo de SECMUN, representado por la se\u00f1ora Nancy Contreras. Me voy feliz y contento. Dejamos muchas obras, muchos proyectos. Nos desvelamos, pero nos desvelamos por el destino y el futuro de Ays\u00e9n. As\u00ed que felicidades, que nos vaya bien a todos, que les vaya bien a la nueva administraci\u00f3n y Dios nos reencontrar\u00e1 en alguna parte\u201d, sentenci\u00f3 el ex edil aysenino.<\/p>\n<\/div><\/section><\/div><div  style='height:50px' class='hr hr-invisible   avia-builder-el-6  el_after_av_one_full  el_before_av_social_share '><span class='hr-inner ' ><span class='hr-inner-style'><\/span><\/span><\/div><\/p>\n<div  class='av-social-sharing-box  avia-builder-el-7  el_after_av_hr  el_before_av_hr  '><div class='av-share-box'><h5 class='av-share-link-description av-no-toc '>Compartir esta noticia<\/h5><ul class='av-share-box-list noLightbox'><li class='av-share-link av-social-link-facebook' ><a target=\"_blank\" aria-label=\"Compartir en Facebook\" href='https:\/\/www.facebook.com\/sharer.php?u=https:\/\/radiorevelacionfm.cl\/?p=5702&#038;t=Asumen%20nuevas%20autoridades%20edilicias%20en%20la%20comuna%20de%20Ays%C3%A9n' aria-hidden='false' data-av_icon='\ue8f3' data-av_iconfont='entypo-fontello' title='' data-avia-related-tooltip='Compartir en Facebook' rel=\"noopener\"><span class='avia_hidden_link_text'>Compartir en Facebook<\/span><\/a><\/li><li class='av-share-link av-social-link-twitter' ><a target=\"_blank\" aria-label=\"Compartir en Twitter\" href='https:\/\/twitter.com\/share?text=Asumen%20nuevas%20autoridades%20edilicias%20en%20la%20comuna%20de%20Ays%C3%A9n&#038;url=https:\/\/radiorevelacionfm.cl\/?p=5702' aria-hidden='false' data-av_icon='\ue8f1' data-av_iconfont='entypo-fontello' title='' data-avia-related-tooltip='Compartir en Twitter' rel=\"noopener\"><span class='avia_hidden_link_text'>Compartir en Twitter<\/span><\/a><\/li><li class='av-share-link av-social-link-whatsapp' ><a target=\"_blank\" aria-label=\"Compartir en Whatsapp\" href='https:\/\/api.whatsapp.com\/send?text=https:\/\/radiorevelacionfm.cl\/?p=5702' aria-hidden='false' data-av_icon='\uf232' data-av_iconfont='entypo-fontello' title='' data-avia-related-tooltip='Compartir en Whatsapp' rel=\"noopener\"><span class='avia_hidden_link_text'>Compartir en Whatsapp<\/span><\/a><\/li><li class='av-share-link av-social-link-linkedin' ><a target=\"_blank\" aria-label=\"Compartir en LinkedIn\" href='https:\/\/linkedin.com\/shareArticle?mini=true&#038;title=Asumen%20nuevas%20autoridades%20edilicias%20en%20la%20comuna%20de%20Ays%C3%A9n&#038;url=https:\/\/radiorevelacionfm.cl\/?p=5702' aria-hidden='false' data-av_icon='\ue8fc' data-av_iconfont='entypo-fontello' title='' data-avia-related-tooltip='Compartir en LinkedIn' rel=\"noopener\"><span class='avia_hidden_link_text'>Compartir en LinkedIn<\/span><\/a><\/li><li class='av-share-link av-social-link-mail' ><a  aria-label=\"Compartir por correo\" href='mailto:?subject=Asumen%20nuevas%20autoridades%20edilicias%20en%20la%20comuna%20de%20Ays%C3%A9n&#038;body=https:\/\/radiorevelacionfm.cl\/?p=5702' aria-hidden='false' data-av_icon='\ue805' data-av_iconfont='entypo-fontello' title='' data-avia-related-tooltip='Compartir por correo'><span class='avia_hidden_link_text'>Compartir por correo<\/span><\/a><\/li><\/ul><\/div><\/div>\n<div  style='height:50px' class='hr hr-invisible   avia-builder-el-8  el_after_av_social_share  el_before_av_comments_list '><span class='hr-inner ' ><span class='hr-inner-style'><\/span><\/span><\/div>\n<div  class='av-buildercomment  av-blog-meta-html-info-disabled av-blog-meta-tag-disabled  '><\/div>\n","protected":false},"excerpt":{"rendered":"","protected":false},"author":1,"featured_media":5703,"comment_status":"open","ping_status":"open","sticky":false,"template":"","format":"standard","meta":{"footnotes":""},"categories":[38],"tags":[],"class_list":["post-5702","post","type-post","status-publish","format-standard","has-post-thumbnail","hentry","category-regional"],"jetpack_featured_media_url":"https:\/\/radiorevelacionfm.cl\/wp-content\/uploads\/2021\/06\/Aysen-5-1.jpeg","_links":{"self":[{"href":"https:\/\/radiorevelacionfm.cl\/index.php?rest_route=\/wp\/v2\/posts\/5702","targetHints":{"allow":["GET"]}}],"collection":[{"href":"https:\/\/radiorevelacionfm.cl\/index.php?rest_route=\/wp\/v2\/posts"}],"about":[{"href":"https:\/\/radiorevelacionfm.cl\/index.php?rest_route=\/wp\/v2\/types\/post"}],"author":[{"embeddable":true,"href":"https:\/\/radiorevelacionfm.cl\/index.php?rest_route=\/wp\/v2\/users\/1"}],"replies":[{"embeddable":true,"href":"https:\/\/radiorevelacionfm.cl\/index.php?rest_route=%2Fwp%2Fv2%2Fcomments&post=5702"}],"version-history":[{"count":1,"href":"https:\/\/radiorevelacionfm.cl\/index.php?rest_route=\/wp\/v2\/posts\/5702\/revisions"}],"predecessor-version":[{"id":5704,"href":"https:\/\/radiorevelacionfm.cl\/index.php?rest_route=\/wp\/v2\/posts\/5702\/revisions\/5704"}],"wp:featuredmedia":[{"embeddable":true,"href":"https:\/\/radiorevelacionfm.cl\/index.php?rest_route=\/wp\/v2\/media\/5703"}],"wp:attachment":[{"href":"https:\/\/radiorevelacionfm.cl\/index.php?rest_route=%2Fwp%2Fv2%2Fmedia&parent=5702"}],"wp:term":[{"taxonomy":"category","embeddable":true,"href":"https:\/\/radiorevelacionfm.cl\/index.php?rest_route=%2Fwp%2Fv2%2Fcategories&post=5702"},{"taxonomy":"post_tag","embeddable":true,"href":"https:\/\/radiorevelacionfm.cl\/index.php?rest_route=%2Fwp%2Fv2%2Ftags&post=5702"}],"curies":[{"name":"wp","href":"https:\/\/api.w.org\/{rel}","templated":true}]}}