{"id":57019,"date":"2025-07-28T18:08:37","date_gmt":"2025-07-28T21:08:37","guid":{"rendered":"https:\/\/radiorevelacionfm.cl\/?p=57019"},"modified":"2025-07-28T18:08:37","modified_gmt":"2025-07-28T21:08:37","slug":"registro-civil-celebro-141-anos-de-existencia","status":"publish","type":"post","link":"https:\/\/radiorevelacionfm.cl\/?p=57019","title":{"rendered":"Registro Civil celebr\u00f3 141 a\u00f1os de existencia"},"content":{"rendered":"<div class=\"flex_column av_one_full  flex_column_div av-zero-column-padding first  avia-builder-el-0  el_before_av_one_full  avia-builder-el-first  \" style='border-radius:0px; '><div  class='avia-image-container  av-styling-    avia-builder-el-1  avia-builder-el-no-sibling  avia-align-center '  itemprop=\"image\" itemscope=\"itemscope\" itemtype=\"https:\/\/schema.org\/ImageObject\"  ><div class='avia-image-container-inner'><div class='avia-image-overlay-wrap'><img decoding=\"async\" class='wp-image-57020 avia-img-lazy-loading-not-57020 avia_image' src=\"https:\/\/radiorevelacionfm.cl\/wp-content\/uploads\/2025\/07\/aniversario-2-4-1_optimized.jpg\" alt='' title='aniversario-2-(4)-(1)_optimized' height=\"600\" width=\"1024\"  itemprop=\"thumbnailUrl\" srcset=\"https:\/\/radiorevelacionfm.cl\/wp-content\/uploads\/2025\/07\/aniversario-2-4-1_optimized.jpg 1024w, https:\/\/radiorevelacionfm.cl\/wp-content\/uploads\/2025\/07\/aniversario-2-4-1_optimized-300x176.jpg 300w, https:\/\/radiorevelacionfm.cl\/wp-content\/uploads\/2025\/07\/aniversario-2-4-1_optimized-768x450.jpg 768w, https:\/\/radiorevelacionfm.cl\/wp-content\/uploads\/2025\/07\/aniversario-2-4-1_optimized-705x413.jpg 705w, https:\/\/radiorevelacionfm.cl\/wp-content\/uploads\/2025\/07\/aniversario-2-4-1_optimized-450x264.jpg 450w, https:\/\/radiorevelacionfm.cl\/wp-content\/uploads\/2025\/07\/aniversario-2-4-1_optimized-600x352.jpg 600w\" sizes=\"(max-width: 1024px) 100vw, 1024px\" \/><\/div><\/div><\/div><\/div><div class=\"flex_column av_one_full  flex_column_div av-zero-column-padding first  avia-builder-el-2  el_after_av_one_full  el_before_av_one_full  column-top-margin\" style='border-radius:0px; '><section class=\"av_textblock_section \"  itemscope=\"itemscope\" itemtype=\"https:\/\/schema.org\/BlogPosting\" itemprop=\"blogPost\" ><div class='avia_textblock  '   itemprop=\"text\" ><p style=\"text-align: center;\"><span style=\"font-size: 18pt;\"><strong>Registro Civil celebr\u00f3 141 a\u00f1os de existencia<\/strong><\/span><\/p>\n<div id=\"gtx-trans\" style=\"position: absolute; left: -50px; top: 4.31534px;\">\n<div class=\"gtx-trans-icon\"><\/div>\n<\/div>\n<\/div><\/section><\/div><div class=\"flex_column av_one_full  flex_column_div av-zero-column-padding first  avia-builder-el-4  el_after_av_one_full  el_before_av_hr  column-top-margin\" style='border-radius:0px; '><section class=\"av_textblock_section \"  itemscope=\"itemscope\" itemtype=\"https:\/\/schema.org\/BlogPosting\" itemprop=\"blogPost\" ><div class='avia_textblock  '   itemprop=\"text\" ><p style=\"text-align: justify;\">En un acto realizado en la direcci\u00f3n regional del Servicio de Registro Civil e Identificaci\u00f3n, y con la participaci\u00f3n de funcionarios y funcionarias de la regi\u00f3n, junto a autoridades encabezadas por el delegado presidencial regional Jorge D\u00edaz Guzm\u00e1n, se celebraron los 141 a\u00f1os de servicio, instancia que cont\u00f3 con el saludo de la Banda Instrumental de Carabineros de Puerto Ays\u00e9n.<\/p>\n<p style=\"text-align: justify;\">El Servicio de Registro Civil e Identificaci\u00f3n, es una instituci\u00f3n que desde la direcci\u00f3n regional trabaja en conjunto con las 17 oficinas de la regi\u00f3n, adem\u00e1s cuenta con un equipo diverso de Atenci\u00f3n en Terreno, cuyo objetivo es realizar operativos y atenciones a las\/los usuarias\/os que solicitan c\u00e9dulas, pasaportes, certificados, entre otras actuaciones a la comunidad de la regi\u00f3n de Ays\u00e9n.<\/p>\n<p style=\"text-align: justify;\">El delegado presidencial regional Jorge D\u00edaz Guzm\u00e1n destac\u00f3 el nuevo aniversario de este servicio, se\u00f1alando que \u201chemos venido a saludar a los funcionarios y funcionarias del servicio de Registro Civil e Identificaci\u00f3n en su aniversario porque sin duda es uno de los servicios m\u00e1s importantes que tiene la Rep\u00fablica, para nuestro gobierno del Presidente Boric y para toda la ciudadan\u00eda el Registro Civil es uno de los servicios que cumple un rol fundamental, porque nos entregan el documento que necesitamos para hacer m\u00faltiples tr\u00e1mites, acceder a los beneficios, adem\u00e1s es un servicio que nos acompa\u00f1a desde que nacimos hasta que morimos, as\u00ed que sin duda que para nuestro Gobierno reconocer el trabajo, la labor que realizan no solamente para quienes vivimos en la regi\u00f3n sino que tambi\u00e9n para los ciudadanos del pa\u00eds y el mundo\u201d.<\/p>\n<p style=\"text-align: justify;\">En tanto, el seremi de Justicia y DD.HH Samuel Navarro Castro, indic\u00f3 que \u201cel Registro Civil est\u00e1 ligado particularmente a la historia de nuestro pa\u00eds, a la vida republicana, nace con las leyes laicas, nace para hacer visible el principio de igualdad ante la ley para que todos los chilenos y las chilenas cuenten con una identidad, cuenten con un registro, y tal como lo hemos planteado en distintas instancias lo que hace grande a una instituci\u00f3n, lo que la hace duradera en el territorio sobre todo en el nuestro con todas las particularidades que tiene son sus trabajadores y trabajadoras, estamos muy contentos con este aniversario que adem\u00e1s nos encuentra con un nuevo sistema de identificaci\u00f3n que es reconocido mundialmente por la alta tecnolog\u00eda y esperamos el compromiso y la responsabilidad y la probidad que tiene estos funcionarios para seguir haciendo grande esta instituci\u00f3n\u201d.<\/p>\n<p style=\"text-align: justify;\">Por su parte, el director regional Sergio Gonz\u00e1lez M\u00e9ndez manifest\u00f3 que \u201cpara mi es un honor, un orgullo y estoy muy contento de poder conducir y acompa\u00f1ar a este equipo humano, tan valioso, comprometido con esta regi\u00f3n, son funcionarios que llevan una data larga trabajando, que conocen lo que hay que hacer y bueno este a\u00f1o en particular los 141 a\u00f1os nos encuentra con un nuevo sistema de identificaci\u00f3n, que claramente nos pone a la vanguardia en el pa\u00eds, en el mundo y queremos de alguna manera tambi\u00e9n hacernos cargo de poder entregar un servicio de calidad humana cada d\u00eda m\u00e1s y m\u00e1s cercano a la gente\u201d.<\/p>\n<p style=\"text-align: justify;\">Finalmente, cabe mencionar que el Registro Civil\u00a0ha sido un pilar fundamental en la vida de nuestro pa\u00eds por m\u00e1s de un siglo, siendo un hito que transform\u00f3 la forma en que los chilenos registran los momentos m\u00e1s importantes de sus vidas, desde nacimientos y matrimonios hasta defunciones, esta instituci\u00f3n ha evolucionado para adaptarse a los tiempos, buscando siempre eficiencia y cercan\u00eda con la ciudadan\u00eda,\u00a0la cual se traduce en la posibilidad de realizar\u00a0muchas de sus gestiones m\u00e1s importantes de forma completamente gratuita y desde la comodidad de tu hogar.<\/p>\n<\/div><\/section><\/div><div  style='height:50px' class='hr hr-invisible   avia-builder-el-6  el_after_av_one_full  el_before_av_social_share '><span class='hr-inner ' ><span class='hr-inner-style'><\/span><\/span><\/div><\/p>\n<div  class='av-social-sharing-box  avia-builder-el-7  el_after_av_hr  el_before_av_hr  '><div class='av-share-box'><h5 class='av-share-link-description av-no-toc '>Compartir esta noticia<\/h5><ul class='av-share-box-list noLightbox'><li class='av-share-link av-social-link-facebook' ><a target=\"_blank\" aria-label=\"Compartir en Facebook\" href='https:\/\/www.facebook.com\/sharer.php?u=https:\/\/radiorevelacionfm.cl\/?p=57019&#038;t=Registro%20Civil%20celebr%C3%B3%20141%20a%C3%B1os%20de%20existencia' aria-hidden='false' data-av_icon='\ue8f3' data-av_iconfont='entypo-fontello' title='' data-avia-related-tooltip='Compartir en Facebook' rel=\"noopener\"><span class='avia_hidden_link_text'>Compartir en Facebook<\/span><\/a><\/li><li class='av-share-link av-social-link-twitter' ><a target=\"_blank\" aria-label=\"Compartir en Twitter\" href='https:\/\/twitter.com\/share?text=Registro%20Civil%20celebr%C3%B3%20141%20a%C3%B1os%20de%20existencia&#038;url=https:\/\/radiorevelacionfm.cl\/?p=57019' aria-hidden='false' data-av_icon='\ue8f1' data-av_iconfont='entypo-fontello' title='' data-avia-related-tooltip='Compartir en Twitter' rel=\"noopener\"><span class='avia_hidden_link_text'>Compartir en Twitter<\/span><\/a><\/li><li class='av-share-link av-social-link-whatsapp' ><a target=\"_blank\" aria-label=\"Compartir en Whatsapp\" href='https:\/\/api.whatsapp.com\/send?text=https:\/\/radiorevelacionfm.cl\/?p=57019' aria-hidden='false' data-av_icon='\uf232' data-av_iconfont='entypo-fontello' title='' data-avia-related-tooltip='Compartir en Whatsapp' rel=\"noopener\"><span class='avia_hidden_link_text'>Compartir en Whatsapp<\/span><\/a><\/li><li class='av-share-link av-social-link-linkedin' ><a target=\"_blank\" aria-label=\"Compartir en LinkedIn\" href='https:\/\/linkedin.com\/shareArticle?mini=true&#038;title=Registro%20Civil%20celebr%C3%B3%20141%20a%C3%B1os%20de%20existencia&#038;url=https:\/\/radiorevelacionfm.cl\/?p=57019' aria-hidden='false' data-av_icon='\ue8fc' data-av_iconfont='entypo-fontello' title='' data-avia-related-tooltip='Compartir en LinkedIn' rel=\"noopener\"><span class='avia_hidden_link_text'>Compartir en LinkedIn<\/span><\/a><\/li><li class='av-share-link av-social-link-mail' ><a  aria-label=\"Compartir por correo\" href='mailto:?subject=Registro%20Civil%20celebr%C3%B3%20141%20a%C3%B1os%20de%20existencia&#038;body=https:\/\/radiorevelacionfm.cl\/?p=57019' aria-hidden='false' data-av_icon='\ue805' data-av_iconfont='entypo-fontello' title='' data-avia-related-tooltip='Compartir por correo'><span class='avia_hidden_link_text'>Compartir por correo<\/span><\/a><\/li><\/ul><\/div><\/div>\n<div  style='height:50px' class='hr hr-invisible   avia-builder-el-8  el_after_av_social_share  el_before_av_comments_list '><span class='hr-inner ' ><span class='hr-inner-style'><\/span><\/span><\/div>\n<div  class='av-buildercomment  av-blog-meta-html-info-disabled av-blog-meta-tag-disabled  '><\/div>\n","protected":false},"excerpt":{"rendered":"","protected":false},"author":1,"featured_media":57020,"comment_status":"closed","ping_status":"closed","sticky":false,"template":"","format":"standard","meta":{"footnotes":""},"categories":[55],"tags":[],"class_list":["post-57019","post","type-post","status-publish","format-standard","has-post-thumbnail","hentry","category-justicia"],"jetpack_featured_media_url":"https:\/\/radiorevelacionfm.cl\/wp-content\/uploads\/2025\/07\/aniversario-2-4-1_optimized.jpg","_links":{"self":[{"href":"https:\/\/radiorevelacionfm.cl\/index.php?rest_route=\/wp\/v2\/posts\/57019","targetHints":{"allow":["GET"]}}],"collection":[{"href":"https:\/\/radiorevelacionfm.cl\/index.php?rest_route=\/wp\/v2\/posts"}],"about":[{"href":"https:\/\/radiorevelacionfm.cl\/index.php?rest_route=\/wp\/v2\/types\/post"}],"author":[{"embeddable":true,"href":"https:\/\/radiorevelacionfm.cl\/index.php?rest_route=\/wp\/v2\/users\/1"}],"replies":[{"embeddable":true,"href":"https:\/\/radiorevelacionfm.cl\/index.php?rest_route=%2Fwp%2Fv2%2Fcomments&post=57019"}],"version-history":[{"count":2,"href":"https:\/\/radiorevelacionfm.cl\/index.php?rest_route=\/wp\/v2\/posts\/57019\/revisions"}],"predecessor-version":[{"id":57031,"href":"https:\/\/radiorevelacionfm.cl\/index.php?rest_route=\/wp\/v2\/posts\/57019\/revisions\/57031"}],"wp:featuredmedia":[{"embeddable":true,"href":"https:\/\/radiorevelacionfm.cl\/index.php?rest_route=\/wp\/v2\/media\/57020"}],"wp:attachment":[{"href":"https:\/\/radiorevelacionfm.cl\/index.php?rest_route=%2Fwp%2Fv2%2Fmedia&parent=57019"}],"wp:term":[{"taxonomy":"category","embeddable":true,"href":"https:\/\/radiorevelacionfm.cl\/index.php?rest_route=%2Fwp%2Fv2%2Fcategories&post=57019"},{"taxonomy":"post_tag","embeddable":true,"href":"https:\/\/radiorevelacionfm.cl\/index.php?rest_route=%2Fwp%2Fv2%2Ftags&post=57019"}],"curies":[{"name":"wp","href":"https:\/\/api.w.org\/{rel}","templated":true}]}}