{"id":57015,"date":"2025-07-28T16:09:50","date_gmt":"2025-07-28T19:09:50","guid":{"rendered":"https:\/\/radiorevelacionfm.cl\/?p=57015"},"modified":"2025-07-28T16:09:50","modified_gmt":"2025-07-28T19:09:50","slug":"semana-de-la-comunidad-patagonman-aysen-se-reune-para-moverse-inspirarse-y-cuidarse","status":"publish","type":"post","link":"https:\/\/radiorevelacionfm.cl\/?p=57015","title":{"rendered":"Semana de la Comunidad Patagonman: Ays\u00e9n se re\u00fane para moverse, inspirarse y cuidarse"},"content":{"rendered":"<div class=\"flex_column av_one_full  flex_column_div av-zero-column-padding first  avia-builder-el-0  el_before_av_one_full  avia-builder-el-first  \" style='border-radius:0px; '><div  class='avia-image-container  av-styling-    avia-builder-el-1  avia-builder-el-no-sibling  avia-align-center '  itemprop=\"image\" itemscope=\"itemscope\" itemtype=\"https:\/\/schema.org\/ImageObject\"  ><div class='avia-image-container-inner'><div class='avia-image-overlay-wrap'><img decoding=\"async\" class='wp-image-57016 avia-img-lazy-loading-not-57016 avia_image' src=\"https:\/\/radiorevelacionfm.cl\/wp-content\/uploads\/2025\/07\/Patagonman1-1-1.jpg\" alt='' title='Patagonman1 (1) (1)' height=\"600\" width=\"900\"  itemprop=\"thumbnailUrl\" srcset=\"https:\/\/radiorevelacionfm.cl\/wp-content\/uploads\/2025\/07\/Patagonman1-1-1.jpg 900w, https:\/\/radiorevelacionfm.cl\/wp-content\/uploads\/2025\/07\/Patagonman1-1-1-300x200.jpg 300w, https:\/\/radiorevelacionfm.cl\/wp-content\/uploads\/2025\/07\/Patagonman1-1-1-768x512.jpg 768w, https:\/\/radiorevelacionfm.cl\/wp-content\/uploads\/2025\/07\/Patagonman1-1-1-705x470.jpg 705w, https:\/\/radiorevelacionfm.cl\/wp-content\/uploads\/2025\/07\/Patagonman1-1-1-450x300.jpg 450w, https:\/\/radiorevelacionfm.cl\/wp-content\/uploads\/2025\/07\/Patagonman1-1-1-600x400.jpg 600w\" sizes=\"(max-width: 900px) 100vw, 900px\" \/><\/div><\/div><\/div><\/div><div class=\"flex_column av_one_full  flex_column_div av-zero-column-padding first  avia-builder-el-2  el_after_av_one_full  el_before_av_one_full  column-top-margin\" style='border-radius:0px; '><section class=\"av_textblock_section \"  itemscope=\"itemscope\" itemtype=\"https:\/\/schema.org\/BlogPosting\" itemprop=\"blogPost\" ><div class='avia_textblock  '   itemprop=\"text\" ><p style=\"text-align: center;\"><span style=\"font-size: 18pt;\"><strong>Semana de la Comunidad Patagonman: Ays\u00e9n se re\u00fane para moverse, inspirarse y cuidarse<\/strong><\/span><\/p>\n<div id=\"gtx-trans\" style=\"position: absolute; left: -50px; top: 4.31534px;\">\n<div class=\"gtx-trans-icon\"><\/div>\n<\/div>\n<\/div><\/section><\/div><div class=\"flex_column av_one_full  flex_column_div av-zero-column-padding first  avia-builder-el-4  el_after_av_one_full  el_before_av_hr  column-top-margin\" style='border-radius:0px; '><section class=\"av_textblock_section \"  itemscope=\"itemscope\" itemtype=\"https:\/\/schema.org\/BlogPosting\" itemprop=\"blogPost\" ><div class='avia_textblock  '   itemprop=\"text\" ><p style=\"text-align: justify;\">Entre el jueves 31 de julio y el s\u00e1bado 2 de agosto, la comuna de Ays\u00e9n vivir\u00e1 una nueva edici\u00f3n de la\u00a0<em>Semana de la Comunidad Patagonman<\/em>: una invitaci\u00f3n abierta a compartir, moverse y conectarse a trav\u00e9s del deporte, la naturaleza y el encuentro humano.<\/p>\n<p style=\"text-align: justify;\">Organizada por Patagonman, esta semana especial busca generar espacios reales de bienestar colectivo en una regi\u00f3n que enfrenta grandes desaf\u00edos sociales: sedentarismo, aislamiento, obesidad y salud mental.<\/p>\n<p style=\"text-align: justify;\"><strong>PROGRAMA DE ACTIVIDADES<\/strong><\/p>\n<p style=\"text-align: justify;\"><strong>Jueves 31 de julio \u2013 Charla \u201cDeporte y superaci\u00f3n\u201d<\/strong><br \/>\n<img decoding=\"async\" class=\"an1\" draggable=\"false\" src=\"https:\/\/fonts.gstatic.com\/s\/e\/notoemoji\/16.0\/1f4cd\/32.png\" alt=\"\ud83d\udccd\" data-emoji=\"\ud83d\udccd\" aria-label=\"\ud83d\udccd\" \/>\u00a0<em>Col\u00e9gios locales<\/em><br \/>\nEl triatleta bielorruso\u00a0<strong>Yury Hryhoryeu<\/strong>\u00a0compartir\u00e1 su historia de vida marcada por la resiliencia y el deporte como herramienta de transformaci\u00f3n. Un espacio especialmente pensado para inspirar a j\u00f3venes, estudiantes y docentes.<\/p>\n<p style=\"text-align: justify;\"><strong>Viernes 1 de agosto \u2013 Corrida en Comunidad + Conversatorio<\/strong><br \/>\n<img decoding=\"async\" class=\"an1\" draggable=\"false\" src=\"https:\/\/fonts.gstatic.com\/s\/e\/notoemoji\/16.0\/1f4cd\/32.png\" alt=\"\ud83d\udccd\" data-emoji=\"\ud83d\udccd\" aria-label=\"\ud83d\udccd\" \/>\u00a0<em>Centro de Ays\u00e9n<\/em><br \/>\nNos juntamos a mover el cuerpo y compartir buena energ\u00eda en una corrida familiar y luego, un conversatorio con el hist\u00f3rico ciclista chileno y atleta de la Corporaci\u00f3n Cultural de Ays\u00e9n,\u00a0<strong>Pipo \u201cPuma\u201d Rodr\u00edguez<\/strong>, \u00eddolo del deporte nacional y referente de vida activa.<\/p>\n<p style=\"text-align: justify;\"><strong>S\u00e1bado 2 de agosto \u2013 Encuentro con la entrenadora Caro Trewela<\/strong><br \/>\n<img decoding=\"async\" class=\"an1\" draggable=\"false\" src=\"https:\/\/fonts.gstatic.com\/s\/e\/notoemoji\/16.0\/1f4cd\/32.png\" alt=\"\ud83d\udccd\" data-emoji=\"\ud83d\udccd\" aria-label=\"\ud83d\udccd\" \/>\u00a0<em>Fiordo de Ays\u00e9n<\/em><br \/>\nLa destacada nadadora y coach de aguas abiertas\u00a0<strong>Caro Trewela<\/strong>\u00a0(ProSwim) liderar\u00e1 una cl\u00ednica especial de conversaci\u00f3n y preparaci\u00f3n para nado en entorno natural.<\/p>\n<p style=\"text-align: justify;\"><strong>S\u00e1bado 2 de agosto \u2013 Nado libre estilo Patagonman<\/strong><br \/>\n<img decoding=\"async\" class=\"an1\" draggable=\"false\" src=\"https:\/\/fonts.gstatic.com\/s\/e\/notoemoji\/16.0\/1f4cd\/32.png\" alt=\"\ud83d\udccd\" data-emoji=\"\ud83d\udccd\" aria-label=\"\ud83d\udccd\" \/>\u00a0<em>Fiordo de Ays\u00e9n<\/em><br \/>\n\u00bfTe imaginas nadar en el fiordo como lo hacen los y las atletas de Patagonman? Esta es tu oportunidad de vivirlo de forma guiada y segura, con el acompa\u00f1amiento del equipo ProSwim.<\/p>\n<p style=\"text-align: justify;\"><img decoding=\"async\" class=\"an1\" draggable=\"false\" src=\"https:\/\/fonts.gstatic.com\/s\/e\/notoemoji\/16.0\/1f4f2\/32.png\" alt=\"\ud83d\udcf2\" data-emoji=\"\ud83d\udcf2\" aria-label=\"\ud83d\udcf2\" \/>\u00a0<em>Inscripciones abiertas en el link de la bio de @patagonmantri<\/em><br \/>\n<img decoding=\"async\" class=\"an1\" draggable=\"false\" src=\"https:\/\/fonts.gstatic.com\/s\/e\/notoemoji\/16.0\/26a0_fe0f\/32.png\" alt=\"\u26a0\ufe0f\" data-emoji=\"\u26a0\ufe0f\" aria-label=\"\u26a0\ufe0f\" \/>\u00a0<em>Actividades gratuitas \u2013 Cupos limitados<br \/>\n<img decoding=\"async\" class=\"an1\" draggable=\"false\" src=\"https:\/\/fonts.gstatic.com\/s\/e\/notoemoji\/16.0\/1f6a9\/32.png\" alt=\"\ud83d\udea9\" data-emoji=\"\ud83d\udea9\" aria-label=\"\ud83d\udea9\" \/>M\u00e1s detalles en el formulario de inscripci\u00f3n<br \/>\n<\/em><\/p>\n<blockquote>\n<p>\u201cSabemos que Ays\u00e9n vive desaf\u00edos profundos: la falta de espacios de encuentro, los altos \u00edndices de sedentarismo, de obesidad y cuestiones de salud mental. Esta Semana de la Comunidad es nuestra forma de decir que no estamos ajenos. Queremos abrir espacios, mover cuerpos, inspirar mentes y, sobre todo, encontrarnos con las personas que hacen de este lugar algo \u00fanico.\u201d, afirma\u00a0<b>Orlando Pinto<\/b>, socio-fundador de Patagonman.<\/p>\n<\/blockquote>\n<p style=\"text-align: justify;\"><strong>M\u00e1s all\u00e1 del deporte, esta semana es para compartir, acompa\u00f1arnos y cuidar lo que m\u00e1s importa: nuestra gente.<\/strong><\/p>\n<\/div><\/section><\/div><div  style='height:50px' class='hr hr-invisible   avia-builder-el-6  el_after_av_one_full  el_before_av_social_share '><span class='hr-inner ' ><span class='hr-inner-style'><\/span><\/span><\/div><\/p>\n<div  class='av-social-sharing-box  avia-builder-el-7  el_after_av_hr  el_before_av_hr  '><div class='av-share-box'><h5 class='av-share-link-description av-no-toc '>Compartir esta noticia<\/h5><ul class='av-share-box-list noLightbox'><li class='av-share-link av-social-link-facebook' ><a target=\"_blank\" aria-label=\"Compartir en Facebook\" href='https:\/\/www.facebook.com\/sharer.php?u=https:\/\/radiorevelacionfm.cl\/?p=57015&#038;t=Semana%20de%20la%20Comunidad%20Patagonman%3A%20Ays%C3%A9n%20se%20re%C3%BAne%20para%20moverse%2C%20inspirarse%20y%20cuidarse' aria-hidden='false' data-av_icon='\ue8f3' data-av_iconfont='entypo-fontello' title='' data-avia-related-tooltip='Compartir en Facebook' rel=\"noopener\"><span class='avia_hidden_link_text'>Compartir en Facebook<\/span><\/a><\/li><li class='av-share-link av-social-link-twitter' ><a target=\"_blank\" aria-label=\"Compartir en Twitter\" href='https:\/\/twitter.com\/share?text=Semana%20de%20la%20Comunidad%20Patagonman%3A%20Ays%C3%A9n%20se%20re%C3%BAne%20para%20moverse%2C%20inspirarse%20y%20cuidarse&#038;url=https:\/\/radiorevelacionfm.cl\/?p=57015' aria-hidden='false' data-av_icon='\ue8f1' data-av_iconfont='entypo-fontello' title='' data-avia-related-tooltip='Compartir en Twitter' rel=\"noopener\"><span class='avia_hidden_link_text'>Compartir en Twitter<\/span><\/a><\/li><li class='av-share-link av-social-link-whatsapp' ><a target=\"_blank\" aria-label=\"Compartir en Whatsapp\" href='https:\/\/api.whatsapp.com\/send?text=https:\/\/radiorevelacionfm.cl\/?p=57015' aria-hidden='false' data-av_icon='\uf232' data-av_iconfont='entypo-fontello' title='' data-avia-related-tooltip='Compartir en Whatsapp' rel=\"noopener\"><span class='avia_hidden_link_text'>Compartir en Whatsapp<\/span><\/a><\/li><li class='av-share-link av-social-link-linkedin' ><a target=\"_blank\" aria-label=\"Compartir en LinkedIn\" href='https:\/\/linkedin.com\/shareArticle?mini=true&#038;title=Semana%20de%20la%20Comunidad%20Patagonman%3A%20Ays%C3%A9n%20se%20re%C3%BAne%20para%20moverse%2C%20inspirarse%20y%20cuidarse&#038;url=https:\/\/radiorevelacionfm.cl\/?p=57015' aria-hidden='false' data-av_icon='\ue8fc' data-av_iconfont='entypo-fontello' title='' data-avia-related-tooltip='Compartir en LinkedIn' rel=\"noopener\"><span class='avia_hidden_link_text'>Compartir en LinkedIn<\/span><\/a><\/li><li class='av-share-link av-social-link-mail' ><a  aria-label=\"Compartir por correo\" href='mailto:?subject=Semana%20de%20la%20Comunidad%20Patagonman%3A%20Ays%C3%A9n%20se%20re%C3%BAne%20para%20moverse%2C%20inspirarse%20y%20cuidarse&#038;body=https:\/\/radiorevelacionfm.cl\/?p=57015' aria-hidden='false' data-av_icon='\ue805' data-av_iconfont='entypo-fontello' title='' data-avia-related-tooltip='Compartir por correo'><span class='avia_hidden_link_text'>Compartir por correo<\/span><\/a><\/li><\/ul><\/div><\/div>\n<div  style='height:50px' class='hr hr-invisible   avia-builder-el-8  el_after_av_social_share  el_before_av_comments_list '><span class='hr-inner ' ><span class='hr-inner-style'><\/span><\/span><\/div>\n<div  class='av-buildercomment  av-blog-meta-html-info-disabled av-blog-meta-tag-disabled  '><\/div>\n","protected":false},"excerpt":{"rendered":"","protected":false},"author":1,"featured_media":57016,"comment_status":"closed","ping_status":"closed","sticky":false,"template":"","format":"standard","meta":{"footnotes":""},"categories":[38],"tags":[],"class_list":["post-57015","post","type-post","status-publish","format-standard","has-post-thumbnail","hentry","category-regional"],"jetpack_featured_media_url":"https:\/\/radiorevelacionfm.cl\/wp-content\/uploads\/2025\/07\/Patagonman1-1-1.jpg","_links":{"self":[{"href":"https:\/\/radiorevelacionfm.cl\/index.php?rest_route=\/wp\/v2\/posts\/57015","targetHints":{"allow":["GET"]}}],"collection":[{"href":"https:\/\/radiorevelacionfm.cl\/index.php?rest_route=\/wp\/v2\/posts"}],"about":[{"href":"https:\/\/radiorevelacionfm.cl\/index.php?rest_route=\/wp\/v2\/types\/post"}],"author":[{"embeddable":true,"href":"https:\/\/radiorevelacionfm.cl\/index.php?rest_route=\/wp\/v2\/users\/1"}],"replies":[{"embeddable":true,"href":"https:\/\/radiorevelacionfm.cl\/index.php?rest_route=%2Fwp%2Fv2%2Fcomments&post=57015"}],"version-history":[{"count":2,"href":"https:\/\/radiorevelacionfm.cl\/index.php?rest_route=\/wp\/v2\/posts\/57015\/revisions"}],"predecessor-version":[{"id":57018,"href":"https:\/\/radiorevelacionfm.cl\/index.php?rest_route=\/wp\/v2\/posts\/57015\/revisions\/57018"}],"wp:featuredmedia":[{"embeddable":true,"href":"https:\/\/radiorevelacionfm.cl\/index.php?rest_route=\/wp\/v2\/media\/57016"}],"wp:attachment":[{"href":"https:\/\/radiorevelacionfm.cl\/index.php?rest_route=%2Fwp%2Fv2%2Fmedia&parent=57015"}],"wp:term":[{"taxonomy":"category","embeddable":true,"href":"https:\/\/radiorevelacionfm.cl\/index.php?rest_route=%2Fwp%2Fv2%2Fcategories&post=57015"},{"taxonomy":"post_tag","embeddable":true,"href":"https:\/\/radiorevelacionfm.cl\/index.php?rest_route=%2Fwp%2Fv2%2Ftags&post=57015"}],"curies":[{"name":"wp","href":"https:\/\/api.w.org\/{rel}","templated":true}]}}