{"id":57012,"date":"2025-07-29T12:50:16","date_gmt":"2025-07-29T15:50:16","guid":{"rendered":"https:\/\/radiorevelacionfm.cl\/?p=57012"},"modified":"2025-07-29T12:50:16","modified_gmt":"2025-07-29T15:50:16","slug":"observatorio-laboral-y-seremis-del-trabajo-invitan-a-participar-en-la-encuesta-enadel-2025","status":"publish","type":"post","link":"https:\/\/radiorevelacionfm.cl\/?p=57012","title":{"rendered":"Observatorio Laboral y Seremi(s) del Trabajo invitan a participar en la encuesta ENADEL 2025"},"content":{"rendered":"<div class=\"flex_column av_one_full  flex_column_div av-zero-column-padding first  avia-builder-el-0  el_before_av_one_full  avia-builder-el-first  \" style='border-radius:0px; '><div  class='avia-image-container  av-styling-    avia-builder-el-1  avia-builder-el-no-sibling  avia-align-center '  itemprop=\"image\" itemscope=\"itemscope\" itemtype=\"https:\/\/schema.org\/ImageObject\"  ><div class='avia-image-container-inner'><div class='avia-image-overlay-wrap'><img decoding=\"async\" class='wp-image-57013 avia-img-lazy-loading-not-57013 avia_image' src=\"https:\/\/radiorevelacionfm.cl\/wp-content\/uploads\/2025\/07\/Encuestadores-1-1.jpg\" alt='' title='Encuestadores (1) (1)' height=\"800\" width=\"800\"  itemprop=\"thumbnailUrl\" srcset=\"https:\/\/radiorevelacionfm.cl\/wp-content\/uploads\/2025\/07\/Encuestadores-1-1.jpg 800w, https:\/\/radiorevelacionfm.cl\/wp-content\/uploads\/2025\/07\/Encuestadores-1-1-300x300.jpg 300w, https:\/\/radiorevelacionfm.cl\/wp-content\/uploads\/2025\/07\/Encuestadores-1-1-80x80.jpg 80w, https:\/\/radiorevelacionfm.cl\/wp-content\/uploads\/2025\/07\/Encuestadores-1-1-768x768.jpg 768w, https:\/\/radiorevelacionfm.cl\/wp-content\/uploads\/2025\/07\/Encuestadores-1-1-36x36.jpg 36w, https:\/\/radiorevelacionfm.cl\/wp-content\/uploads\/2025\/07\/Encuestadores-1-1-180x180.jpg 180w, https:\/\/radiorevelacionfm.cl\/wp-content\/uploads\/2025\/07\/Encuestadores-1-1-705x705.jpg 705w, https:\/\/radiorevelacionfm.cl\/wp-content\/uploads\/2025\/07\/Encuestadores-1-1-120x120.jpg 120w, https:\/\/radiorevelacionfm.cl\/wp-content\/uploads\/2025\/07\/Encuestadores-1-1-450x450.jpg 450w, https:\/\/radiorevelacionfm.cl\/wp-content\/uploads\/2025\/07\/Encuestadores-1-1-600x600.jpg 600w, https:\/\/radiorevelacionfm.cl\/wp-content\/uploads\/2025\/07\/Encuestadores-1-1-100x100.jpg 100w\" sizes=\"(max-width: 800px) 100vw, 800px\" \/><\/div><\/div><\/div><\/div><div class=\"flex_column av_one_full  flex_column_div av-zero-column-padding first  avia-builder-el-2  el_after_av_one_full  el_before_av_one_full  column-top-margin\" style='border-radius:0px; '><section class=\"av_textblock_section \"  itemscope=\"itemscope\" itemtype=\"https:\/\/schema.org\/BlogPosting\" itemprop=\"blogPost\" ><div class='avia_textblock  '   itemprop=\"text\" ><p style=\"text-align: center;\"><span style=\"font-size: 18pt;\"><strong>Observatorio Laboral y Seremi(s) del Trabajo invitan a participar en la encuesta ENADEL 2025<\/strong><\/span><\/p>\n<div id=\"gtx-trans\" style=\"position: absolute; left: -50px; top: 4.31534px;\">\n<div class=\"gtx-trans-icon\"><\/div>\n<\/div>\n<\/div><\/section><\/div><div class=\"flex_column av_one_full  flex_column_div av-zero-column-padding first  avia-builder-el-4  el_after_av_one_full  el_before_av_hr  column-top-margin\" style='border-radius:0px; '><section class=\"av_textblock_section \"  itemscope=\"itemscope\" itemtype=\"https:\/\/schema.org\/BlogPosting\" itemprop=\"blogPost\" ><div class='avia_textblock  '   itemprop=\"text\" ><p style=\"text-align: justify;\"><em>El<\/em><em> levantamiento se realiza a nivel nacional por los Observatorios Laborales Regionales, los cuales son ejecutados a trav\u00e9s del convenio de la Subsecretar\u00eda del Trabajo con instituciones de educaci\u00f3n superior, siendo el de la Regi\u00f3n de Ays\u00e9n, ejecutado por el Centro de Formaci\u00f3n T\u00e9cnica Estatal de Ays\u00e9n.<\/em><\/p>\n<p style=\"text-align: justify;\">En su s\u00e9ptima versi\u00f3n, la Encuesta Nacional de Demanda Laboral (ENADEL) 2025 abordar\u00e1 18 sectores econ\u00f3micos a nivel pa\u00eds con una muestra objetivo de 6.212 empresas a participar, de las cuales, 183 corresponden a nuestra regi\u00f3n.<\/p>\n<p style=\"text-align: justify;\">Es as\u00ed como el Observatorio Laboral de Ays\u00e9n, con un equipo de 8 encuestadores, ha podido ejecutar la recolecci\u00f3n de datos, que a la fecha lleva un avance que sobrepasa el 50% de empresas encuestadas.<\/p>\n<p style=\"text-align: justify;\"><strong><u>La importancia de ENADEL<\/u><\/strong><\/p>\n<p style=\"text-align: justify;\">Para la Subsecretar\u00eda del Trabajo, entidad de la que dependen los observatorios a nivel nacional, la ENADEL es una herramienta que indaga en las empresas, obteniendo informaci\u00f3n sobre la demanda laboral, requerimientos formativos y como las nuevas tecnolog\u00edas y los eventos clim\u00e1ticos extremos que est\u00e1n cambiando el mundo del trabajo.<\/p>\n<p style=\"text-align: justify;\">Es as\u00ed como el seremi (s) del Trabajo y Previsi\u00f3n Social, Christian Aros Troncoso, explic\u00f3 la incidencia de estos resultados para entender de mejor manera los desaf\u00edos que enfrentan las empresas y qu\u00e9 se necesita para mejorar la formaci\u00f3n de las personas que trabajan.<\/p>\n<p style=\"text-align: justify;\"><em>\u201cLos Observatorios Laborales son parte de un programa de la\u00a0Subsecretar\u00eda del Trabajo, que est\u00e1 enmarcado en la\u00a0<\/em><a href=\"https:\/\/www.bcn.cl\/leychile\/navegar?idNorma=1198246\"><em>Estrategia Nacional de Prospecci\u00f3n Laboral<\/em><\/a><em>,\u00a0cuyo objetivo principal es fortalecer el conocimiento\u00a0territorial\u00a0y\u00a0sectorial\u00a0del mercado laboral regional. En este sentido, valoramos mucho la realizaci\u00f3n de la Encuesta de Demanda Laboral que se est\u00e1 levantando actualmente y les pedimos a las empresas que han sido seleccionadas, que nos ayuden en este esfuerzo que se est\u00e1 efectuando, contestando el sondeo, para conocer de primera fuente la demanda y las necesidades existentes. Sabemos que el mundo del trabajo est\u00e1 cambiando r\u00e1pidamente, que las empresas enfrentan nuevos desaf\u00edos, y que necesitamos mejorar la formaci\u00f3n de las personas trabajadoras y la ENADEL nos apoya precisamente en ello, en conocer la demanda laboral regional, los requerimientos formativos y c\u00f3mo las nuevas tecnolog\u00edas est\u00e1n impactando el ecosistema laboral\u201d.<\/em><\/p>\n<p style=\"text-align: justify;\"><strong><u>Participaci\u00f3n y meta por cumplir<\/u><\/strong><\/p>\n<p style=\"text-align: justify;\">La Encuesta de Demanda Laboral tiene una muestra objetivo de 183 empresas para la regi\u00f3n de Ays\u00e9n, pero ya son m\u00e1s de 90 las que han participado, representando a varias ramas econ\u00f3micas como comercio, construcci\u00f3n, ense\u00f1anza y a partir de este a\u00f1o, explotaci\u00f3n de minas y canteras, ense\u00f1anza y actividades de atenci\u00f3n de la salud humana, incrementando as\u00ed, el espectro de recolecci\u00f3n de datos en la regi\u00f3n.<\/p>\n<p style=\"text-align: justify;\">Sobre su mecanismo de aplicaci\u00f3n, \u00e9ste es h\u00edbrido, privilegiando el levantamiento presencial y relevando el telef\u00f3nico para provincias m\u00e1s alejadas o de dif\u00edcil acceso.<\/p>\n<p style=\"text-align: justify;\">En palabras de C\u00e9sar G\u00f3mez Berrocal, director de la entidad, es fundamental la participaci\u00f3n de cada empresa seleccionada en esta importante encuesta ya que sus resultados son utilizados en la toma de decisiones de las pol\u00edticas p\u00fablicas de capacitaci\u00f3n y empleo.<\/p>\n<p style=\"text-align: justify;\"><em>\u201c<a href=\"https:\/\/aysencftcl-my.sharepoint.com\/personal\/licencia14_aysencft_cl\/Documents\/Archivos%20transcritos\/C%C3%A9sar%20G%C3%B3mez-%20parte%201.mp3\">Es de vital importancia que las empresas de la regi\u00f3n de Ays\u00e9n puedan contestar la encuesta ENADEL ya que la informaci\u00f3n que aqu\u00ed se genera se ocupa como base para todo lo que guarda relaci\u00f3n con la oferta program\u00e1tica de SENCE en temas de capacitaci\u00f3n y empleo. Y es en ese contexto que los cursos de capacitaci\u00f3n, que a\u00f1o a a\u00f1o se ejecutan a trav\u00e9s de esta entidad, tienen una base estad\u00edstica en la cual es rescatada a trav\u00e9s de lo que es la encuesta ENADEL\u201d<\/a><\/em><\/p>\n<p style=\"text-align: justify;\">A su vez, resalt\u00f3 lo que significa para las casas de estudios superiores poder conocer los datos recabados ya que a trav\u00e9s de \u00e9stos se\u00a0 pueden encaminar la creaci\u00f3n de nuevas carreras a impartir en sus a\u00f1os acad\u00e9micos.<\/p>\n<p style=\"text-align: justify;\">\u201c<a href=\"https:\/\/aysencftcl-my.sharepoint.com\/personal\/licencia14_aysencft_cl\/Documents\/Archivos%20transcritos\/C%C3%A9sar%20G%C3%B3mez%20-%20parte%202.mp3\"><em>Al mismo tiempo, es importante considerar que otras entidades de educaci\u00f3n superior, en este caso el CFT Estatal de Ays\u00e9n igual utiliza esta informaci\u00f3n para lo que es su toma de decisiones y de esta manera poder ir evaluando a trav\u00e9s de lo que es una base estad\u00edstica cu\u00e1l es la oferta en cuanto a las carreras que est\u00e1n ofreciendo en territorio\u201d<\/em><\/a><\/p>\n<p style=\"text-align: justify;\">El levantamiento ser\u00e1 hasta el 30 de octubre de 2025 y se espera completar el 100% de la muestra regional para que trabajadores\/as y estudiantes conozcan las ocupaciones m\u00e1s demandadas en el mercado laboral.<\/p>\n<p style=\"text-align: justify;\">Si quieres conocer m\u00e1s del trabajo del Observatorio Laboral Ays\u00e9n, puedes revisar sus redes sociales en Instagram como @olraysen, en X como @OLRAysen y su fanpage de Facebook: Observatorio Laboral Ays\u00e9n.<\/p>\n<\/div><\/section><\/div><div  style='height:50px' class='hr hr-invisible   avia-builder-el-6  el_after_av_one_full  el_before_av_social_share '><span class='hr-inner ' ><span class='hr-inner-style'><\/span><\/span><\/div><\/p>\n<div  class='av-social-sharing-box  avia-builder-el-7  el_after_av_hr  el_before_av_hr  '><div class='av-share-box'><h5 class='av-share-link-description av-no-toc '>Compartir esta noticia<\/h5><ul class='av-share-box-list noLightbox'><li class='av-share-link av-social-link-facebook' ><a target=\"_blank\" aria-label=\"Compartir en Facebook\" href='https:\/\/www.facebook.com\/sharer.php?u=https:\/\/radiorevelacionfm.cl\/?p=57012&#038;t=Observatorio%20Laboral%20y%20Seremi%28s%29%20del%20Trabajo%20invitan%20a%20participar%20en%20la%20encuesta%20ENADEL%202025' aria-hidden='false' data-av_icon='\ue8f3' data-av_iconfont='entypo-fontello' title='' data-avia-related-tooltip='Compartir en Facebook' rel=\"noopener\"><span class='avia_hidden_link_text'>Compartir en Facebook<\/span><\/a><\/li><li class='av-share-link av-social-link-twitter' ><a target=\"_blank\" aria-label=\"Compartir en Twitter\" href='https:\/\/twitter.com\/share?text=Observatorio%20Laboral%20y%20Seremi%28s%29%20del%20Trabajo%20invitan%20a%20participar%20en%20la%20encuesta%20ENADEL%202025&#038;url=https:\/\/radiorevelacionfm.cl\/?p=57012' aria-hidden='false' data-av_icon='\ue8f1' data-av_iconfont='entypo-fontello' title='' data-avia-related-tooltip='Compartir en Twitter' rel=\"noopener\"><span class='avia_hidden_link_text'>Compartir en Twitter<\/span><\/a><\/li><li class='av-share-link av-social-link-whatsapp' ><a target=\"_blank\" aria-label=\"Compartir en Whatsapp\" href='https:\/\/api.whatsapp.com\/send?text=https:\/\/radiorevelacionfm.cl\/?p=57012' aria-hidden='false' data-av_icon='\uf232' data-av_iconfont='entypo-fontello' title='' data-avia-related-tooltip='Compartir en Whatsapp' rel=\"noopener\"><span class='avia_hidden_link_text'>Compartir en Whatsapp<\/span><\/a><\/li><li class='av-share-link av-social-link-linkedin' ><a target=\"_blank\" aria-label=\"Compartir en LinkedIn\" href='https:\/\/linkedin.com\/shareArticle?mini=true&#038;title=Observatorio%20Laboral%20y%20Seremi%28s%29%20del%20Trabajo%20invitan%20a%20participar%20en%20la%20encuesta%20ENADEL%202025&#038;url=https:\/\/radiorevelacionfm.cl\/?p=57012' aria-hidden='false' data-av_icon='\ue8fc' data-av_iconfont='entypo-fontello' title='' data-avia-related-tooltip='Compartir en LinkedIn' rel=\"noopener\"><span class='avia_hidden_link_text'>Compartir en LinkedIn<\/span><\/a><\/li><li class='av-share-link av-social-link-mail' ><a  aria-label=\"Compartir por correo\" href='mailto:?subject=Observatorio%20Laboral%20y%20Seremi%28s%29%20del%20Trabajo%20invitan%20a%20participar%20en%20la%20encuesta%20ENADEL%202025&#038;body=https:\/\/radiorevelacionfm.cl\/?p=57012' aria-hidden='false' data-av_icon='\ue805' data-av_iconfont='entypo-fontello' title='' data-avia-related-tooltip='Compartir por correo'><span class='avia_hidden_link_text'>Compartir por correo<\/span><\/a><\/li><\/ul><\/div><\/div>\n<div  style='height:50px' class='hr hr-invisible   avia-builder-el-8  el_after_av_social_share  el_before_av_comments_list '><span class='hr-inner ' ><span class='hr-inner-style'><\/span><\/span><\/div>\n<div  class='av-buildercomment  av-blog-meta-html-info-disabled av-blog-meta-tag-disabled  '><\/div>\n","protected":false},"excerpt":{"rendered":"","protected":false},"author":1,"featured_media":57013,"comment_status":"closed","ping_status":"closed","sticky":false,"template":"","format":"standard","meta":{"footnotes":""},"categories":[56],"tags":[],"class_list":["post-57012","post","type-post","status-publish","format-standard","has-post-thumbnail","hentry","category-trabajo"],"jetpack_featured_media_url":"https:\/\/radiorevelacionfm.cl\/wp-content\/uploads\/2025\/07\/Encuestadores-1-1.jpg","_links":{"self":[{"href":"https:\/\/radiorevelacionfm.cl\/index.php?rest_route=\/wp\/v2\/posts\/57012","targetHints":{"allow":["GET"]}}],"collection":[{"href":"https:\/\/radiorevelacionfm.cl\/index.php?rest_route=\/wp\/v2\/posts"}],"about":[{"href":"https:\/\/radiorevelacionfm.cl\/index.php?rest_route=\/wp\/v2\/types\/post"}],"author":[{"embeddable":true,"href":"https:\/\/radiorevelacionfm.cl\/index.php?rest_route=\/wp\/v2\/users\/1"}],"replies":[{"embeddable":true,"href":"https:\/\/radiorevelacionfm.cl\/index.php?rest_route=%2Fwp%2Fv2%2Fcomments&post=57012"}],"version-history":[{"count":2,"href":"https:\/\/radiorevelacionfm.cl\/index.php?rest_route=\/wp\/v2\/posts\/57012\/revisions"}],"predecessor-version":[{"id":57055,"href":"https:\/\/radiorevelacionfm.cl\/index.php?rest_route=\/wp\/v2\/posts\/57012\/revisions\/57055"}],"wp:featuredmedia":[{"embeddable":true,"href":"https:\/\/radiorevelacionfm.cl\/index.php?rest_route=\/wp\/v2\/media\/57013"}],"wp:attachment":[{"href":"https:\/\/radiorevelacionfm.cl\/index.php?rest_route=%2Fwp%2Fv2%2Fmedia&parent=57012"}],"wp:term":[{"taxonomy":"category","embeddable":true,"href":"https:\/\/radiorevelacionfm.cl\/index.php?rest_route=%2Fwp%2Fv2%2Fcategories&post=57012"},{"taxonomy":"post_tag","embeddable":true,"href":"https:\/\/radiorevelacionfm.cl\/index.php?rest_route=%2Fwp%2Fv2%2Ftags&post=57012"}],"curies":[{"name":"wp","href":"https:\/\/api.w.org\/{rel}","templated":true}]}}