{"id":57009,"date":"2025-07-28T15:47:10","date_gmt":"2025-07-28T18:47:10","guid":{"rendered":"https:\/\/radiorevelacionfm.cl\/?p=57009"},"modified":"2025-07-28T15:47:10","modified_gmt":"2025-07-28T18:47:10","slug":"condenan-a-imputado-por-dos-delitos-de-conduccion-en-estado-de-ebriedad","status":"publish","type":"post","link":"https:\/\/radiorevelacionfm.cl\/?p=57009","title":{"rendered":"Condenan a imputado por dos delitos de conducci\u00f3n en estado de ebriedad"},"content":{"rendered":"<div class=\"flex_column av_one_full  flex_column_div av-zero-column-padding first  avia-builder-el-0  el_before_av_one_full  avia-builder-el-first  \" style='border-radius:0px; '><div  class='avia-image-container  av-styling-    avia-builder-el-1  avia-builder-el-no-sibling  avia-align-center '  itemprop=\"image\" itemscope=\"itemscope\" itemtype=\"https:\/\/schema.org\/ImageObject\"  ><div class='avia-image-container-inner'><div class='avia-image-overlay-wrap'><img decoding=\"async\" class='wp-image-33059 avia-img-lazy-loading-not-33059 avia_image' src=\"https:\/\/radiorevelacionfm.cl\/wp-content\/uploads\/2023\/07\/fiscalia_2-1_optimized.jpg\" alt='' title='fiscalia_2-(1)_optimized' height=\"600\" width=\"900\"  itemprop=\"thumbnailUrl\" srcset=\"https:\/\/radiorevelacionfm.cl\/wp-content\/uploads\/2023\/07\/fiscalia_2-1_optimized.jpg 900w, https:\/\/radiorevelacionfm.cl\/wp-content\/uploads\/2023\/07\/fiscalia_2-1_optimized-300x200.jpg 300w, https:\/\/radiorevelacionfm.cl\/wp-content\/uploads\/2023\/07\/fiscalia_2-1_optimized-768x512.jpg 768w, https:\/\/radiorevelacionfm.cl\/wp-content\/uploads\/2023\/07\/fiscalia_2-1_optimized-705x470.jpg 705w, https:\/\/radiorevelacionfm.cl\/wp-content\/uploads\/2023\/07\/fiscalia_2-1_optimized-450x300.jpg 450w, https:\/\/radiorevelacionfm.cl\/wp-content\/uploads\/2023\/07\/fiscalia_2-1_optimized-600x400.jpg 600w\" sizes=\"(max-width: 900px) 100vw, 900px\" \/><\/div><\/div><\/div><\/div><div class=\"flex_column av_one_full  flex_column_div av-zero-column-padding first  avia-builder-el-2  el_after_av_one_full  el_before_av_one_full  column-top-margin\" style='border-radius:0px; '><section class=\"av_textblock_section \"  itemscope=\"itemscope\" itemtype=\"https:\/\/schema.org\/BlogPosting\" itemprop=\"blogPost\" ><div class='avia_textblock  '   itemprop=\"text\" ><p style=\"text-align: center;\"><span style=\"font-size: 18pt;\"><b><span lang=\"ES\">Condenan a imputado por dos delitos de conducci\u00f3n en estado de ebriedad<\/span><\/b><\/span><\/p>\n<div id=\"gtx-trans\" style=\"position: absolute; left: -50px; top: 4.31534px;\">\n<div class=\"gtx-trans-icon\"><\/div>\n<\/div>\n<\/div><\/section><\/div><div class=\"flex_column av_one_full  flex_column_div av-zero-column-padding first  avia-builder-el-4  el_after_av_one_full  el_before_av_hr  column-top-margin\" style='border-radius:0px; '><section class=\"av_textblock_section \"  itemscope=\"itemscope\" itemtype=\"https:\/\/schema.org\/BlogPosting\" itemprop=\"blogPost\" ><div class='avia_textblock  '   itemprop=\"text\" ><p style=\"text-align: justify;\"><em><span style=\"font-size: 12pt;\">Deber\u00e1 cumplir reclusi\u00f3n nocturna en su domicilio durante 3 a\u00f1os. <\/span><\/em><em><span lang=\"ES\">Delitos ocurrieron el 30 de septiembre del 2023 y el 13 de mayo de 2024 en Coyhaique.<\/span><\/em><\/p>\n<p class=\"v1MsoNormal\" style=\"text-align: justify;\"><span lang=\"ES\">Un imputado de 26 a\u00f1os fue condenado por el Tribunal de Juicio Oral en Lo Penal de Coyhaique como autor de dos delitos de conducci\u00f3n en estado de ebriedad, hechos ocurridos el 30 de septiembre del 2023 y el 13 de mayo de 2024 en la capital regional.<\/span><\/p>\n<p class=\"v1MsoNormal\" style=\"text-align: justify;\"><span lang=\"ES\">La sentencia aplicada fue de dos penas de 541 d\u00edas de presidio menor en su grado medio (1082 d\u00edas en total) y el pago de dos multas de dos unidades tributarias mensuales, unos 137 mil pesos, aproximadamente. Adem\u00e1s, el sujeto fue sentenciado a dos penas de suspensi\u00f3n de su licencia de conducir por 2 a\u00f1os, cada una -es decir, un total de 4 a\u00f1os-, por su responsabilidad en calidad de autor de dos delitos consumados de conducci\u00f3n de veh\u00edculo motorizado en estado de ebriedad.<\/span><\/p>\n<p class=\"v1MsoNormal\" style=\"text-align: justify;\"><span lang=\"ES\">CASOS<\/span><\/p>\n<p class=\"v1MsoNormal\" style=\"text-align: justify;\"><span lang=\"ES-MX\">De acuerdo a lo expuesto en el juicio oral por el Fiscal Adjunto (s), Mat\u00edas Manzano,<\/span><span lang=\"ES-MX\">\u00a0<\/span><span lang=\"ES-MX\">el 30 de septiembre de 2023, alrededor de las 04:00 horas, el acusado condujo por calle Brasil en estado de ebriedad y sin licencia de conducir, por cuanto nunca la ha obtenido, un veh\u00edculo marca Toyota modelo Vitz, desplaz\u00e1ndose hasta calle Argentina.\u00a0<\/span><\/p>\n<p class=\"v1MsoNormal\" style=\"text-align: justify;\"><span lang=\"ES-MX\">Al momento de advertir la presencia de Carabineros, el acusado choc\u00f3 el veh\u00edculo policial, en cuyo interior se encontraban dos funcionarios, d\u00e1ndose a la fuga del lugar hasta llegar a calle Colombia, donde huy\u00f3 a pie siendo posteriormente detenido. Al aplicar la prueba respiratoria al imputado, esta arroj\u00f3 como resultado 1,10 gramos de alcohol por litro de sangre y posteriormente, el informe de alcoholemia arroj\u00f3 como resultado 1,12 gramos de alcohol por litro de sangre.\u00a0\u00a0<\/span><\/p>\n<p class=\"v1MsoNormal\" style=\"text-align: justify;\"><span lang=\"ES-MX\">Un segundo caso que involucr\u00f3 el mismo imputado, ocurri\u00f3 siete meses despu\u00e9s, el<b>\u00a0<\/b>13 de mayo de 2024, alrededor de las 00:45 horas. En dicha ocasi\u00f3n, el sujeto condujo contra el tr\u00e1nsito por calle Max Casas, en estado de ebriedad y sin portar licencia de conducir, ya que nunca la ha obtenido, un veh\u00edculo marca Geely, siendo fiscalizado por personal de Carabineros en la intersecci\u00f3n con calle 21 de Mayo.<\/span><\/p>\n<p class=\"v1MsoNormal\" style=\"text-align: justify;\"><span lang=\"ES-MX\">En dicha ocasi\u00f3n, los funcionarios policiales se percataron que el imputado conduc\u00eda en estado de ebriedad. La prueba respiratoria aplicada al sujeto arroj\u00f3 como resultado 1,03 gramos de alcohol por litro de sangre.\u00a0<\/span><\/p>\n<p class=\"v1MsoNormal\" style=\"text-align: justify;\"><span lang=\"ES\">Al reunir los requisitos establecidos en la Ley N\u00b018.216, el Tribunal sustituy\u00f3 la pena privativa de libertad impuesta al imputado, la cual suma m\u00e1s de 3 a\u00f1os, por la de reclusi\u00f3n parcial domiciliaria entre las 22 horas de cada d\u00eda hasta las 6 horas del d\u00eda siguiente en su casa de Puerto Chacabuco, cuyo cumplimiento ser\u00e1 fiscalizado por Carabineros.<\/span><\/p>\n<p class=\"v1MsoNormal\" style=\"text-align: justify;\"><span lang=\"ES\">La\u00a0sentencia fue aplicada por los jueces\u00a0del Tribunal de Juicio Oral en Lo Penal, Rosal\u00eda Mansilla, Pablo Freire y Patricio Zu\u00f1iga.<\/span><\/p>\n<\/div><\/section><\/div><div  style='height:50px' class='hr hr-invisible   avia-builder-el-6  el_after_av_one_full  el_before_av_social_share '><span class='hr-inner ' ><span class='hr-inner-style'><\/span><\/span><\/div><\/p>\n<div  class='av-social-sharing-box  avia-builder-el-7  el_after_av_hr  el_before_av_hr  '><div class='av-share-box'><h5 class='av-share-link-description av-no-toc '>Compartir esta noticia<\/h5><ul class='av-share-box-list noLightbox'><li class='av-share-link av-social-link-facebook' ><a target=\"_blank\" aria-label=\"Compartir en Facebook\" href='https:\/\/www.facebook.com\/sharer.php?u=https:\/\/radiorevelacionfm.cl\/?p=57009&#038;t=Condenan%20a%20imputado%20por%20dos%20delitos%20de%20conducci%C3%B3n%20en%20estado%20de%20ebriedad' aria-hidden='false' data-av_icon='\ue8f3' data-av_iconfont='entypo-fontello' title='' data-avia-related-tooltip='Compartir en Facebook' rel=\"noopener\"><span class='avia_hidden_link_text'>Compartir en Facebook<\/span><\/a><\/li><li class='av-share-link av-social-link-twitter' ><a target=\"_blank\" aria-label=\"Compartir en Twitter\" href='https:\/\/twitter.com\/share?text=Condenan%20a%20imputado%20por%20dos%20delitos%20de%20conducci%C3%B3n%20en%20estado%20de%20ebriedad&#038;url=https:\/\/radiorevelacionfm.cl\/?p=57009' aria-hidden='false' data-av_icon='\ue8f1' data-av_iconfont='entypo-fontello' title='' data-avia-related-tooltip='Compartir en Twitter' rel=\"noopener\"><span class='avia_hidden_link_text'>Compartir en Twitter<\/span><\/a><\/li><li class='av-share-link av-social-link-whatsapp' ><a target=\"_blank\" aria-label=\"Compartir en Whatsapp\" href='https:\/\/api.whatsapp.com\/send?text=https:\/\/radiorevelacionfm.cl\/?p=57009' aria-hidden='false' data-av_icon='\uf232' data-av_iconfont='entypo-fontello' title='' data-avia-related-tooltip='Compartir en Whatsapp' rel=\"noopener\"><span class='avia_hidden_link_text'>Compartir en Whatsapp<\/span><\/a><\/li><li class='av-share-link av-social-link-linkedin' ><a target=\"_blank\" aria-label=\"Compartir en LinkedIn\" href='https:\/\/linkedin.com\/shareArticle?mini=true&#038;title=Condenan%20a%20imputado%20por%20dos%20delitos%20de%20conducci%C3%B3n%20en%20estado%20de%20ebriedad&#038;url=https:\/\/radiorevelacionfm.cl\/?p=57009' aria-hidden='false' data-av_icon='\ue8fc' data-av_iconfont='entypo-fontello' title='' data-avia-related-tooltip='Compartir en LinkedIn' rel=\"noopener\"><span class='avia_hidden_link_text'>Compartir en LinkedIn<\/span><\/a><\/li><li class='av-share-link av-social-link-mail' ><a  aria-label=\"Compartir por correo\" href='mailto:?subject=Condenan%20a%20imputado%20por%20dos%20delitos%20de%20conducci%C3%B3n%20en%20estado%20de%20ebriedad&#038;body=https:\/\/radiorevelacionfm.cl\/?p=57009' aria-hidden='false' data-av_icon='\ue805' data-av_iconfont='entypo-fontello' title='' data-avia-related-tooltip='Compartir por correo'><span class='avia_hidden_link_text'>Compartir por correo<\/span><\/a><\/li><\/ul><\/div><\/div>\n<div  style='height:50px' class='hr hr-invisible   avia-builder-el-8  el_after_av_social_share  el_before_av_comments_list '><span class='hr-inner ' ><span class='hr-inner-style'><\/span><\/span><\/div>\n<div  class='av-buildercomment  av-blog-meta-html-info-disabled av-blog-meta-tag-disabled  '><\/div>\n","protected":false},"excerpt":{"rendered":"","protected":false},"author":1,"featured_media":33059,"comment_status":"closed","ping_status":"closed","sticky":false,"template":"","format":"standard","meta":{"footnotes":""},"categories":[55],"tags":[],"class_list":["post-57009","post","type-post","status-publish","format-standard","has-post-thumbnail","hentry","category-justicia"],"jetpack_featured_media_url":"https:\/\/radiorevelacionfm.cl\/wp-content\/uploads\/2023\/07\/fiscalia_2-1_optimized.jpg","_links":{"self":[{"href":"https:\/\/radiorevelacionfm.cl\/index.php?rest_route=\/wp\/v2\/posts\/57009","targetHints":{"allow":["GET"]}}],"collection":[{"href":"https:\/\/radiorevelacionfm.cl\/index.php?rest_route=\/wp\/v2\/posts"}],"about":[{"href":"https:\/\/radiorevelacionfm.cl\/index.php?rest_route=\/wp\/v2\/types\/post"}],"author":[{"embeddable":true,"href":"https:\/\/radiorevelacionfm.cl\/index.php?rest_route=\/wp\/v2\/users\/1"}],"replies":[{"embeddable":true,"href":"https:\/\/radiorevelacionfm.cl\/index.php?rest_route=%2Fwp%2Fv2%2Fcomments&post=57009"}],"version-history":[{"count":2,"href":"https:\/\/radiorevelacionfm.cl\/index.php?rest_route=\/wp\/v2\/posts\/57009\/revisions"}],"predecessor-version":[{"id":57011,"href":"https:\/\/radiorevelacionfm.cl\/index.php?rest_route=\/wp\/v2\/posts\/57009\/revisions\/57011"}],"wp:featuredmedia":[{"embeddable":true,"href":"https:\/\/radiorevelacionfm.cl\/index.php?rest_route=\/wp\/v2\/media\/33059"}],"wp:attachment":[{"href":"https:\/\/radiorevelacionfm.cl\/index.php?rest_route=%2Fwp%2Fv2%2Fmedia&parent=57009"}],"wp:term":[{"taxonomy":"category","embeddable":true,"href":"https:\/\/radiorevelacionfm.cl\/index.php?rest_route=%2Fwp%2Fv2%2Fcategories&post=57009"},{"taxonomy":"post_tag","embeddable":true,"href":"https:\/\/radiorevelacionfm.cl\/index.php?rest_route=%2Fwp%2Fv2%2Ftags&post=57009"}],"curies":[{"name":"wp","href":"https:\/\/api.w.org\/{rel}","templated":true}]}}