{"id":57005,"date":"2025-07-28T12:58:14","date_gmt":"2025-07-28T15:58:14","guid":{"rendered":"https:\/\/radiorevelacionfm.cl\/?p=57005"},"modified":"2025-07-28T12:58:14","modified_gmt":"2025-07-28T15:58:14","slug":"gobierno-regional-de-aysen-entrega-16-buses-a-escuelas-publicas-de-la-region","status":"publish","type":"post","link":"https:\/\/radiorevelacionfm.cl\/?p=57005","title":{"rendered":"Gobierno Regional de Ays\u00e9n entrega 16 buses a escuelas p\u00fablicas de la regi\u00f3n"},"content":{"rendered":"<div class=\"flex_column av_one_full  flex_column_div av-zero-column-padding first  avia-builder-el-0  el_before_av_one_full  avia-builder-el-first  \" style='border-radius:0px; '><div  class='avia-image-container  av-styling-    avia-builder-el-1  avia-builder-el-no-sibling  avia-align-center '  itemprop=\"image\" itemscope=\"itemscope\" itemtype=\"https:\/\/schema.org\/ImageObject\"  ><div class='avia-image-container-inner'><div class='avia-image-overlay-wrap'><img decoding=\"async\" class='wp-image-57006 avia-img-lazy-loading-not-57006 avia_image' src=\"https:\/\/radiorevelacionfm.cl\/wp-content\/uploads\/2025\/07\/autoridades-y-slep-1_optimized.jpg\" alt='' title='autoridades-y-slep - (1)_optimized' height=\"600\" width=\"898\"  itemprop=\"thumbnailUrl\" srcset=\"https:\/\/radiorevelacionfm.cl\/wp-content\/uploads\/2025\/07\/autoridades-y-slep-1_optimized.jpg 898w, https:\/\/radiorevelacionfm.cl\/wp-content\/uploads\/2025\/07\/autoridades-y-slep-1_optimized-300x200.jpg 300w, https:\/\/radiorevelacionfm.cl\/wp-content\/uploads\/2025\/07\/autoridades-y-slep-1_optimized-768x513.jpg 768w, https:\/\/radiorevelacionfm.cl\/wp-content\/uploads\/2025\/07\/autoridades-y-slep-1_optimized-705x471.jpg 705w, https:\/\/radiorevelacionfm.cl\/wp-content\/uploads\/2025\/07\/autoridades-y-slep-1_optimized-450x301.jpg 450w, https:\/\/radiorevelacionfm.cl\/wp-content\/uploads\/2025\/07\/autoridades-y-slep-1_optimized-600x401.jpg 600w\" sizes=\"(max-width: 898px) 100vw, 898px\" \/><\/div><\/div><\/div><\/div><div class=\"flex_column av_one_full  flex_column_div av-zero-column-padding first  avia-builder-el-2  el_after_av_one_full  el_before_av_one_full  column-top-margin\" style='border-radius:0px; '><section class=\"av_textblock_section \"  itemscope=\"itemscope\" itemtype=\"https:\/\/schema.org\/BlogPosting\" itemprop=\"blogPost\" ><div class='avia_textblock  '   itemprop=\"text\" ><p style=\"text-align: center;\"><strong><span style=\"font-size: 18pt;\">Gobierno Regional de Ays\u00e9n entrega 16 buses a escuelas p\u00fablicas de la regi\u00f3n<\/span><\/strong><\/p>\n<div id=\"gtx-trans\" style=\"position: absolute; left: -50px; top: 4.31534px;\">\n<div class=\"gtx-trans-icon\"><\/div>\n<\/div>\n<\/div><\/section><\/div><div class=\"flex_column av_one_full  flex_column_div av-zero-column-padding first  avia-builder-el-4  el_after_av_one_full  el_before_av_hr  column-top-margin\" style='border-radius:0px; '><section class=\"av_textblock_section \"  itemscope=\"itemscope\" itemtype=\"https:\/\/schema.org\/BlogPosting\" itemprop=\"blogPost\" ><div class='avia_textblock  '   itemprop=\"text\" ><p style=\"text-align: justify;\"><em>Se trata de una flota de 16 buses entregados al Servicio Local de Educaci\u00f3n P\u00fablica (SLEP), que reemplazar\u00e1n veh\u00edculos de transporte escolar que ya cumplieron su vida \u00fatil.<\/em><\/p>\n<p style=\"text-align: justify;\">Este lunes 28 de julio, el Gobierno Regional y su Consejo entregaron una flota de 16 buses, que se destinar\u00e1n a diversas escuelas de la Regi\u00f3n de Ays\u00e9n, en el marco del proyecto \u201cReposici\u00f3n de buses para transporte escolar del Servicio Local de Educaci\u00f3n P\u00fablica (SLEP).<\/p>\n<p style=\"text-align: justify;\">El gobernador regional de Ays\u00e9n, Marcelo Santana Vargas, enfatiz\u00f3 que es clave trabajar en mejorar la educaci\u00f3n en la regi\u00f3n: \u201cNos interesa mucho la asistencia escolar y esto justamente apunta hacia a eso. Nosotros hemos dicho que como Gobierno Regional vamos a estar siempre disponibles para avanzar en proyectos educativos. Tenemos una cartera de infraestructura comprometida con el SLEP. Esperamos avanzar tambi\u00e9n en programas que signifiquen mejorar la educaci\u00f3n dentro del aula que es algo que nos preocupa mucho. Queremos ayudar, colaborar, ser un granito de arena a esta gran misi\u00f3n que tenemos que es que la educaci\u00f3n p\u00fablica que se entregue en la Regi\u00f3n de Ays\u00e9n sea la mejor del pa\u00eds\u201d.<\/p>\n<p style=\"text-align: justify;\">El proyecto, de un monto de m\u00e1s de 2.800 millones, incluye la reposici\u00f3n de buses con los cuales se realiza el servicio de transporte de escolares a trav\u00e9s de toda la regi\u00f3n, en las siete comunas donde opera directamente el SLEP, adem\u00e1s de los 17 servicios de recorridos que se licitan a privados y los servicios que opera el Ministerio de Transporte y Telecomunicaciones en 19 recorridos rurales.<\/p>\n<p style=\"text-align: justify;\">El director del SLEP Ays\u00e9n, Sebasti\u00e1n Gonz\u00e1lez, se refiri\u00f3 a la importancia de proveer las condiciones necesarias para los estudiantes en un territorio de muchas complejidades: \u201cEstamos celebrando un hito para la educaci\u00f3n p\u00fablica de la Regi\u00f3n de Ays\u00e9n. Nosotros no solamente garantizamos que las clases se den de buena forma, sino que tambi\u00e9n que nuestros estudiantes puedan llegar a clases. Eso es s\u00faper importante en nuestra regi\u00f3n, garantizamos un derecho a la educaci\u00f3n que permite que se desarrollen los aprendizajes. Entonces m\u00e1s que buses, esto es una mejora en las oportunidades que tienen nuestros estudiantes\u201d.<\/p>\n<p style=\"text-align: justify;\">La iniciativa fue presentada por el SLEP Ays\u00e9n y el desarrollo estuvo a cargo de la Divisi\u00f3n de Infraestructura y Transporte (DIT) del Gobierno Regional, que se encarg\u00f3 del proceso de licitaci\u00f3n y de adquisici\u00f3n de los buses, lo que permiti\u00f3 que el proyecto se concretara en pocos meses.<\/p>\n<p style=\"text-align: justify;\">La consejera regional Paulina Hern\u00e1ndez, presidenta de la Comisi\u00f3n de Desarrollo Social, Cultural y Deportivo, destac\u00f3 que este proyecto permite reforzar los procesos de desarrollo educativo: \u201cSin duda, significa el compromiso que tiene este Gobierno Regional, los consejeros y las consejeras de distintos puntos de la regi\u00f3n y tambi\u00e9n nuestro gobernador. Este compromiso serio y responsable con la educaci\u00f3n, con la calidad de la educaci\u00f3n, con el acceso a la educaci\u00f3n, con garantizar los derechos de los cuales los estados tambi\u00e9n son responsables, a trav\u00e9s de la convenci\u00f3n de los derechos de protecci\u00f3n del ni\u00f1o y la ni\u00f1a\u201d.<\/p>\n<p style=\"text-align: justify;\">En la ceremonia de entrega tambi\u00e9n estuvo presente el director del Liceo Bicentenario Altos del Mackay, Mario Rojas: \u201cPara nosotros es una gran alegr\u00eda recibir hoy este obsequio del Gobierno Regional en conjunto con el SLEP, porque nos permite trasladar a nuestros estudiantes. Debe ser uno de los establecimientos que m\u00e1s alumnos traslada. Casi el 100% de los alumnos nuestros se trasladan en los buses. Por lo tanto, esto es ofrecer un servicio de calidad para nosotros, continuar con nuestra labor de entregar aprendizaje de calidad\u201d.<\/p>\n<p style=\"text-align: justify;\">\u201cM\u00e1s que mejorar, era extremadamente necesaria la renovaci\u00f3n de esta flota de transporte. Todos saben el estado en el que estaban los buses cuando se hizo el traspaso al SLEP. Y esto viene a motivar y a incentivar la llegada de los estudiantes en las ma\u00f1anas a clases y poder desarrollar actividades que vayan m\u00e1s all\u00e1 de la jornada escolar\u201d, destac\u00f3 el encargado de la Unidad de Transporte del SLEP, Israel Jara.<\/p>\n<p style=\"text-align: justify;\"><strong>Buses con acceso universal<\/strong><\/p>\n<p style=\"text-align: justify;\">En el marco de este proyecto, se entregar\u00e1n otros dos buses que cuentan con acceso universal para destinarlos a las escuelas diferenciales Despertar en la comuna de Ays\u00e9n y Espa\u00f1a en Coyhaique, llegando a un total de 18 buses para el SLEP Ays\u00e9n.<\/p>\n<p style=\"text-align: justify;\">Los buses con acceso universal son una necesidad urgente de estas escuelas, cuyos buses superaron su vida \u00fatil y constantemente presentan desperfectos mec\u00e1nicos. As\u00ed, por ejemplo, el bus de la escuela diferencial Despertar no cuenta con\u00a0 rampa y la rampa del bus de la escuela diferencial Espa\u00f1a se encuentra en mal estado y sin posibilidad de reparaciones.<\/p>\n<p style=\"text-align: justify;\">Estos nuevos buses, adem\u00e1s de rampa, contar\u00e1n con lugares habilitados para la fijaci\u00f3n de sillas de rueda y espacio para asistente; y otros espacios libres que permiten un adecuado desplazamiento dada las diversas condiciones de los estudiantes.<\/p>\n<p style=\"text-align: justify;\">Con estos buses se beneficiar\u00e1 un total de 65 estudiantes de la escuela diferencial\u00a0 Despertar y 110 de la escuela diferencial Espa\u00f1a.<\/p>\n<\/div><\/section><\/div><div  style='height:50px' class='hr hr-invisible   avia-builder-el-6  el_after_av_one_full  el_before_av_social_share '><span class='hr-inner ' ><span class='hr-inner-style'><\/span><\/span><\/div><\/p>\n<div  class='av-social-sharing-box  avia-builder-el-7  el_after_av_hr  el_before_av_hr  '><div class='av-share-box'><h5 class='av-share-link-description av-no-toc '>Compartir esta noticia<\/h5><ul class='av-share-box-list noLightbox'><li class='av-share-link av-social-link-facebook' ><a target=\"_blank\" aria-label=\"Compartir en Facebook\" href='https:\/\/www.facebook.com\/sharer.php?u=https:\/\/radiorevelacionfm.cl\/?p=57005&#038;t=Gobierno%20Regional%20de%20Ays%C3%A9n%20entrega%2016%20buses%20a%20escuelas%20p%C3%BAblicas%20de%20la%20regi%C3%B3n' aria-hidden='false' data-av_icon='\ue8f3' data-av_iconfont='entypo-fontello' title='' data-avia-related-tooltip='Compartir en Facebook' rel=\"noopener\"><span class='avia_hidden_link_text'>Compartir en Facebook<\/span><\/a><\/li><li class='av-share-link av-social-link-twitter' ><a target=\"_blank\" aria-label=\"Compartir en Twitter\" href='https:\/\/twitter.com\/share?text=Gobierno%20Regional%20de%20Ays%C3%A9n%20entrega%2016%20buses%20a%20escuelas%20p%C3%BAblicas%20de%20la%20regi%C3%B3n&#038;url=https:\/\/radiorevelacionfm.cl\/?p=57005' aria-hidden='false' data-av_icon='\ue8f1' data-av_iconfont='entypo-fontello' title='' data-avia-related-tooltip='Compartir en Twitter' rel=\"noopener\"><span class='avia_hidden_link_text'>Compartir en Twitter<\/span><\/a><\/li><li class='av-share-link av-social-link-whatsapp' ><a target=\"_blank\" aria-label=\"Compartir en Whatsapp\" href='https:\/\/api.whatsapp.com\/send?text=https:\/\/radiorevelacionfm.cl\/?p=57005' aria-hidden='false' data-av_icon='\uf232' data-av_iconfont='entypo-fontello' title='' data-avia-related-tooltip='Compartir en Whatsapp' rel=\"noopener\"><span class='avia_hidden_link_text'>Compartir en Whatsapp<\/span><\/a><\/li><li class='av-share-link av-social-link-linkedin' ><a target=\"_blank\" aria-label=\"Compartir en LinkedIn\" href='https:\/\/linkedin.com\/shareArticle?mini=true&#038;title=Gobierno%20Regional%20de%20Ays%C3%A9n%20entrega%2016%20buses%20a%20escuelas%20p%C3%BAblicas%20de%20la%20regi%C3%B3n&#038;url=https:\/\/radiorevelacionfm.cl\/?p=57005' aria-hidden='false' data-av_icon='\ue8fc' data-av_iconfont='entypo-fontello' title='' data-avia-related-tooltip='Compartir en LinkedIn' rel=\"noopener\"><span class='avia_hidden_link_text'>Compartir en LinkedIn<\/span><\/a><\/li><li class='av-share-link av-social-link-mail' ><a  aria-label=\"Compartir por correo\" href='mailto:?subject=Gobierno%20Regional%20de%20Ays%C3%A9n%20entrega%2016%20buses%20a%20escuelas%20p%C3%BAblicas%20de%20la%20regi%C3%B3n&#038;body=https:\/\/radiorevelacionfm.cl\/?p=57005' aria-hidden='false' data-av_icon='\ue805' data-av_iconfont='entypo-fontello' title='' data-avia-related-tooltip='Compartir por correo'><span class='avia_hidden_link_text'>Compartir por correo<\/span><\/a><\/li><\/ul><\/div><\/div>\n<div  style='height:50px' class='hr hr-invisible   avia-builder-el-8  el_after_av_social_share  el_before_av_comments_list '><span class='hr-inner ' ><span class='hr-inner-style'><\/span><\/span><\/div>\n<div  class='av-buildercomment  av-blog-meta-html-info-disabled av-blog-meta-tag-disabled  '><\/div>\n","protected":false},"excerpt":{"rendered":"","protected":false},"author":1,"featured_media":57006,"comment_status":"closed","ping_status":"closed","sticky":false,"template":"","format":"standard","meta":{"footnotes":""},"categories":[38],"tags":[],"class_list":["post-57005","post","type-post","status-publish","format-standard","has-post-thumbnail","hentry","category-regional"],"jetpack_featured_media_url":"https:\/\/radiorevelacionfm.cl\/wp-content\/uploads\/2025\/07\/autoridades-y-slep-1_optimized.jpg","_links":{"self":[{"href":"https:\/\/radiorevelacionfm.cl\/index.php?rest_route=\/wp\/v2\/posts\/57005","targetHints":{"allow":["GET"]}}],"collection":[{"href":"https:\/\/radiorevelacionfm.cl\/index.php?rest_route=\/wp\/v2\/posts"}],"about":[{"href":"https:\/\/radiorevelacionfm.cl\/index.php?rest_route=\/wp\/v2\/types\/post"}],"author":[{"embeddable":true,"href":"https:\/\/radiorevelacionfm.cl\/index.php?rest_route=\/wp\/v2\/users\/1"}],"replies":[{"embeddable":true,"href":"https:\/\/radiorevelacionfm.cl\/index.php?rest_route=%2Fwp%2Fv2%2Fcomments&post=57005"}],"version-history":[{"count":2,"href":"https:\/\/radiorevelacionfm.cl\/index.php?rest_route=\/wp\/v2\/posts\/57005\/revisions"}],"predecessor-version":[{"id":57008,"href":"https:\/\/radiorevelacionfm.cl\/index.php?rest_route=\/wp\/v2\/posts\/57005\/revisions\/57008"}],"wp:featuredmedia":[{"embeddable":true,"href":"https:\/\/radiorevelacionfm.cl\/index.php?rest_route=\/wp\/v2\/media\/57006"}],"wp:attachment":[{"href":"https:\/\/radiorevelacionfm.cl\/index.php?rest_route=%2Fwp%2Fv2%2Fmedia&parent=57005"}],"wp:term":[{"taxonomy":"category","embeddable":true,"href":"https:\/\/radiorevelacionfm.cl\/index.php?rest_route=%2Fwp%2Fv2%2Fcategories&post=57005"},{"taxonomy":"post_tag","embeddable":true,"href":"https:\/\/radiorevelacionfm.cl\/index.php?rest_route=%2Fwp%2Fv2%2Ftags&post=57005"}],"curies":[{"name":"wp","href":"https:\/\/api.w.org\/{rel}","templated":true}]}}