{"id":56999,"date":"2025-07-27T21:01:09","date_gmt":"2025-07-28T00:01:09","guid":{"rendered":"https:\/\/radiorevelacionfm.cl\/?p=56999"},"modified":"2025-07-27T21:01:09","modified_gmt":"2025-07-28T00:01:09","slug":"sujeto-que-intento-atropellar-a-otro-conductor-fue-formalizado-y-quedo-en-prision-preventiva","status":"publish","type":"post","link":"https:\/\/radiorevelacionfm.cl\/?p=56999","title":{"rendered":"Sujeto que intent\u00f3 atropellar a otro conductor fue formalizado y qued\u00f3 en prisi\u00f3n preventiva"},"content":{"rendered":"<div class=\"flex_column av_one_full  flex_column_div av-zero-column-padding first  avia-builder-el-0  el_before_av_one_full  avia-builder-el-first  \" style='border-radius:0px; '><div  class='avia-image-container  av-styling-    avia-builder-el-1  avia-builder-el-no-sibling  avia-align-center '  itemprop=\"image\" itemscope=\"itemscope\" itemtype=\"https:\/\/schema.org\/ImageObject\"  ><div class='avia-image-container-inner'><div class='avia-image-overlay-wrap'><img decoding=\"async\" class='wp-image-44778 avia-img-lazy-loading-not-44778 avia_image' src=\"https:\/\/radiorevelacionfm.cl\/wp-content\/uploads\/2024\/08\/Detenido-generica-1-1.jpg\" alt='' title='Detenido-generica (1) (1)' height=\"600\" width=\"922\"  itemprop=\"thumbnailUrl\" srcset=\"https:\/\/radiorevelacionfm.cl\/wp-content\/uploads\/2024\/08\/Detenido-generica-1-1.jpg 922w, https:\/\/radiorevelacionfm.cl\/wp-content\/uploads\/2024\/08\/Detenido-generica-1-1-300x195.jpg 300w, https:\/\/radiorevelacionfm.cl\/wp-content\/uploads\/2024\/08\/Detenido-generica-1-1-768x500.jpg 768w, https:\/\/radiorevelacionfm.cl\/wp-content\/uploads\/2024\/08\/Detenido-generica-1-1-705x459.jpg 705w, https:\/\/radiorevelacionfm.cl\/wp-content\/uploads\/2024\/08\/Detenido-generica-1-1-450x293.jpg 450w, https:\/\/radiorevelacionfm.cl\/wp-content\/uploads\/2024\/08\/Detenido-generica-1-1-600x390.jpg 600w\" sizes=\"(max-width: 922px) 100vw, 922px\" \/><\/div><\/div><\/div><\/div><div class=\"flex_column av_one_full  flex_column_div av-zero-column-padding first  avia-builder-el-2  el_after_av_one_full  el_before_av_one_full  column-top-margin\" style='border-radius:0px; '><section class=\"av_textblock_section \"  itemscope=\"itemscope\" itemtype=\"https:\/\/schema.org\/BlogPosting\" itemprop=\"blogPost\" ><div class='avia_textblock  '   itemprop=\"text\" ><p style=\"text-align: center;\"><strong><span style=\"font-size: 18pt;\">Sujeto que intent\u00f3 atropellar a otro conductor fue formalizado y qued\u00f3 en prisi\u00f3n preventiva<\/span><\/strong><\/p>\n<div id=\"gtx-trans\" style=\"position: absolute; left: -50px; top: 4.31534px;\">\n<div class=\"gtx-trans-icon\"><\/div>\n<\/div>\n<\/div><\/section><\/div><div class=\"flex_column av_one_full  flex_column_div av-zero-column-padding first  avia-builder-el-4  el_after_av_one_full  el_before_av_hr  column-top-margin\" style='border-radius:0px; '><section class=\"av_textblock_section \"  itemscope=\"itemscope\" itemtype=\"https:\/\/schema.org\/BlogPosting\" itemprop=\"blogPost\" ><div class='avia_textblock  '   itemprop=\"text\" ><p style=\"text-align: justify;\">Un hombre de 23 a\u00f1os, fue detenido este viernes en Coyhaique, e imputado por homicidio tentado, quien habr\u00eda intentado atropellar al conductor de otro veh\u00edculo y amenazarlo de muerte.<\/p>\n<p style=\"text-align: justify;\">El fiscal, Luis Contreras, indic\u00f3 que se est\u00e1 investigando \u00abel delito de homicidio en grado de desarrollo de tentativa en perjuicio de una v\u00edctima de 21 a\u00f1os de edad, a quien el imputado previamente hab\u00eda realizado amenazas\u00bb.<\/p>\n<p style=\"text-align: justify;\">El persecutor penal, se\u00f1al\u00f3 que esto ocurri\u00f3 \u00aba trav\u00e9s de maniobras peligrosas desarrolladas con un furg\u00f3n de reparto de un restaurant de la ciudad, el cual procedi\u00f3 a impactar el veh\u00edculo de la v\u00edctima con una maniobra de retroceso, impactando la puerta del conductor cuando la v\u00edctima se bajaba del veh\u00edculo\u00bb.<\/p>\n<p style=\"text-align: justify;\">El fiscal Contreras a\u00f1adi\u00f3 que \u00absi bien es cierto la v\u00edctima result\u00f3 con lesiones de car\u00e1cter leve, se tom\u00f3 el contexto en el cual ocurrieron los hechos para calificar estos como delito de homicidio\u00bb.<\/p>\n<p style=\"text-align: justify;\">Por la calificaci\u00f3n del delito perseguido, la fiscal\u00eda \u00abpidi\u00f3 la prisi\u00f3n preventiva del imputado y el tribunal accedi\u00f3, otorgando un plazo de investigaci\u00f3n de 90 d\u00edas\u00bb, precis\u00f3 el Fiscal.<\/p>\n<\/div><\/section><\/div><div  style='height:50px' class='hr hr-invisible   avia-builder-el-6  el_after_av_one_full  el_before_av_social_share '><span class='hr-inner ' ><span class='hr-inner-style'><\/span><\/span><\/div><\/p>\n<div  class='av-social-sharing-box  avia-builder-el-7  el_after_av_hr  el_before_av_hr  '><div class='av-share-box'><h5 class='av-share-link-description av-no-toc '>Compartir esta noticia<\/h5><ul class='av-share-box-list noLightbox'><li class='av-share-link av-social-link-facebook' ><a target=\"_blank\" aria-label=\"Compartir en Facebook\" href='https:\/\/www.facebook.com\/sharer.php?u=https:\/\/radiorevelacionfm.cl\/?p=56999&#038;t=Sujeto%20que%20intent%C3%B3%20atropellar%20a%20otro%20conductor%20fue%20formalizado%20y%20qued%C3%B3%20en%20prisi%C3%B3n%20preventiva' aria-hidden='false' data-av_icon='\ue8f3' data-av_iconfont='entypo-fontello' title='' data-avia-related-tooltip='Compartir en Facebook' rel=\"noopener\"><span class='avia_hidden_link_text'>Compartir en Facebook<\/span><\/a><\/li><li class='av-share-link av-social-link-twitter' ><a target=\"_blank\" aria-label=\"Compartir en Twitter\" href='https:\/\/twitter.com\/share?text=Sujeto%20que%20intent%C3%B3%20atropellar%20a%20otro%20conductor%20fue%20formalizado%20y%20qued%C3%B3%20en%20prisi%C3%B3n%20preventiva&#038;url=https:\/\/radiorevelacionfm.cl\/?p=56999' aria-hidden='false' data-av_icon='\ue8f1' data-av_iconfont='entypo-fontello' title='' data-avia-related-tooltip='Compartir en Twitter' rel=\"noopener\"><span class='avia_hidden_link_text'>Compartir en Twitter<\/span><\/a><\/li><li class='av-share-link av-social-link-whatsapp' ><a target=\"_blank\" aria-label=\"Compartir en Whatsapp\" href='https:\/\/api.whatsapp.com\/send?text=https:\/\/radiorevelacionfm.cl\/?p=56999' aria-hidden='false' data-av_icon='\uf232' data-av_iconfont='entypo-fontello' title='' data-avia-related-tooltip='Compartir en Whatsapp' rel=\"noopener\"><span class='avia_hidden_link_text'>Compartir en Whatsapp<\/span><\/a><\/li><li class='av-share-link av-social-link-linkedin' ><a target=\"_blank\" aria-label=\"Compartir en LinkedIn\" href='https:\/\/linkedin.com\/shareArticle?mini=true&#038;title=Sujeto%20que%20intent%C3%B3%20atropellar%20a%20otro%20conductor%20fue%20formalizado%20y%20qued%C3%B3%20en%20prisi%C3%B3n%20preventiva&#038;url=https:\/\/radiorevelacionfm.cl\/?p=56999' aria-hidden='false' data-av_icon='\ue8fc' data-av_iconfont='entypo-fontello' title='' data-avia-related-tooltip='Compartir en LinkedIn' rel=\"noopener\"><span class='avia_hidden_link_text'>Compartir en LinkedIn<\/span><\/a><\/li><li class='av-share-link av-social-link-mail' ><a  aria-label=\"Compartir por correo\" href='mailto:?subject=Sujeto%20que%20intent%C3%B3%20atropellar%20a%20otro%20conductor%20fue%20formalizado%20y%20qued%C3%B3%20en%20prisi%C3%B3n%20preventiva&#038;body=https:\/\/radiorevelacionfm.cl\/?p=56999' aria-hidden='false' data-av_icon='\ue805' data-av_iconfont='entypo-fontello' title='' data-avia-related-tooltip='Compartir por correo'><span class='avia_hidden_link_text'>Compartir por correo<\/span><\/a><\/li><\/ul><\/div><\/div>\n<div  style='height:50px' class='hr hr-invisible   avia-builder-el-8  el_after_av_social_share  el_before_av_comments_list '><span class='hr-inner ' ><span class='hr-inner-style'><\/span><\/span><\/div>\n<div  class='av-buildercomment  av-blog-meta-html-info-disabled av-blog-meta-tag-disabled  '><\/div>\n","protected":false},"excerpt":{"rendered":"","protected":false},"author":1,"featured_media":44778,"comment_status":"closed","ping_status":"closed","sticky":false,"template":"","format":"standard","meta":{"footnotes":""},"categories":[36],"tags":[],"class_list":["post-56999","post","type-post","status-publish","format-standard","has-post-thumbnail","hentry","category-policial"],"jetpack_featured_media_url":"https:\/\/radiorevelacionfm.cl\/wp-content\/uploads\/2024\/08\/Detenido-generica-1-1.jpg","_links":{"self":[{"href":"https:\/\/radiorevelacionfm.cl\/index.php?rest_route=\/wp\/v2\/posts\/56999","targetHints":{"allow":["GET"]}}],"collection":[{"href":"https:\/\/radiorevelacionfm.cl\/index.php?rest_route=\/wp\/v2\/posts"}],"about":[{"href":"https:\/\/radiorevelacionfm.cl\/index.php?rest_route=\/wp\/v2\/types\/post"}],"author":[{"embeddable":true,"href":"https:\/\/radiorevelacionfm.cl\/index.php?rest_route=\/wp\/v2\/users\/1"}],"replies":[{"embeddable":true,"href":"https:\/\/radiorevelacionfm.cl\/index.php?rest_route=%2Fwp%2Fv2%2Fcomments&post=56999"}],"version-history":[{"count":2,"href":"https:\/\/radiorevelacionfm.cl\/index.php?rest_route=\/wp\/v2\/posts\/56999\/revisions"}],"predecessor-version":[{"id":57003,"href":"https:\/\/radiorevelacionfm.cl\/index.php?rest_route=\/wp\/v2\/posts\/56999\/revisions\/57003"}],"wp:featuredmedia":[{"embeddable":true,"href":"https:\/\/radiorevelacionfm.cl\/index.php?rest_route=\/wp\/v2\/media\/44778"}],"wp:attachment":[{"href":"https:\/\/radiorevelacionfm.cl\/index.php?rest_route=%2Fwp%2Fv2%2Fmedia&parent=56999"}],"wp:term":[{"taxonomy":"category","embeddable":true,"href":"https:\/\/radiorevelacionfm.cl\/index.php?rest_route=%2Fwp%2Fv2%2Fcategories&post=56999"},{"taxonomy":"post_tag","embeddable":true,"href":"https:\/\/radiorevelacionfm.cl\/index.php?rest_route=%2Fwp%2Fv2%2Ftags&post=56999"}],"curies":[{"name":"wp","href":"https:\/\/api.w.org\/{rel}","templated":true}]}}