{"id":56996,"date":"2025-07-28T10:14:59","date_gmt":"2025-07-28T13:14:59","guid":{"rendered":"https:\/\/radiorevelacionfm.cl\/?p=56996"},"modified":"2025-07-28T10:14:59","modified_gmt":"2025-07-28T13:14:59","slug":"presentes-contra-la-violencia-mineduc-convoca-a-jornada-nacional-de-reflexion-en-todos-los-establecimientos-educacionales-del-pais","status":"publish","type":"post","link":"https:\/\/radiorevelacionfm.cl\/?p=56996","title":{"rendered":"\u00abPresentes contra la violencia\u00bb: Mineduc convoca a jornada nacional de reflexi\u00f3n en todos los establecimientos educacionales del pa\u00eds"},"content":{"rendered":"<div class=\"flex_column av_one_full  flex_column_div av-zero-column-padding first  avia-builder-el-0  el_before_av_one_full  avia-builder-el-first  \" style='border-radius:0px; '><div  class='avia-image-container  av-styling-    avia-builder-el-1  avia-builder-el-no-sibling  avia-align-center '  itemprop=\"image\" itemscope=\"itemscope\" itemtype=\"https:\/\/schema.org\/ImageObject\"  ><div class='avia-image-container-inner'><div class='avia-image-overlay-wrap'><img decoding=\"async\" class='wp-image-56997 avia-img-lazy-loading-not-56997 avia_image' src=\"https:\/\/radiorevelacionfm.cl\/wp-content\/uploads\/2025\/07\/Seremi-katherine-Miqueles-1-1.jpeg\" alt='' title='Seremi-katherine-Miqueles (1) (1)' height=\"600\" width=\"898\"  itemprop=\"thumbnailUrl\" srcset=\"https:\/\/radiorevelacionfm.cl\/wp-content\/uploads\/2025\/07\/Seremi-katherine-Miqueles-1-1.jpeg 898w, https:\/\/radiorevelacionfm.cl\/wp-content\/uploads\/2025\/07\/Seremi-katherine-Miqueles-1-1-300x200.jpeg 300w, https:\/\/radiorevelacionfm.cl\/wp-content\/uploads\/2025\/07\/Seremi-katherine-Miqueles-1-1-768x513.jpeg 768w, https:\/\/radiorevelacionfm.cl\/wp-content\/uploads\/2025\/07\/Seremi-katherine-Miqueles-1-1-705x471.jpeg 705w, https:\/\/radiorevelacionfm.cl\/wp-content\/uploads\/2025\/07\/Seremi-katherine-Miqueles-1-1-450x301.jpeg 450w, https:\/\/radiorevelacionfm.cl\/wp-content\/uploads\/2025\/07\/Seremi-katherine-Miqueles-1-1-600x401.jpeg 600w\" sizes=\"(max-width: 898px) 100vw, 898px\" \/><\/div><\/div><\/div><\/div><div class=\"flex_column av_one_full  flex_column_div av-zero-column-padding first  avia-builder-el-2  el_after_av_one_full  el_before_av_one_full  column-top-margin\" style='border-radius:0px; '><section class=\"av_textblock_section \"  itemscope=\"itemscope\" itemtype=\"https:\/\/schema.org\/BlogPosting\" itemprop=\"blogPost\" ><div class='avia_textblock  '   itemprop=\"text\" ><p style=\"text-align: center;\"><span style=\"font-size: 18pt;\"><b>\u00abPresentes contra la violencia\u00bb: Mineduc convoca a jornada nacional de reflexi\u00f3n en todos los establecimientos educacionales del pa\u00eds<\/b><\/span><\/p>\n<div id=\"gtx-trans\" style=\"position: absolute; left: -50px; top: 4.31534px;\">\n<div class=\"gtx-trans-icon\"><\/div>\n<\/div>\n<\/div><\/section><\/div><div class=\"flex_column av_one_full  flex_column_div av-zero-column-padding first  avia-builder-el-4  el_after_av_one_full  el_before_av_hr  column-top-margin\" style='border-radius:0px; '><section class=\"av_textblock_section \"  itemscope=\"itemscope\" itemtype=\"https:\/\/schema.org\/BlogPosting\" itemprop=\"blogPost\" ><div class='avia_textblock  '   itemprop=\"text\" ><p class=\"v1gmail-MsoListParagraphCxSpFirst\" style=\"text-align: justify;\" align=\"center\"><i>La\u00a0<\/i>Seremi de Educaci\u00f3n Katherine Miqueles invit\u00f3 a los colegios de Ays\u00e9n a sumarse el\u00a0<i>mi\u00e9rcoles 30 de julio a este espacio de reflexi\u00f3n y propuesta que busca avanzar en acciones que erradiquen la violencia de los espacios educativos.<\/i><\/p>\n<p class=\"v1MsoNormal\" style=\"text-align: justify;\">Atendiendo a lamentables episodios ocurridos durante el a\u00f1o en algunos establecimientos educacionales y sus entornos, el Ministerio de Educaci\u00f3n convoca a la\u00a0Jornada Nacional \u00abPresentes contra la violencia\u00bb, que se realizar\u00e1 el mi\u00e9rcoles 30 de julio, y en la que las y los estudiantes, y todos los integrantes de cada comunidad educativa, podr\u00e1n reflexionar y comprometerse con la construcci\u00f3n de espacios educativos de cuidado y bienestar.<\/p>\n<p class=\"v1MsoNormal\" style=\"text-align: justify;\">La convocatoria es para todos los establecimientos educacionales del pa\u00eds, sin distinci\u00f3n de dependencia (municipales, SLEP, particulares subvencionados, particulares pagados), para que de manera voluntaria generen espacios de conversaci\u00f3n, sensibilizaci\u00f3n y compromiso activo desde las comunidades educativas contra la violencia.<\/p>\n<p class=\"v1MsoNormal\" style=\"text-align: justify;\">La jornada, que ocupar\u00e1 entre dos y tres horas pedag\u00f3gicas, contar\u00e1 con actividades diferenciadas, seg\u00fan la edad de las y los estudiantes, desde p\u00e1rvulos de jardines infantiles (nivel medio mayor) hasta estudiantes de 4\u00b0 medio.<\/p>\n<p class=\"v1MsoNormal\" style=\"text-align: justify;\">Para ello el Mineduc habilit\u00f3 el sitio\u00a0<a href=\"https:\/\/presentescontralaviolencia.mineduc.cl\/\" target=\"_blank\" rel=\"noopener noreferrer\">presentescontralaviolencia.mineduc.cl<\/a>, \u00a0donde se pondr\u00e1n a disposici\u00f3n pr\u00f3ximamente las propuestas metodol\u00f3gicas para que las comunidades educativas realicen su jornada de acuerdo a sus necesidades y matr\u00edcula. El material estar\u00e1 pensado para cuatro grupos educativos: nivel medio mayor; prek\u00ednder a 2\u00b0 b\u00e1sico; 3\u00b0 b\u00e1sico a 6\u00b0 b\u00e1sico; y 7\u00b0 b\u00e1sico a 4\u00b0 medio. Tambi\u00e9n habr\u00e1 material para trabajar con madres, padres y apoderados.<\/p>\n<p class=\"v1MsoNormal\" style=\"text-align: justify;\">El ministro de Educaci\u00f3n, Nicol\u00e1s Cataldo, explic\u00f3 que \u00abnuestro pa\u00eds atraviesa por un momento complejo, que tiene que ver con el deterioro de la convivencia, con c\u00f3mo nos relacionamos entre nosotros. Necesitamos de forma urgente conversar sobre nuestras diferencias, y por eso es que convocamos a todas las comunidades educativas del pa\u00eds a reflexionar sobre el impacto de la violencia en nuestras vidas, y a buscar mecanismos que nos permitan contar con espacios educativos que promuevan el bienestar\u00bb.<\/p>\n<p class=\"v1MsoNormal\" style=\"text-align: justify;\">En esa misma l\u00ednea, la Seremi de Educaci\u00f3n de Ays\u00e9n Katherine Miqueles invit\u00f3 a los colegios de Ays\u00e9n a sumarse a este espacio de reflexi\u00f3n y propuesta que busca avanzar en acciones que erradiquen la violencia de los espacios educativos.<\/p>\n<p class=\"v1MsoNormal\" style=\"text-align: justify;\">\u00abComo Ministerio hemos puesto a disposici\u00f3n de los establecimientos diversas propuestas metodol\u00f3gicas para orientar la realizaci\u00f3n exitosa de esta actividad, las cuales se ajustan al nivel educativo en el que se desarrollar\u00e1, permitiendo adem\u00e1s su adecuaci\u00f3n a las necesidades y particularidades existentes en las comunidades. Del mismo modo, se enviar\u00e1n insumos para que equipos directivos y docentes preparen la jornada adecuadamente. Con el objetivo de ampliar el alcance de esta actividad, su mensaje y el compromiso con las acciones que desarrollan los establecimientos en esta l\u00ednea de trabajo se ha elaborado material para que, con posterioridad, los establecimientos que as\u00ed lo decidan puedan trabajar con madres, padres y apoderadas\/os tambi\u00e9n sobre este tema\u00bb.<\/p>\n<p class=\"v1MsoNormal\" style=\"text-align: justify;\"><b>Acciones por la convivencia educativa<\/b><\/p>\n<p class=\"v1MsoNormal\" style=\"text-align: justify;\">La Jornada Nacional \u00abPresentes contra la violencia\u00bb se suma a distintas acciones que el Mineduc ha impulsado en esta materia. Una de ellas es el\u00a0proyecto de ley de convivencia, buen trato y bienestar de las comunidades educativas, que est\u00e1 en tramitaci\u00f3n en el Congreso y que propone un nuevo est\u00e1ndar para la gesti\u00f3n interna de la convivencia, recogiendo propuestas de otras mociones presentadas a prop\u00f3sito de los tr\u00e1gicos casos de los estudiantes Katy Winter y Jos\u00e9 Mat\u00edas, y de la profesora de Antofagasta Katherine Yoma.<\/p>\n<p class=\"v1MsoNormal\" style=\"text-align: justify;\">Otra iniciativa es el\u00a0Programa Comunidades Educativas Protegidas, que se enfoca en la prevenci\u00f3n y abordaje de la violencia en contextos educativos de 66 comunas priorizadas, trabajando para fortalecer la convivencia escolar y promover el bienestar socioemocional.<\/p>\n<p class=\"v1MsoNormal\" style=\"text-align: justify;\">Tambi\u00e9n se est\u00e1n implementando los\u00a0Patrullajes Preventivos Inteligentes\u00a0en entornos educativos, en 44 comunas priorizadas del pa\u00eds, una innovadora soluci\u00f3n tecnol\u00f3gica que utiliza inteligencia artificial para optimizar la seguridad alrededor de establecimientos educacionales, usando una plataforma de gesti\u00f3n operativa desarrollada por la Subsecretar\u00eda de Prevenci\u00f3n del Delito.<\/p>\n<p style=\"text-align: justify;\">Adem\u00e1s, el Mineduc est\u00e1 aplicando el\u00a0Programa A Convivir se Aprende, que fortalece los equipos de gesti\u00f3n y de convivencia escolar de los establecimientos subvencionados para prevenir situaciones de violencia, que el a\u00f1o pasado trabaj\u00f3 en 149 comunas, apoyando a m\u00e1s de 1.760 comunidades educativas; y el\u00a0Programa Habilidades para la Vida, que busca promover el autocuidado, el bienestar y la convivencia dentro de las comunidades educativas, beneficiando el a\u00f1o pasado a 747.495 estudiantes desde prek\u00ednder a IV medio\u00a0. Y en mayo de 2024 se actualiz\u00f3 la\u00a0Pol\u00edtica Nacional de Convivencia Educativa, instrumento que establece un nuevo marco de acci\u00f3n respecto al aprendizaje socioemocional.<\/p>\n<\/div><\/section><\/div><div  style='height:50px' class='hr hr-invisible   avia-builder-el-6  el_after_av_one_full  el_before_av_social_share '><span class='hr-inner ' ><span class='hr-inner-style'><\/span><\/span><\/div><\/p>\n<div  class='av-social-sharing-box  avia-builder-el-7  el_after_av_hr  el_before_av_hr  '><div class='av-share-box'><h5 class='av-share-link-description av-no-toc '>Compartir esta noticia<\/h5><ul class='av-share-box-list noLightbox'><li class='av-share-link av-social-link-facebook' ><a target=\"_blank\" aria-label=\"Compartir en Facebook\" href='https:\/\/www.facebook.com\/sharer.php?u=https:\/\/radiorevelacionfm.cl\/?p=56996&#038;t=%C2%ABPresentes%20contra%20la%20violencia%C2%BB%3A%20Mineduc%20convoca%20a%20jornada%20nacional%20de%20reflexi%C3%B3n%20en%20todos%20los%20establecimientos%20educacionales%20del%20pa%C3%ADs' aria-hidden='false' data-av_icon='\ue8f3' data-av_iconfont='entypo-fontello' title='' data-avia-related-tooltip='Compartir en Facebook' rel=\"noopener\"><span class='avia_hidden_link_text'>Compartir en Facebook<\/span><\/a><\/li><li class='av-share-link av-social-link-twitter' ><a target=\"_blank\" aria-label=\"Compartir en Twitter\" href='https:\/\/twitter.com\/share?text=%C2%ABPresentes%20contra%20la%20violencia%C2%BB%3A%20Mineduc%20convoca%20a%20jornada%20nacional%20de%20reflexi%C3%B3n%20en%20todos%20los%20establecimientos%20educacionales%20del%20pa%C3%ADs&#038;url=https:\/\/radiorevelacionfm.cl\/?p=56996' aria-hidden='false' data-av_icon='\ue8f1' data-av_iconfont='entypo-fontello' title='' data-avia-related-tooltip='Compartir en Twitter' rel=\"noopener\"><span class='avia_hidden_link_text'>Compartir en Twitter<\/span><\/a><\/li><li class='av-share-link av-social-link-whatsapp' ><a target=\"_blank\" aria-label=\"Compartir en Whatsapp\" href='https:\/\/api.whatsapp.com\/send?text=https:\/\/radiorevelacionfm.cl\/?p=56996' aria-hidden='false' data-av_icon='\uf232' data-av_iconfont='entypo-fontello' title='' data-avia-related-tooltip='Compartir en Whatsapp' rel=\"noopener\"><span class='avia_hidden_link_text'>Compartir en Whatsapp<\/span><\/a><\/li><li class='av-share-link av-social-link-linkedin' ><a target=\"_blank\" aria-label=\"Compartir en LinkedIn\" href='https:\/\/linkedin.com\/shareArticle?mini=true&#038;title=%C2%ABPresentes%20contra%20la%20violencia%C2%BB%3A%20Mineduc%20convoca%20a%20jornada%20nacional%20de%20reflexi%C3%B3n%20en%20todos%20los%20establecimientos%20educacionales%20del%20pa%C3%ADs&#038;url=https:\/\/radiorevelacionfm.cl\/?p=56996' aria-hidden='false' data-av_icon='\ue8fc' data-av_iconfont='entypo-fontello' title='' data-avia-related-tooltip='Compartir en LinkedIn' rel=\"noopener\"><span class='avia_hidden_link_text'>Compartir en LinkedIn<\/span><\/a><\/li><li class='av-share-link av-social-link-mail' ><a  aria-label=\"Compartir por correo\" href='mailto:?subject=%C2%ABPresentes%20contra%20la%20violencia%C2%BB%3A%20Mineduc%20convoca%20a%20jornada%20nacional%20de%20reflexi%C3%B3n%20en%20todos%20los%20establecimientos%20educacionales%20del%20pa%C3%ADs&#038;body=https:\/\/radiorevelacionfm.cl\/?p=56996' aria-hidden='false' data-av_icon='\ue805' data-av_iconfont='entypo-fontello' title='' data-avia-related-tooltip='Compartir por correo'><span class='avia_hidden_link_text'>Compartir por correo<\/span><\/a><\/li><\/ul><\/div><\/div>\n<div  style='height:50px' class='hr hr-invisible   avia-builder-el-8  el_after_av_social_share  el_before_av_comments_list '><span class='hr-inner ' ><span class='hr-inner-style'><\/span><\/span><\/div>\n<div  class='av-buildercomment  av-blog-meta-html-info-disabled av-blog-meta-tag-disabled  '><\/div>\n","protected":false},"excerpt":{"rendered":"","protected":false},"author":1,"featured_media":56997,"comment_status":"closed","ping_status":"closed","sticky":false,"template":"","format":"standard","meta":{"footnotes":""},"categories":[49],"tags":[],"class_list":["post-56996","post","type-post","status-publish","format-standard","has-post-thumbnail","hentry","category-educacion"],"jetpack_featured_media_url":"https:\/\/radiorevelacionfm.cl\/wp-content\/uploads\/2025\/07\/Seremi-katherine-Miqueles-1-1.jpeg","_links":{"self":[{"href":"https:\/\/radiorevelacionfm.cl\/index.php?rest_route=\/wp\/v2\/posts\/56996","targetHints":{"allow":["GET"]}}],"collection":[{"href":"https:\/\/radiorevelacionfm.cl\/index.php?rest_route=\/wp\/v2\/posts"}],"about":[{"href":"https:\/\/radiorevelacionfm.cl\/index.php?rest_route=\/wp\/v2\/types\/post"}],"author":[{"embeddable":true,"href":"https:\/\/radiorevelacionfm.cl\/index.php?rest_route=\/wp\/v2\/users\/1"}],"replies":[{"embeddable":true,"href":"https:\/\/radiorevelacionfm.cl\/index.php?rest_route=%2Fwp%2Fv2%2Fcomments&post=56996"}],"version-history":[{"count":2,"href":"https:\/\/radiorevelacionfm.cl\/index.php?rest_route=\/wp\/v2\/posts\/56996\/revisions"}],"predecessor-version":[{"id":57004,"href":"https:\/\/radiorevelacionfm.cl\/index.php?rest_route=\/wp\/v2\/posts\/56996\/revisions\/57004"}],"wp:featuredmedia":[{"embeddable":true,"href":"https:\/\/radiorevelacionfm.cl\/index.php?rest_route=\/wp\/v2\/media\/56997"}],"wp:attachment":[{"href":"https:\/\/radiorevelacionfm.cl\/index.php?rest_route=%2Fwp%2Fv2%2Fmedia&parent=56996"}],"wp:term":[{"taxonomy":"category","embeddable":true,"href":"https:\/\/radiorevelacionfm.cl\/index.php?rest_route=%2Fwp%2Fv2%2Fcategories&post=56996"},{"taxonomy":"post_tag","embeddable":true,"href":"https:\/\/radiorevelacionfm.cl\/index.php?rest_route=%2Fwp%2Fv2%2Ftags&post=56996"}],"curies":[{"name":"wp","href":"https:\/\/api.w.org\/{rel}","templated":true}]}}