{"id":56992,"date":"2025-07-27T20:09:22","date_gmt":"2025-07-27T23:09:22","guid":{"rendered":"https:\/\/radiorevelacionfm.cl\/?p=56992"},"modified":"2025-07-27T20:09:22","modified_gmt":"2025-07-27T23:09:22","slug":"en-el-dia-del-camionero-reafirmamos-este-rol-estrategico-en-el-desarrollo-de-aysen","status":"publish","type":"post","link":"https:\/\/radiorevelacionfm.cl\/?p=56992","title":{"rendered":"En el D\u00eda del Camionero, reafirmamos este rol estrat\u00e9gico en el desarrollo de Ays\u00e9n"},"content":{"rendered":"<div class=\"flex_column av_one_full  flex_column_div av-zero-column-padding first  avia-builder-el-0  el_before_av_one_full  avia-builder-el-first  \" style='border-radius:0px; '><div  class='avia-image-container  av-styling-    avia-builder-el-1  avia-builder-el-no-sibling  avia-align-center '  itemprop=\"image\" itemscope=\"itemscope\" itemtype=\"https:\/\/schema.org\/ImageObject\"  ><div class='avia-image-container-inner'><div class='avia-image-overlay-wrap'><img decoding=\"async\" class='wp-image-56993 avia-img-lazy-loading-not-56993 avia_image' src=\"https:\/\/radiorevelacionfm.cl\/wp-content\/uploads\/2025\/07\/dd1aa9ea-a8b2-4f76-99dd-14a31aecd7b3-1-1.jpeg\" alt='' title='dd1aa9ea-a8b2-4f76-99dd-14a31aecd7b3 (1) (1)' height=\"600\" width=\"899\"  itemprop=\"thumbnailUrl\" srcset=\"https:\/\/radiorevelacionfm.cl\/wp-content\/uploads\/2025\/07\/dd1aa9ea-a8b2-4f76-99dd-14a31aecd7b3-1-1.jpeg 899w, https:\/\/radiorevelacionfm.cl\/wp-content\/uploads\/2025\/07\/dd1aa9ea-a8b2-4f76-99dd-14a31aecd7b3-1-1-300x200.jpeg 300w, https:\/\/radiorevelacionfm.cl\/wp-content\/uploads\/2025\/07\/dd1aa9ea-a8b2-4f76-99dd-14a31aecd7b3-1-1-768x513.jpeg 768w, https:\/\/radiorevelacionfm.cl\/wp-content\/uploads\/2025\/07\/dd1aa9ea-a8b2-4f76-99dd-14a31aecd7b3-1-1-705x471.jpeg 705w, https:\/\/radiorevelacionfm.cl\/wp-content\/uploads\/2025\/07\/dd1aa9ea-a8b2-4f76-99dd-14a31aecd7b3-1-1-450x300.jpeg 450w, https:\/\/radiorevelacionfm.cl\/wp-content\/uploads\/2025\/07\/dd1aa9ea-a8b2-4f76-99dd-14a31aecd7b3-1-1-600x400.jpeg 600w\" sizes=\"(max-width: 899px) 100vw, 899px\" \/><\/div><\/div><\/div><\/div><div class=\"flex_column av_one_full  flex_column_div av-zero-column-padding first  avia-builder-el-2  el_after_av_one_full  el_before_av_one_full  column-top-margin\" style='border-radius:0px; '><section class=\"av_textblock_section \"  itemscope=\"itemscope\" itemtype=\"https:\/\/schema.org\/BlogPosting\" itemprop=\"blogPost\" ><div class='avia_textblock  '   itemprop=\"text\" ><p style=\"text-align: center;\"><span style=\"font-size: 18pt;\"><strong>En el D\u00eda del Camionero, reafirmamos este rol estrat\u00e9gico en el desarrollo de Ays\u00e9n<\/strong><\/span><\/p>\n<div id=\"gtx-trans\" style=\"position: absolute; left: -50px; top: 4.31534px;\">\n<div class=\"gtx-trans-icon\"><\/div>\n<\/div>\n<\/div><\/section><\/div><div class=\"flex_column av_one_full  flex_column_div av-zero-column-padding first  avia-builder-el-4  el_after_av_one_full  el_before_av_hr  column-top-margin\" style='border-radius:0px; '><section class=\"av_textblock_section \"  itemscope=\"itemscope\" itemtype=\"https:\/\/schema.org\/BlogPosting\" itemprop=\"blogPost\" ><div class='avia_textblock  '   itemprop=\"text\" ><p style=\"text-align: justify;\"><em>Por Marcelo Santana Vargas, Gobernador Regional de Ays\u00e9n<\/em><\/p>\n<p style=\"text-align: justify;\">Seg\u00fan informaci\u00f3n proporcionada por la Asociaci\u00f3n Gremial de Camioneros Ays\u00e9n Chacabuco (Agrecach), pr\u00e1cticamente la totalidad del abastecimiento regional depende del transporte terrestre de carga. Esto implica que cada producto que llega a una de nuestras 10 comunas \u2014desde alimentos y combustibles hasta insumos m\u00e9dicos o materiales de construcci\u00f3n\u2014 depende directamente del trabajo de los transportistas.<\/p>\n<p style=\"text-align: justify;\">En este contexto, el transporte terrestre de carga no solo cumple un rol operativo, sino que se trata de un eje estrat\u00e9gico para la econom\u00eda regional.<\/p>\n<p style=\"text-align: justify;\">A trav\u00e9s de rutas complejas y extensas,\u00a0 recorren aproximadamente unos 1.200 kil\u00f3metros para abastecer localidades como Cochrane, Villa O\u2019Higgins o Melinka, desde centros log\u00edsticos como Santiago, Temuco o Puerto Montt, superando inclemencias del clima y los largos tramos en solitario para abastecer a un centenar de localidades, muchas de ellas de dif\u00edcil acceso y sin alternativas a\u00e9reas o mar\u00edtimas permanentes.<\/p>\n<p style=\"text-align: justify;\">En un pa\u00eds donde el transporte ferroviario es inexistente, y el mar\u00edtimo complementa, el rol de los transportistas en el abastecimiento es fundamental para el funcionamiento y desarrollo de la actividad diaria de m\u00e1s de 100 mil habitantes en la Regi\u00f3n de Ays\u00e9n, convirti\u00e9ndose en una contribuci\u00f3n concreta no solo al desarrollo productivo sino que tambi\u00e9n a la soberan\u00eda nacional.<\/p>\n<p style=\"text-align: justify;\">En este mismo sentido, como Gobierno Regional hemos puesto \u00e9nfasis en la necesidad de avanzar en el programa Chile por Chile para fortalecer la conectividad y el desarrollo integral del 42% del territorio nacional comprendido entre las regiones de los Lagos, Magallanes y Ays\u00e9n.<\/p>\n<p style=\"text-align: justify;\">Asimismo, otro de nuestros focos ha sido la pavimentaci\u00f3n de la Carretera Austral, sobre la cual est\u00e1 contemplado avanzar 235 kil\u00f3metros en el plazo de diez a\u00f1os en el marco del Plan de Desarrollo de Zonas Extremas.<\/p>\n<p style=\"text-align: justify;\">Actualmente, m\u00e1s del 30% de las mercanc\u00edas que ingresan a Ays\u00e9n deben hacerlo a trav\u00e9s de pasos internacionales o tramos mar\u00edtimos, debido a la discontinuidad de la Carretera Austral y la falta de una red vial continua. Como regi\u00f3n hemos propuesto avances en esta materia que permitan el desarrollo de esta actividad fundamental para Ays\u00e9n.<\/p>\n<p style=\"text-align: justify;\">En este D\u00eda del Camionero, como Gobierno Regional reconocemos el rol estrat\u00e9gico de propietarios y trabajadores del transporte terrestre en nuestra econom\u00eda y renovamos el compromiso de avanzar en soluciones concretas para mejorar la infraestructura, la conectividad, las condiciones laborales de quienes mueven Ays\u00e9n, y, con esto, mejorar la calidad de vida de miles de personas que hacemos soberan\u00eda en este extremo del pa\u00eds.<\/p>\n<\/div><\/section><\/div><div  style='height:50px' class='hr hr-invisible   avia-builder-el-6  el_after_av_one_full  el_before_av_social_share '><span class='hr-inner ' ><span class='hr-inner-style'><\/span><\/span><\/div><\/p>\n<div  class='av-social-sharing-box  avia-builder-el-7  el_after_av_hr  el_before_av_hr  '><div class='av-share-box'><h5 class='av-share-link-description av-no-toc '>Compartir esta noticia<\/h5><ul class='av-share-box-list noLightbox'><li class='av-share-link av-social-link-facebook' ><a target=\"_blank\" aria-label=\"Compartir en Facebook\" href='https:\/\/www.facebook.com\/sharer.php?u=https:\/\/radiorevelacionfm.cl\/?p=56992&#038;t=En%20el%20D%C3%ADa%20del%20Camionero%2C%20reafirmamos%20este%20rol%20estrat%C3%A9gico%20en%20el%20desarrollo%20de%20Ays%C3%A9n' aria-hidden='false' data-av_icon='\ue8f3' data-av_iconfont='entypo-fontello' title='' data-avia-related-tooltip='Compartir en Facebook' rel=\"noopener\"><span class='avia_hidden_link_text'>Compartir en Facebook<\/span><\/a><\/li><li class='av-share-link av-social-link-twitter' ><a target=\"_blank\" aria-label=\"Compartir en Twitter\" href='https:\/\/twitter.com\/share?text=En%20el%20D%C3%ADa%20del%20Camionero%2C%20reafirmamos%20este%20rol%20estrat%C3%A9gico%20en%20el%20desarrollo%20de%20Ays%C3%A9n&#038;url=https:\/\/radiorevelacionfm.cl\/?p=56992' aria-hidden='false' data-av_icon='\ue8f1' data-av_iconfont='entypo-fontello' title='' data-avia-related-tooltip='Compartir en Twitter' rel=\"noopener\"><span class='avia_hidden_link_text'>Compartir en Twitter<\/span><\/a><\/li><li class='av-share-link av-social-link-whatsapp' ><a target=\"_blank\" aria-label=\"Compartir en Whatsapp\" href='https:\/\/api.whatsapp.com\/send?text=https:\/\/radiorevelacionfm.cl\/?p=56992' aria-hidden='false' data-av_icon='\uf232' data-av_iconfont='entypo-fontello' title='' data-avia-related-tooltip='Compartir en Whatsapp' rel=\"noopener\"><span class='avia_hidden_link_text'>Compartir en Whatsapp<\/span><\/a><\/li><li class='av-share-link av-social-link-linkedin' ><a target=\"_blank\" aria-label=\"Compartir en LinkedIn\" href='https:\/\/linkedin.com\/shareArticle?mini=true&#038;title=En%20el%20D%C3%ADa%20del%20Camionero%2C%20reafirmamos%20este%20rol%20estrat%C3%A9gico%20en%20el%20desarrollo%20de%20Ays%C3%A9n&#038;url=https:\/\/radiorevelacionfm.cl\/?p=56992' aria-hidden='false' data-av_icon='\ue8fc' data-av_iconfont='entypo-fontello' title='' data-avia-related-tooltip='Compartir en LinkedIn' rel=\"noopener\"><span class='avia_hidden_link_text'>Compartir en LinkedIn<\/span><\/a><\/li><li class='av-share-link av-social-link-mail' ><a  aria-label=\"Compartir por correo\" href='mailto:?subject=En%20el%20D%C3%ADa%20del%20Camionero%2C%20reafirmamos%20este%20rol%20estrat%C3%A9gico%20en%20el%20desarrollo%20de%20Ays%C3%A9n&#038;body=https:\/\/radiorevelacionfm.cl\/?p=56992' aria-hidden='false' data-av_icon='\ue805' data-av_iconfont='entypo-fontello' title='' data-avia-related-tooltip='Compartir por correo'><span class='avia_hidden_link_text'>Compartir por correo<\/span><\/a><\/li><\/ul><\/div><\/div>\n<div  style='height:50px' class='hr hr-invisible   avia-builder-el-8  el_after_av_social_share  el_before_av_comments_list '><span class='hr-inner ' ><span class='hr-inner-style'><\/span><\/span><\/div>\n<div  class='av-buildercomment  av-blog-meta-html-info-disabled av-blog-meta-tag-disabled  '><\/div>\n","protected":false},"excerpt":{"rendered":"","protected":false},"author":1,"featured_media":56993,"comment_status":"closed","ping_status":"closed","sticky":false,"template":"","format":"standard","meta":{"footnotes":""},"categories":[50],"tags":[],"class_list":["post-56992","post","type-post","status-publish","format-standard","has-post-thumbnail","hentry","category-cartas-y-opinion"],"jetpack_featured_media_url":"https:\/\/radiorevelacionfm.cl\/wp-content\/uploads\/2025\/07\/dd1aa9ea-a8b2-4f76-99dd-14a31aecd7b3-1-1.jpeg","_links":{"self":[{"href":"https:\/\/radiorevelacionfm.cl\/index.php?rest_route=\/wp\/v2\/posts\/56992","targetHints":{"allow":["GET"]}}],"collection":[{"href":"https:\/\/radiorevelacionfm.cl\/index.php?rest_route=\/wp\/v2\/posts"}],"about":[{"href":"https:\/\/radiorevelacionfm.cl\/index.php?rest_route=\/wp\/v2\/types\/post"}],"author":[{"embeddable":true,"href":"https:\/\/radiorevelacionfm.cl\/index.php?rest_route=\/wp\/v2\/users\/1"}],"replies":[{"embeddable":true,"href":"https:\/\/radiorevelacionfm.cl\/index.php?rest_route=%2Fwp%2Fv2%2Fcomments&post=56992"}],"version-history":[{"count":2,"href":"https:\/\/radiorevelacionfm.cl\/index.php?rest_route=\/wp\/v2\/posts\/56992\/revisions"}],"predecessor-version":[{"id":56995,"href":"https:\/\/radiorevelacionfm.cl\/index.php?rest_route=\/wp\/v2\/posts\/56992\/revisions\/56995"}],"wp:featuredmedia":[{"embeddable":true,"href":"https:\/\/radiorevelacionfm.cl\/index.php?rest_route=\/wp\/v2\/media\/56993"}],"wp:attachment":[{"href":"https:\/\/radiorevelacionfm.cl\/index.php?rest_route=%2Fwp%2Fv2%2Fmedia&parent=56992"}],"wp:term":[{"taxonomy":"category","embeddable":true,"href":"https:\/\/radiorevelacionfm.cl\/index.php?rest_route=%2Fwp%2Fv2%2Fcategories&post=56992"},{"taxonomy":"post_tag","embeddable":true,"href":"https:\/\/radiorevelacionfm.cl\/index.php?rest_route=%2Fwp%2Fv2%2Ftags&post=56992"}],"curies":[{"name":"wp","href":"https:\/\/api.w.org\/{rel}","templated":true}]}}