{"id":56988,"date":"2025-07-27T19:55:41","date_gmt":"2025-07-27T22:55:41","guid":{"rendered":"https:\/\/radiorevelacionfm.cl\/?p=56988"},"modified":"2025-07-27T19:55:41","modified_gmt":"2025-07-27T22:55:41","slug":"comunidad-de-lago-verde-mejora-su-conectividad-con-instalacion-de-nuevo-puente-mecano","status":"publish","type":"post","link":"https:\/\/radiorevelacionfm.cl\/?p=56988","title":{"rendered":"Comunidad de Lago Verde mejora su conectividad con instalaci\u00f3n de nuevo puente mecano"},"content":{"rendered":"<div class=\"flex_column av_one_full  flex_column_div av-zero-column-padding first  avia-builder-el-0  el_before_av_one_full  avia-builder-el-first  \" style='border-radius:0px; '><div  class='avia-image-container  av-styling-    avia-builder-el-1  avia-builder-el-no-sibling  avia-align-center '  itemprop=\"image\" itemscope=\"itemscope\" itemtype=\"https:\/\/schema.org\/ImageObject\"  ><div class='avia-image-container-inner'><div class='avia-image-overlay-wrap'><img decoding=\"async\" class='wp-image-56989 avia-img-lazy-loading-not-56989 avia_image' src=\"https:\/\/radiorevelacionfm.cl\/wp-content\/uploads\/2025\/07\/1-2025-07-27t195422_optimized.186-1.jpg\" alt='' title='1---2025-07-27t195422_optimized.186-(1)' height=\"600\" width=\"900\"  itemprop=\"thumbnailUrl\" srcset=\"https:\/\/radiorevelacionfm.cl\/wp-content\/uploads\/2025\/07\/1-2025-07-27t195422_optimized.186-1.jpg 900w, https:\/\/radiorevelacionfm.cl\/wp-content\/uploads\/2025\/07\/1-2025-07-27t195422_optimized.186-1-300x200.jpg 300w, https:\/\/radiorevelacionfm.cl\/wp-content\/uploads\/2025\/07\/1-2025-07-27t195422_optimized.186-1-768x512.jpg 768w, https:\/\/radiorevelacionfm.cl\/wp-content\/uploads\/2025\/07\/1-2025-07-27t195422_optimized.186-1-705x470.jpg 705w, https:\/\/radiorevelacionfm.cl\/wp-content\/uploads\/2025\/07\/1-2025-07-27t195422_optimized.186-1-450x300.jpg 450w, https:\/\/radiorevelacionfm.cl\/wp-content\/uploads\/2025\/07\/1-2025-07-27t195422_optimized.186-1-600x400.jpg 600w\" sizes=\"(max-width: 900px) 100vw, 900px\" \/><\/div><\/div><\/div><\/div><div class=\"flex_column av_one_full  flex_column_div av-zero-column-padding first  avia-builder-el-2  el_after_av_one_full  el_before_av_one_full  column-top-margin\" style='border-radius:0px; '><section class=\"av_textblock_section \"  itemscope=\"itemscope\" itemtype=\"https:\/\/schema.org\/BlogPosting\" itemprop=\"blogPost\" ><div class='avia_textblock  '   itemprop=\"text\" ><p style=\"text-align: center;\"><strong><span style=\"font-size: 18pt;\">Comunidad de Lago Verde mejora su conectividad con instalaci\u00f3n de nuevo puente mecano<\/span><\/strong><\/p>\n<div id=\"gtx-trans\" style=\"position: absolute; left: -50px; top: 4.31534px;\">\n<div class=\"gtx-trans-icon\"><\/div>\n<\/div>\n<\/div><\/section><\/div><div class=\"flex_column av_one_full  flex_column_div av-zero-column-padding first  avia-builder-el-4  el_after_av_one_full  el_before_av_hr  column-top-margin\" style='border-radius:0px; '><section class=\"av_textblock_section \"  itemscope=\"itemscope\" itemtype=\"https:\/\/schema.org\/BlogPosting\" itemprop=\"blogPost\" ><div class='avia_textblock  '   itemprop=\"text\" ><p style=\"text-align: justify;\">Junto a la comunidad, la Secretaria Regional Ministerial de Obras P\u00fablicas, Paloma Jara Vald\u00e9s, inaugur\u00f3 el nuevo puente mecano Pan de Az\u00facar, ubicado en la comuna de Lago Verde.<\/p>\n<p style=\"text-align: justify;\">La autoridad regional del MOP pudo compartir este importante logro con los vecinos y vecinas de Lago Verde, Concejales y la Alcaldesa de la comuna.<\/p>\n<p style=\"text-align: justify;\">\u201cHoy d\u00eda hemos abierto el tr\u00e1nsito formalmente en el puente Pan de Az\u00facar. Un puente muy esperado que da acceso a Lago Verde desde Lago Verde, algo que es muy com\u00fan pero efectivamente se hab\u00eda mermado en los \u00faltimos a\u00f1os con una infraestructura que no estaba respondiendo a las necesidades de la comunidad. El Ministerio de Obras P\u00fablicas con obras que no siempre tienen que ser gigantes responde as\u00ed a las necesidades de las y los pobladores de nuestra regi\u00f3n, trayendo conectividad, mejorando las oportunidades de desarrollo de los territorios. Este puente lo realiz\u00f3 por Administraci\u00f3n Directa la Direcci\u00f3n de Vialidad a trav\u00e9s de su Unidad de Puentes y estamos muy orgullosos del trabajo de nuestros puenteros, tanto en este puente como en los que se han realizado en el \u00faltimo tiempo en la Regi\u00f3n de Ays\u00e9n.\u201d<\/p>\n<p style=\"text-align: justify;\">Eladio Maripillan, Jefe de la Cuadrilla de puentes de la Oficina Provincial de Vialidad de Ays\u00e9n, destac\u00f3: \u201cPara los trabajadores de Vialidad que hacen este trabajo, lo m\u00e1s importante es hacer las obras para entregarlas al uso p\u00fablico. En representaci\u00f3n de nuestro Director Regional de Vialidad, del Jefe Provincial de Vialidad Ays\u00e9n y de los trabajadores de Vialidad es un orgullo para m\u00ed estar en esta ceremonia. Este es un puente modular, de fabricaci\u00f3n americana, marca Acrow, queda con capacidad para 18 mil kilos, el otro ten\u00eda 5; as\u00ed que era importante el tonelaje para la estructura que se instal\u00f3 ac\u00e1.\u201d<\/p>\n<p style=\"text-align: justify;\">Con bien mencion\u00f3 Eladio, mediante la Administraci\u00f3n Directa de la Direcci\u00f3n Regional de Vialidad del Ministerio de Obras P\u00fablicas, se instal\u00f3 este puente modular provisorio de 15 metros de longitud, con 18 toneladas de capacidad de carga, en el km 1,4 del camino X-107, cruce X-13-muelle Lago Verde, sector que hoy se encuentra habilitado para el tr\u00e1nsito vehicular y peatonal, pero no siempre fue as\u00ed, comenta el poblador de este sector desde hace 83 a\u00f1os, Pedro Gonz\u00e1lez.<\/p>\n<p style=\"text-align: justify;\">\u201cYo como presidente de la Junta de Vecinos N\u00b04 de R\u00edo Turbio estuve muchos a\u00f1os oficiando a Coyhaique, pero nunca realmente se hizo ese puente, pero al final se hizo de madera gracias al MOP que tambi\u00e9n nos cooper\u00f3 en eso y trabaj\u00e9; yo hice esta madera con un amigo que era motosierrista y la tiramos en la lancha del finao Antonio Ronchi, el curita. Este es un beneficio muy grande, muy grande y ojala que se mantenga as\u00ed\u201d, expres\u00f3 Pedro Gonz\u00e1lez<\/p>\n<p style=\"text-align: justify;\">En tanto, Mal\u00fa Soto Sol\u00eds, presidenta de la Junta de Vecinos El Maitenal, comento que estaban camino a Lago Verde en el sector Pan de Az\u00facar inaugurando esta importante obra para el transitar de los pobladores que van hacia el sector El Turbio y que van hacia el lago. \u201cDe verdad estaba la necesidad inmensa de poder tener esto concretado, porque la poblaci\u00f3n lo necesitaba. Muchos beneficios porque la verdad es que se usa mucho para lo que es el transporte hacia el sector El Turbio. Hoy se est\u00e1 realizando all\u00e1 una gran obra tambi\u00e9n a trav\u00e9s del Ministerio de Obras P\u00fablicas que tiene que ver igual con un avance de ese sector y para los pobladores del sector R\u00edo Turbio\u201d<\/p>\n<p style=\"text-align: justify;\">Por su parte, la Alcaldesa de la comuna de Lago Verde, \u00a0Claudia Vald\u00e9s este es un hito muy relevante para la comuna. \u201cPara nosotros como comuna, particularmente Lago Verde es un hito muy importante estar hoy d\u00eda haciendo la inauguraci\u00f3n de este puente mecano. Una obra anhelada\u00a0 por la comunidad, un puente que llevaba m\u00e1s de 24 a\u00f1os y que hoy d\u00eda estamos entregando su primera etapa as\u00ed que muy contentos porque nos abre posibilidades para pensar nuestro desarrollo tur\u00edstico, mejorar tambi\u00e9n la conectividad de nuestros vecinos y vecinas del sector El Turbio, nuestros visitantes y nuestra poblaci\u00f3n en general de Lago Verde, as\u00ed es que importante tambi\u00e9n compartir con nuestros vecinos este hito tan significativo por parte de la Unidad de Puentes y la Seremi del MOP que hoy d\u00eda nos acompa\u00f1a, as\u00ed que como Alcaldesa estoy muy contenta de poder estar hoy d\u00eda haciendo este acto de inauguraci\u00f3n de esta importante obra que es el puente mecano en el arroyo Pan de Az\u00facar\u201d<\/p>\n<p style=\"text-align: justify;\">De igual forma, el Concejal por la comuna de Lago Verde, Claudio Soto Sol\u00eds se\u00f1al\u00f3: \u201cHablar del tema de conectividad es muy importante para el sector El Turbio donde hay mucha gente que est\u00e1 trabajando, que est\u00e1 sacando sus productos del lugar, hay mucha gente que son adultos mayores, entonces en caso de alg\u00fan accidente -que ojal\u00e1 no ocurra- tenemos la posibilidad de tener un acceso bastante expedito hacia el lago, y eso va a traer una tremenda ayuda para la gente que es seguridad del tr\u00e1nsito hacia nuestro lago. Tambi\u00e9n, en el tema del turismo nos ayuda bastante porque es bien complicado transitar por este lugar, podr\u00edan tener un accidente, as\u00ed que eso nos ayuda mucho\u201d.<\/p>\n<\/div><\/section><\/div><div  style='height:50px' class='hr hr-invisible   avia-builder-el-6  el_after_av_one_full  el_before_av_social_share '><span class='hr-inner ' ><span class='hr-inner-style'><\/span><\/span><\/div><\/p>\n<div  class='av-social-sharing-box  avia-builder-el-7  el_after_av_hr  el_before_av_hr  '><div class='av-share-box'><h5 class='av-share-link-description av-no-toc '>Compartir esta noticia<\/h5><ul class='av-share-box-list noLightbox'><li class='av-share-link av-social-link-facebook' ><a target=\"_blank\" aria-label=\"Compartir en Facebook\" href='https:\/\/www.facebook.com\/sharer.php?u=https:\/\/radiorevelacionfm.cl\/?p=56988&#038;t=Comunidad%20de%20Lago%20Verde%20mejora%20su%20conectividad%20con%20instalaci%C3%B3n%20de%20nuevo%20puente%20mecano' aria-hidden='false' data-av_icon='\ue8f3' data-av_iconfont='entypo-fontello' title='' data-avia-related-tooltip='Compartir en Facebook' rel=\"noopener\"><span class='avia_hidden_link_text'>Compartir en Facebook<\/span><\/a><\/li><li class='av-share-link av-social-link-twitter' ><a target=\"_blank\" aria-label=\"Compartir en Twitter\" href='https:\/\/twitter.com\/share?text=Comunidad%20de%20Lago%20Verde%20mejora%20su%20conectividad%20con%20instalaci%C3%B3n%20de%20nuevo%20puente%20mecano&#038;url=https:\/\/radiorevelacionfm.cl\/?p=56988' aria-hidden='false' data-av_icon='\ue8f1' data-av_iconfont='entypo-fontello' title='' data-avia-related-tooltip='Compartir en Twitter' rel=\"noopener\"><span class='avia_hidden_link_text'>Compartir en Twitter<\/span><\/a><\/li><li class='av-share-link av-social-link-whatsapp' ><a target=\"_blank\" aria-label=\"Compartir en Whatsapp\" href='https:\/\/api.whatsapp.com\/send?text=https:\/\/radiorevelacionfm.cl\/?p=56988' aria-hidden='false' data-av_icon='\uf232' data-av_iconfont='entypo-fontello' title='' data-avia-related-tooltip='Compartir en Whatsapp' rel=\"noopener\"><span class='avia_hidden_link_text'>Compartir en Whatsapp<\/span><\/a><\/li><li class='av-share-link av-social-link-linkedin' ><a target=\"_blank\" aria-label=\"Compartir en LinkedIn\" href='https:\/\/linkedin.com\/shareArticle?mini=true&#038;title=Comunidad%20de%20Lago%20Verde%20mejora%20su%20conectividad%20con%20instalaci%C3%B3n%20de%20nuevo%20puente%20mecano&#038;url=https:\/\/radiorevelacionfm.cl\/?p=56988' aria-hidden='false' data-av_icon='\ue8fc' data-av_iconfont='entypo-fontello' title='' data-avia-related-tooltip='Compartir en LinkedIn' rel=\"noopener\"><span class='avia_hidden_link_text'>Compartir en LinkedIn<\/span><\/a><\/li><li class='av-share-link av-social-link-mail' ><a  aria-label=\"Compartir por correo\" href='mailto:?subject=Comunidad%20de%20Lago%20Verde%20mejora%20su%20conectividad%20con%20instalaci%C3%B3n%20de%20nuevo%20puente%20mecano&#038;body=https:\/\/radiorevelacionfm.cl\/?p=56988' aria-hidden='false' data-av_icon='\ue805' data-av_iconfont='entypo-fontello' title='' data-avia-related-tooltip='Compartir por correo'><span class='avia_hidden_link_text'>Compartir por correo<\/span><\/a><\/li><\/ul><\/div><\/div>\n<div  style='height:50px' class='hr hr-invisible   avia-builder-el-8  el_after_av_social_share  el_before_av_comments_list '><span class='hr-inner ' ><span class='hr-inner-style'><\/span><\/span><\/div>\n<div  class='av-buildercomment  av-blog-meta-html-info-disabled av-blog-meta-tag-disabled  '><\/div>\n","protected":false},"excerpt":{"rendered":"","protected":false},"author":1,"featured_media":56989,"comment_status":"closed","ping_status":"closed","sticky":false,"template":"","format":"standard","meta":{"footnotes":""},"categories":[38],"tags":[],"class_list":["post-56988","post","type-post","status-publish","format-standard","has-post-thumbnail","hentry","category-regional"],"jetpack_featured_media_url":"https:\/\/radiorevelacionfm.cl\/wp-content\/uploads\/2025\/07\/1-2025-07-27t195422_optimized.186-1.jpg","_links":{"self":[{"href":"https:\/\/radiorevelacionfm.cl\/index.php?rest_route=\/wp\/v2\/posts\/56988","targetHints":{"allow":["GET"]}}],"collection":[{"href":"https:\/\/radiorevelacionfm.cl\/index.php?rest_route=\/wp\/v2\/posts"}],"about":[{"href":"https:\/\/radiorevelacionfm.cl\/index.php?rest_route=\/wp\/v2\/types\/post"}],"author":[{"embeddable":true,"href":"https:\/\/radiorevelacionfm.cl\/index.php?rest_route=\/wp\/v2\/users\/1"}],"replies":[{"embeddable":true,"href":"https:\/\/radiorevelacionfm.cl\/index.php?rest_route=%2Fwp%2Fv2%2Fcomments&post=56988"}],"version-history":[{"count":2,"href":"https:\/\/radiorevelacionfm.cl\/index.php?rest_route=\/wp\/v2\/posts\/56988\/revisions"}],"predecessor-version":[{"id":56991,"href":"https:\/\/radiorevelacionfm.cl\/index.php?rest_route=\/wp\/v2\/posts\/56988\/revisions\/56991"}],"wp:featuredmedia":[{"embeddable":true,"href":"https:\/\/radiorevelacionfm.cl\/index.php?rest_route=\/wp\/v2\/media\/56989"}],"wp:attachment":[{"href":"https:\/\/radiorevelacionfm.cl\/index.php?rest_route=%2Fwp%2Fv2%2Fmedia&parent=56988"}],"wp:term":[{"taxonomy":"category","embeddable":true,"href":"https:\/\/radiorevelacionfm.cl\/index.php?rest_route=%2Fwp%2Fv2%2Fcategories&post=56988"},{"taxonomy":"post_tag","embeddable":true,"href":"https:\/\/radiorevelacionfm.cl\/index.php?rest_route=%2Fwp%2Fv2%2Ftags&post=56988"}],"curies":[{"name":"wp","href":"https:\/\/api.w.org\/{rel}","templated":true}]}}