{"id":56984,"date":"2025-07-27T19:40:22","date_gmt":"2025-07-27T22:40:22","guid":{"rendered":"https:\/\/radiorevelacionfm.cl\/?p=56984"},"modified":"2025-07-27T19:40:22","modified_gmt":"2025-07-27T22:40:22","slug":"cochrane-impulsa-el-turismo-invernal-con-exitosa-xi-ruta-del-huemul-y-proyecta-nuevas-experiencias-todo-el-ano","status":"publish","type":"post","link":"https:\/\/radiorevelacionfm.cl\/?p=56984","title":{"rendered":"Cochrane impulsa el turismo invernal con exitosa XI Ruta del Huemul y proyecta nuevas experiencias todo el a\u00f1o"},"content":{"rendered":"<div class=\"flex_column av_one_full  flex_column_div av-zero-column-padding first  avia-builder-el-0  el_before_av_one_full  avia-builder-el-first  \" style='border-radius:0px; '><div  class='avia-image-container  av-styling-    avia-builder-el-1  avia-builder-el-no-sibling  avia-align-center '  itemprop=\"image\" itemscope=\"itemscope\" itemtype=\"https:\/\/schema.org\/ImageObject\"  ><div class='avia-image-container-inner'><div class='avia-image-overlay-wrap'><img decoding=\"async\" class='wp-image-56985 avia-img-lazy-loading-not-56985 avia_image' src=\"https:\/\/radiorevelacionfm.cl\/wp-content\/uploads\/2025\/07\/XI-Ruta-del-Huemul-Invernal-1-1-1.jpg\" alt='' title='XI Ruta del Huemul Invernal (1) (1) (1)' height=\"600\" width=\"1073\"  itemprop=\"thumbnailUrl\" srcset=\"https:\/\/radiorevelacionfm.cl\/wp-content\/uploads\/2025\/07\/XI-Ruta-del-Huemul-Invernal-1-1-1.jpg 1073w, https:\/\/radiorevelacionfm.cl\/wp-content\/uploads\/2025\/07\/XI-Ruta-del-Huemul-Invernal-1-1-1-300x168.jpg 300w, https:\/\/radiorevelacionfm.cl\/wp-content\/uploads\/2025\/07\/XI-Ruta-del-Huemul-Invernal-1-1-1-1030x576.jpg 1030w, https:\/\/radiorevelacionfm.cl\/wp-content\/uploads\/2025\/07\/XI-Ruta-del-Huemul-Invernal-1-1-1-768x429.jpg 768w, https:\/\/radiorevelacionfm.cl\/wp-content\/uploads\/2025\/07\/XI-Ruta-del-Huemul-Invernal-1-1-1-705x394.jpg 705w, https:\/\/radiorevelacionfm.cl\/wp-content\/uploads\/2025\/07\/XI-Ruta-del-Huemul-Invernal-1-1-1-450x252.jpg 450w, https:\/\/radiorevelacionfm.cl\/wp-content\/uploads\/2025\/07\/XI-Ruta-del-Huemul-Invernal-1-1-1-600x336.jpg 600w\" sizes=\"(max-width: 1073px) 100vw, 1073px\" \/><\/div><\/div><\/div><\/div><div class=\"flex_column av_one_full  flex_column_div av-zero-column-padding first  avia-builder-el-2  el_after_av_one_full  el_before_av_one_full  column-top-margin\" style='border-radius:0px; '><section class=\"av_textblock_section \"  itemscope=\"itemscope\" itemtype=\"https:\/\/schema.org\/BlogPosting\" itemprop=\"blogPost\" ><div class='avia_textblock  '   itemprop=\"text\" ><p style=\"text-align: center;\"><strong><span style=\"font-size: 18pt;\">Cochrane impulsa el turismo invernal con exitosa XI Ruta del Huemul y proyecta nuevas experiencias todo el a\u00f1o<\/span><\/strong><\/p>\n<div id=\"gtx-trans\" style=\"position: absolute; left: -50px; top: 4.31534px;\">\n<div class=\"gtx-trans-icon\"><\/div>\n<\/div>\n<\/div><\/section><\/div><div class=\"flex_column av_one_full  flex_column_div av-zero-column-padding first  avia-builder-el-4  el_after_av_one_full  el_before_av_hr  column-top-margin\" style='border-radius:0px; '><section class=\"av_textblock_section \"  itemscope=\"itemscope\" itemtype=\"https:\/\/schema.org\/BlogPosting\" itemprop=\"blogPost\" ><div class='avia_textblock  '   itemprop=\"text\" ><p style=\"text-align: justify;\">Con gran entusiasmo y una positiva evaluaci\u00f3n por parte de los organizadores, participantes y autoridades, finaliz\u00f3 la XI versi\u00f3n de la Ruta del Huemul Invernal, una de las traves\u00edas m\u00e1s esperadas del calendario tur\u00edstico y deportivo de la Regi\u00f3n de Ays\u00e9n.<\/p>\n<p style=\"text-align: justify;\">La actividad, organizada por la Ilustre Municipalidad de Cochrane junto a la Agrupaci\u00f3n de Gu\u00edas de Turismo, y con el apoyo de diversas instituciones locales y regionales, reuni\u00f3 a 50 participantes provenientes no solo de la comuna, sino tambi\u00e9n de localidades como Chile Chico, Coyhaique, Puerto Ays\u00e9n, Puerto Tranquilo y Santiago, consolidando esta experiencia como un evento de car\u00e1cter regional y nacional.<\/p>\n<p style=\"text-align: justify;\">Durante la jornada, los asistentes enfrentaron temperaturas extremas de hasta -13\u00b0C, pero el \u00e1nimo, el compa\u00f1erismo y la belleza del entorno marcaron la traves\u00eda como una experiencia inolvidable.<\/p>\n<p style=\"text-align: justify;\">\u201cLos grupos que recibimos ven\u00edan felices, maravillados por los paisajes, la nieve y el fr\u00edo. Para nosotros, como municipio, organizar esta ruta no solo es fomentar el deporte y la vida al aire libre, tambi\u00e9n es una manera de promocionar Cochrane como destino tur\u00edstico todo el a\u00f1o. Queremos turismo en invierno, en primavera, en verano. Y esta actividad es parte de ese compromiso\u201d, <strong>expres\u00f3 el alcalde de Cochrane, Patricio Ulloa Georgia.<\/strong><\/p>\n<p style=\"text-align: justify;\">Desde la organizaci\u00f3n destacaron el alto inter\u00e9s que gener\u00f3 esta versi\u00f3n: en tan solo 15 minutos se agotaron los cupos, dejando una extensa lista de espera. Esto ha motivado al equipo municipal a evaluar la posibilidad de ampliar los cupos o generar rutas paralelas en futuras ediciones, para responder a la creciente demanda.<\/p>\n<p style=\"text-align: justify;\">\u201cEstamos muy conformes, porque no solo se vivi\u00f3 una gran jornada deportiva, sino que tambi\u00e9n se activ\u00f3 el uso de los servicios tur\u00edsticos locales. Esta actividad fue planificada con meses de anticipaci\u00f3n, lo que gener\u00f3 una respuesta muy superior a a\u00f1os anteriores. El objetivo de posicionar a Cochrane como un destino activo durante todo el a\u00f1o se est\u00e1 cumpliendo\u201d, destac\u00f3 <strong>Javier Mu\u00f1oz Maldonado, encargado de Turismo del municipio.<\/strong><\/p>\n<p style=\"text-align: justify;\">Desde la Agrupaci\u00f3n de Gu\u00edas de Turismo de Cochrane, <strong>Sim\u00f3n Millaquen Negron<\/strong> tambi\u00e9n valor\u00f3 el desarrollo de la jornada: \u201cFue una experiencia muy bonita. Las condiciones meteorol\u00f3gicas eran favorables y el grupo fue un factor clave para prevenir riesgos. Hubo mucha voluntad y \u00e9nfasis en el autocuidado. Todos mantuvieron una actitud positiva a pesar del cansancio. Recomiendo totalmente esta ruta: no es una experiencia cotidiana, es hist\u00f3rica, genera lazos, y permite disfrutar paisajes \u00fanicos. Solo hay que prepararse bien y animarse a vivirla\u201d.<\/p>\n<p style=\"text-align: justify;\">Los testimonios de participantes refuerzan la positiva evaluaci\u00f3n de esta XI versi\u00f3n de la Ruta del Huemul Invernal, dando cuenta no solo de la impecable organizaci\u00f3n, sino tambi\u00e9n del impacto emocional y tur\u00edstico que genera esta experiencia en quienes deciden vivirla.<\/p>\n<p style=\"text-align: justify;\">\u201cVinimos desde Coyhaique con un grupo de amigas. Lo pasamos incre\u00edble, el paisaje es maravilloso y la organizaci\u00f3n muy buena. Totalmente recomendable\u201d, <strong>coment\u00f3 Alicia Uribe Mora, oriunda de Coyhaique<\/strong><\/p>\n<p style=\"text-align: justify;\">\u201cVine desde Santiago por cinco d\u00edas solo para esta actividad. Es mi segunda vez en la ruta invernal y la repetir\u00eda mil veces m\u00e1s. Conoces gente, se apoyan mucho y el entorno es simplemente m\u00e1gico\u201d, agreg\u00f3<strong> Catalina Salinas Calder\u00f3n.<\/strong><\/p>\n<p style=\"text-align: justify;\">La XI Ruta del Huemul Invernal no solo marca un hito en el calendario anual de Cochrane, sino que reafirma su apuesta por convertirse en un destino tur\u00edstico durante todo el a\u00f1o, con una programaci\u00f3n activa que ya contempla nuevas experiencias. La m\u00e1s pr\u00f3xima ser\u00e1 el Ascenso Invernal al Cord\u00f3n Esmeralda, a realizarse el pr\u00f3ximo 9 de agosto, el cual ya cuenta con m\u00e1s de 100 inscritos, seguido por la IV versi\u00f3n del ascenso al Monte San Lorenzo, sumando as\u00ed nuevas oportunidades para vivir la monta\u00f1a patag\u00f3nica en todas las estaciones del a\u00f1o.<\/p>\n<\/div><\/section><\/div><div  style='height:50px' class='hr hr-invisible   avia-builder-el-6  el_after_av_one_full  el_before_av_social_share '><span class='hr-inner ' ><span class='hr-inner-style'><\/span><\/span><\/div><\/p>\n<div  class='av-social-sharing-box  avia-builder-el-7  el_after_av_hr  el_before_av_hr  '><div class='av-share-box'><h5 class='av-share-link-description av-no-toc '>Compartir esta noticia<\/h5><ul class='av-share-box-list noLightbox'><li class='av-share-link av-social-link-facebook' ><a target=\"_blank\" aria-label=\"Compartir en Facebook\" href='https:\/\/www.facebook.com\/sharer.php?u=https:\/\/radiorevelacionfm.cl\/?p=56984&#038;t=Cochrane%20impulsa%20el%20turismo%20invernal%20con%20exitosa%20XI%20Ruta%20del%20Huemul%20y%20proyecta%20nuevas%20experiencias%20todo%20el%20a%C3%B1o' aria-hidden='false' data-av_icon='\ue8f3' data-av_iconfont='entypo-fontello' title='' data-avia-related-tooltip='Compartir en Facebook' rel=\"noopener\"><span class='avia_hidden_link_text'>Compartir en Facebook<\/span><\/a><\/li><li class='av-share-link av-social-link-twitter' ><a target=\"_blank\" aria-label=\"Compartir en Twitter\" href='https:\/\/twitter.com\/share?text=Cochrane%20impulsa%20el%20turismo%20invernal%20con%20exitosa%20XI%20Ruta%20del%20Huemul%20y%20proyecta%20nuevas%20experiencias%20todo%20el%20a%C3%B1o&#038;url=https:\/\/radiorevelacionfm.cl\/?p=56984' aria-hidden='false' data-av_icon='\ue8f1' data-av_iconfont='entypo-fontello' title='' data-avia-related-tooltip='Compartir en Twitter' rel=\"noopener\"><span class='avia_hidden_link_text'>Compartir en Twitter<\/span><\/a><\/li><li class='av-share-link av-social-link-whatsapp' ><a target=\"_blank\" aria-label=\"Compartir en Whatsapp\" href='https:\/\/api.whatsapp.com\/send?text=https:\/\/radiorevelacionfm.cl\/?p=56984' aria-hidden='false' data-av_icon='\uf232' data-av_iconfont='entypo-fontello' title='' data-avia-related-tooltip='Compartir en Whatsapp' rel=\"noopener\"><span class='avia_hidden_link_text'>Compartir en Whatsapp<\/span><\/a><\/li><li class='av-share-link av-social-link-linkedin' ><a target=\"_blank\" aria-label=\"Compartir en LinkedIn\" href='https:\/\/linkedin.com\/shareArticle?mini=true&#038;title=Cochrane%20impulsa%20el%20turismo%20invernal%20con%20exitosa%20XI%20Ruta%20del%20Huemul%20y%20proyecta%20nuevas%20experiencias%20todo%20el%20a%C3%B1o&#038;url=https:\/\/radiorevelacionfm.cl\/?p=56984' aria-hidden='false' data-av_icon='\ue8fc' data-av_iconfont='entypo-fontello' title='' data-avia-related-tooltip='Compartir en LinkedIn' rel=\"noopener\"><span class='avia_hidden_link_text'>Compartir en LinkedIn<\/span><\/a><\/li><li class='av-share-link av-social-link-mail' ><a  aria-label=\"Compartir por correo\" href='mailto:?subject=Cochrane%20impulsa%20el%20turismo%20invernal%20con%20exitosa%20XI%20Ruta%20del%20Huemul%20y%20proyecta%20nuevas%20experiencias%20todo%20el%20a%C3%B1o&#038;body=https:\/\/radiorevelacionfm.cl\/?p=56984' aria-hidden='false' data-av_icon='\ue805' data-av_iconfont='entypo-fontello' title='' data-avia-related-tooltip='Compartir por correo'><span class='avia_hidden_link_text'>Compartir por correo<\/span><\/a><\/li><\/ul><\/div><\/div>\n<div  style='height:50px' class='hr hr-invisible   avia-builder-el-8  el_after_av_social_share  el_before_av_comments_list '><span class='hr-inner ' ><span class='hr-inner-style'><\/span><\/span><\/div>\n<div  class='av-buildercomment  av-blog-meta-html-info-disabled av-blog-meta-tag-disabled  '><\/div>\n","protected":false},"excerpt":{"rendered":"","protected":false},"author":1,"featured_media":56985,"comment_status":"closed","ping_status":"closed","sticky":false,"template":"","format":"standard","meta":{"footnotes":""},"categories":[38],"tags":[],"class_list":["post-56984","post","type-post","status-publish","format-standard","has-post-thumbnail","hentry","category-regional"],"jetpack_featured_media_url":"https:\/\/radiorevelacionfm.cl\/wp-content\/uploads\/2025\/07\/XI-Ruta-del-Huemul-Invernal-1-1-1.jpg","_links":{"self":[{"href":"https:\/\/radiorevelacionfm.cl\/index.php?rest_route=\/wp\/v2\/posts\/56984","targetHints":{"allow":["GET"]}}],"collection":[{"href":"https:\/\/radiorevelacionfm.cl\/index.php?rest_route=\/wp\/v2\/posts"}],"about":[{"href":"https:\/\/radiorevelacionfm.cl\/index.php?rest_route=\/wp\/v2\/types\/post"}],"author":[{"embeddable":true,"href":"https:\/\/radiorevelacionfm.cl\/index.php?rest_route=\/wp\/v2\/users\/1"}],"replies":[{"embeddable":true,"href":"https:\/\/radiorevelacionfm.cl\/index.php?rest_route=%2Fwp%2Fv2%2Fcomments&post=56984"}],"version-history":[{"count":2,"href":"https:\/\/radiorevelacionfm.cl\/index.php?rest_route=\/wp\/v2\/posts\/56984\/revisions"}],"predecessor-version":[{"id":56987,"href":"https:\/\/radiorevelacionfm.cl\/index.php?rest_route=\/wp\/v2\/posts\/56984\/revisions\/56987"}],"wp:featuredmedia":[{"embeddable":true,"href":"https:\/\/radiorevelacionfm.cl\/index.php?rest_route=\/wp\/v2\/media\/56985"}],"wp:attachment":[{"href":"https:\/\/radiorevelacionfm.cl\/index.php?rest_route=%2Fwp%2Fv2%2Fmedia&parent=56984"}],"wp:term":[{"taxonomy":"category","embeddable":true,"href":"https:\/\/radiorevelacionfm.cl\/index.php?rest_route=%2Fwp%2Fv2%2Fcategories&post=56984"},{"taxonomy":"post_tag","embeddable":true,"href":"https:\/\/radiorevelacionfm.cl\/index.php?rest_route=%2Fwp%2Fv2%2Ftags&post=56984"}],"curies":[{"name":"wp","href":"https:\/\/api.w.org\/{rel}","templated":true}]}}