{"id":56980,"date":"2025-07-27T13:17:23","date_gmt":"2025-07-27T16:17:23","guid":{"rendered":"https:\/\/radiorevelacionfm.cl\/?p=56980"},"modified":"2025-07-27T13:17:23","modified_gmt":"2025-07-27T16:17:23","slug":"programa-abre-de-teleton-llega-a-puerto-cisnes-con-su-mensaje-de-inclusion-y-esperanza","status":"publish","type":"post","link":"https:\/\/radiorevelacionfm.cl\/?p=56980","title":{"rendered":"Programa ABRE de Telet\u00f3n llega a Puerto Cisnes con su mensaje de inclusi\u00f3n y esperanza"},"content":{"rendered":"<div class=\"flex_column av_one_full  flex_column_div av-zero-column-padding first  avia-builder-el-0  el_before_av_one_full  avia-builder-el-first  \" style='border-radius:0px; '><div  class='avia-image-container  av-styling-    avia-builder-el-1  avia-builder-el-no-sibling  avia-align-center '  itemprop=\"image\" itemscope=\"itemscope\" itemtype=\"https:\/\/schema.org\/ImageObject\"  ><div class='avia-image-container-inner'><div class='avia-image-overlay-wrap'><img decoding=\"async\" class='wp-image-56981 avia-img-lazy-loading-not-56981 avia_image' src=\"https:\/\/radiorevelacionfm.cl\/wp-content\/uploads\/2025\/07\/Teleton-Cisnes-1-1-1.jpg\" alt='' title='Telet\u00f3n Cisnes (1) (1) (1)' height=\"600\" width=\"962\"  itemprop=\"thumbnailUrl\" srcset=\"https:\/\/radiorevelacionfm.cl\/wp-content\/uploads\/2025\/07\/Teleton-Cisnes-1-1-1.jpg 962w, https:\/\/radiorevelacionfm.cl\/wp-content\/uploads\/2025\/07\/Teleton-Cisnes-1-1-1-300x187.jpg 300w, https:\/\/radiorevelacionfm.cl\/wp-content\/uploads\/2025\/07\/Teleton-Cisnes-1-1-1-768x479.jpg 768w, https:\/\/radiorevelacionfm.cl\/wp-content\/uploads\/2025\/07\/Teleton-Cisnes-1-1-1-705x440.jpg 705w, https:\/\/radiorevelacionfm.cl\/wp-content\/uploads\/2025\/07\/Teleton-Cisnes-1-1-1-450x281.jpg 450w, https:\/\/radiorevelacionfm.cl\/wp-content\/uploads\/2025\/07\/Teleton-Cisnes-1-1-1-600x374.jpg 600w\" sizes=\"(max-width: 962px) 100vw, 962px\" \/><\/div><\/div><\/div><\/div><div class=\"flex_column av_one_full  flex_column_div av-zero-column-padding first  avia-builder-el-2  el_after_av_one_full  el_before_av_one_full  column-top-margin\" style='border-radius:0px; '><section class=\"av_textblock_section \"  itemscope=\"itemscope\" itemtype=\"https:\/\/schema.org\/BlogPosting\" itemprop=\"blogPost\" ><div class='avia_textblock  '   itemprop=\"text\" ><p style=\"text-align: center;\"><strong><span style=\"font-size: 18pt;\">Programa ABRE de Telet\u00f3n llega a Puerto Cisnes con su mensaje de inclusi\u00f3n y esperanza<\/span><\/strong><\/p>\n<div id=\"gtx-trans\" style=\"position: absolute; left: -50px; top: 4.31534px;\">\n<div class=\"gtx-trans-icon\"><\/div>\n<\/div>\n<\/div><\/section><\/div><div class=\"flex_column av_one_full  flex_column_div av-zero-column-padding first  avia-builder-el-4  el_after_av_one_full  el_before_av_hr  column-top-margin\" style='border-radius:0px; '><section class=\"av_textblock_section \"  itemscope=\"itemscope\" itemtype=\"https:\/\/schema.org\/BlogPosting\" itemprop=\"blogPost\" ><div class='avia_textblock  '   itemprop=\"text\" ><p style=\"text-align: justify;\"><em>La intervenci\u00f3n se enmarca en una jornada de trabajo masivo que se desarrolla de manera simult\u00e1nea en los 14 institutos del pa\u00eds.<\/em><\/p>\n<p style=\"text-align: justify;\">Esta semana, el voluntariado de Telet\u00f3n se traslad\u00f3 con su programa ABRE hasta Puerto Cisnes, para realizar adecuaciones menores en las viviendas de usuarios de la instituci\u00f3n.<\/p>\n<p style=\"text-align: justify;\">Esta iniciativa busca mejorar la calidad de vida de las familias, haciendo m\u00e1s f\u00e1cil su d\u00eda a d\u00eda en el hogar.<\/p>\n<p style=\"text-align: justify;\">Adem\u00e1s, esta intervenci\u00f3n se enmarca en una jornada de trabajo masivo que se desarrolla de manera simult\u00e1nea en los 14 institutos Telet\u00f3n del pa\u00eds, marcando un importante hito de trabajo en red y compromiso con los territorios.<\/p>\n<p style=\"text-align: justify;\">La jefa de Gesti\u00f3n Social y Voluntariado del Instituto Telet\u00f3n Ays\u00e9n, Javiera Labr\u00edn, destac\u00f3 la visita y el programa.<\/p>\n<p style=\"text-align: justify;\">\u201cEstamos muy contentos de poder llegar a otros lugares de la regi\u00f3n con un equipo de voluntarios comprometidos con nuestros usuarios. El programa ABRE funciona durante todo el a\u00f1o y cada intervenci\u00f3n es una muestra concreta de que la inclusi\u00f3n se construye desde lo sencillo, pero profundamente significativo para quienes lo reciben. Nos emociona poder estar en Puerto Cisnes, acompa\u00f1ando a nuestras familias y dici\u00e9ndoles que no est\u00e1n solas\u201d, se\u00f1al\u00f3 Labr\u00edn.<\/p>\n<p style=\"text-align: justify;\">La visita fue posible gracias al esfuerzo conjunto y la colaboraci\u00f3n de la Municipalidad de Puerto Cisnes, que facilit\u00f3 el alojamiento para nuestro equipo y del supermercado Hiperpatag\u00f3nico, que apoy\u00f3 con la alimentaci\u00f3n para los voluntarios.<\/p>\n<p>Instancia que tambi\u00e9n se desarroll\u00f3 en la localidad de Villa Ma\u00f1ihuales.<\/p>\n<\/div><\/section><\/div><div  style='height:50px' class='hr hr-invisible   avia-builder-el-6  el_after_av_one_full  el_before_av_social_share '><span class='hr-inner ' ><span class='hr-inner-style'><\/span><\/span><\/div><\/p>\n<div  class='av-social-sharing-box  avia-builder-el-7  el_after_av_hr  el_before_av_hr  '><div class='av-share-box'><h5 class='av-share-link-description av-no-toc '>Compartir esta noticia<\/h5><ul class='av-share-box-list noLightbox'><li class='av-share-link av-social-link-facebook' ><a target=\"_blank\" aria-label=\"Compartir en Facebook\" href='https:\/\/www.facebook.com\/sharer.php?u=https:\/\/radiorevelacionfm.cl\/?p=56980&#038;t=Programa%20ABRE%20de%20Telet%C3%B3n%20llega%20a%20Puerto%20Cisnes%20con%20su%20mensaje%20de%20inclusi%C3%B3n%20y%20esperanza' aria-hidden='false' data-av_icon='\ue8f3' data-av_iconfont='entypo-fontello' title='' data-avia-related-tooltip='Compartir en Facebook' rel=\"noopener\"><span class='avia_hidden_link_text'>Compartir en Facebook<\/span><\/a><\/li><li class='av-share-link av-social-link-twitter' ><a target=\"_blank\" aria-label=\"Compartir en Twitter\" href='https:\/\/twitter.com\/share?text=Programa%20ABRE%20de%20Telet%C3%B3n%20llega%20a%20Puerto%20Cisnes%20con%20su%20mensaje%20de%20inclusi%C3%B3n%20y%20esperanza&#038;url=https:\/\/radiorevelacionfm.cl\/?p=56980' aria-hidden='false' data-av_icon='\ue8f1' data-av_iconfont='entypo-fontello' title='' data-avia-related-tooltip='Compartir en Twitter' rel=\"noopener\"><span class='avia_hidden_link_text'>Compartir en Twitter<\/span><\/a><\/li><li class='av-share-link av-social-link-whatsapp' ><a target=\"_blank\" aria-label=\"Compartir en Whatsapp\" href='https:\/\/api.whatsapp.com\/send?text=https:\/\/radiorevelacionfm.cl\/?p=56980' aria-hidden='false' data-av_icon='\uf232' data-av_iconfont='entypo-fontello' title='' data-avia-related-tooltip='Compartir en Whatsapp' rel=\"noopener\"><span class='avia_hidden_link_text'>Compartir en Whatsapp<\/span><\/a><\/li><li class='av-share-link av-social-link-linkedin' ><a target=\"_blank\" aria-label=\"Compartir en LinkedIn\" href='https:\/\/linkedin.com\/shareArticle?mini=true&#038;title=Programa%20ABRE%20de%20Telet%C3%B3n%20llega%20a%20Puerto%20Cisnes%20con%20su%20mensaje%20de%20inclusi%C3%B3n%20y%20esperanza&#038;url=https:\/\/radiorevelacionfm.cl\/?p=56980' aria-hidden='false' data-av_icon='\ue8fc' data-av_iconfont='entypo-fontello' title='' data-avia-related-tooltip='Compartir en LinkedIn' rel=\"noopener\"><span class='avia_hidden_link_text'>Compartir en LinkedIn<\/span><\/a><\/li><li class='av-share-link av-social-link-mail' ><a  aria-label=\"Compartir por correo\" href='mailto:?subject=Programa%20ABRE%20de%20Telet%C3%B3n%20llega%20a%20Puerto%20Cisnes%20con%20su%20mensaje%20de%20inclusi%C3%B3n%20y%20esperanza&#038;body=https:\/\/radiorevelacionfm.cl\/?p=56980' aria-hidden='false' data-av_icon='\ue805' data-av_iconfont='entypo-fontello' title='' data-avia-related-tooltip='Compartir por correo'><span class='avia_hidden_link_text'>Compartir por correo<\/span><\/a><\/li><\/ul><\/div><\/div>\n<div  style='height:50px' class='hr hr-invisible   avia-builder-el-8  el_after_av_social_share  el_before_av_comments_list '><span class='hr-inner ' ><span class='hr-inner-style'><\/span><\/span><\/div>\n<div  class='av-buildercomment  av-blog-meta-html-info-disabled av-blog-meta-tag-disabled  '><\/div>\n","protected":false},"excerpt":{"rendered":"","protected":false},"author":1,"featured_media":56981,"comment_status":"closed","ping_status":"closed","sticky":false,"template":"","format":"standard","meta":{"footnotes":""},"categories":[38],"tags":[],"class_list":["post-56980","post","type-post","status-publish","format-standard","has-post-thumbnail","hentry","category-regional"],"jetpack_featured_media_url":"https:\/\/radiorevelacionfm.cl\/wp-content\/uploads\/2025\/07\/Teleton-Cisnes-1-1-1.jpg","_links":{"self":[{"href":"https:\/\/radiorevelacionfm.cl\/index.php?rest_route=\/wp\/v2\/posts\/56980","targetHints":{"allow":["GET"]}}],"collection":[{"href":"https:\/\/radiorevelacionfm.cl\/index.php?rest_route=\/wp\/v2\/posts"}],"about":[{"href":"https:\/\/radiorevelacionfm.cl\/index.php?rest_route=\/wp\/v2\/types\/post"}],"author":[{"embeddable":true,"href":"https:\/\/radiorevelacionfm.cl\/index.php?rest_route=\/wp\/v2\/users\/1"}],"replies":[{"embeddable":true,"href":"https:\/\/radiorevelacionfm.cl\/index.php?rest_route=%2Fwp%2Fv2%2Fcomments&post=56980"}],"version-history":[{"count":2,"href":"https:\/\/radiorevelacionfm.cl\/index.php?rest_route=\/wp\/v2\/posts\/56980\/revisions"}],"predecessor-version":[{"id":56983,"href":"https:\/\/radiorevelacionfm.cl\/index.php?rest_route=\/wp\/v2\/posts\/56980\/revisions\/56983"}],"wp:featuredmedia":[{"embeddable":true,"href":"https:\/\/radiorevelacionfm.cl\/index.php?rest_route=\/wp\/v2\/media\/56981"}],"wp:attachment":[{"href":"https:\/\/radiorevelacionfm.cl\/index.php?rest_route=%2Fwp%2Fv2%2Fmedia&parent=56980"}],"wp:term":[{"taxonomy":"category","embeddable":true,"href":"https:\/\/radiorevelacionfm.cl\/index.php?rest_route=%2Fwp%2Fv2%2Fcategories&post=56980"},{"taxonomy":"post_tag","embeddable":true,"href":"https:\/\/radiorevelacionfm.cl\/index.php?rest_route=%2Fwp%2Fv2%2Ftags&post=56980"}],"curies":[{"name":"wp","href":"https:\/\/api.w.org\/{rel}","templated":true}]}}