{"id":56970,"date":"2025-07-26T12:01:49","date_gmt":"2025-07-26T15:01:49","guid":{"rendered":"https:\/\/radiorevelacionfm.cl\/?p=56970"},"modified":"2025-07-26T12:01:49","modified_gmt":"2025-07-26T15:01:49","slug":"lanzan-licitacion-para-el-diseno-de-un-sistema-sanitario-para-las-islas-huichas","status":"publish","type":"post","link":"https:\/\/radiorevelacionfm.cl\/?p=56970","title":{"rendered":"Lanzan licitaci\u00f3n para el dise\u00f1o de un sistema sanitario para las Islas Huichas"},"content":{"rendered":"<div class=\"flex_column av_one_full  flex_column_div av-zero-column-padding first  avia-builder-el-0  el_before_av_one_full  avia-builder-el-first  \" style='border-radius:0px; '><div  class='avia-image-container  av-styling-    avia-builder-el-1  avia-builder-el-no-sibling  avia-align-center '  itemprop=\"image\" itemscope=\"itemscope\" itemtype=\"https:\/\/schema.org\/ImageObject\"  ><div class='avia-image-container-inner'><div class='avia-image-overlay-wrap'><img decoding=\"async\" class='wp-image-56971 avia-img-lazy-loading-not-56971 avia_image' src=\"https:\/\/radiorevelacionfm.cl\/wp-content\/uploads\/2025\/07\/54407856161_14262f4aa0_o-1_optimized-1.jpg\" alt='' title='54407856161_14262f4aa0_o-(1)_optimized (1)' height=\"600\" width=\"899\"  itemprop=\"thumbnailUrl\" srcset=\"https:\/\/radiorevelacionfm.cl\/wp-content\/uploads\/2025\/07\/54407856161_14262f4aa0_o-1_optimized-1.jpg 899w, https:\/\/radiorevelacionfm.cl\/wp-content\/uploads\/2025\/07\/54407856161_14262f4aa0_o-1_optimized-1-300x200.jpg 300w, https:\/\/radiorevelacionfm.cl\/wp-content\/uploads\/2025\/07\/54407856161_14262f4aa0_o-1_optimized-1-768x513.jpg 768w, https:\/\/radiorevelacionfm.cl\/wp-content\/uploads\/2025\/07\/54407856161_14262f4aa0_o-1_optimized-1-705x471.jpg 705w, https:\/\/radiorevelacionfm.cl\/wp-content\/uploads\/2025\/07\/54407856161_14262f4aa0_o-1_optimized-1-450x300.jpg 450w, https:\/\/radiorevelacionfm.cl\/wp-content\/uploads\/2025\/07\/54407856161_14262f4aa0_o-1_optimized-1-600x400.jpg 600w\" sizes=\"(max-width: 899px) 100vw, 899px\" \/><\/div><\/div><\/div><\/div><div class=\"flex_column av_one_full  flex_column_div av-zero-column-padding first  avia-builder-el-2  el_after_av_one_full  el_before_av_one_full  column-top-margin\" style='border-radius:0px; '><section class=\"av_textblock_section \"  itemscope=\"itemscope\" itemtype=\"https:\/\/schema.org\/BlogPosting\" itemprop=\"blogPost\" ><div class='avia_textblock  '   itemprop=\"text\" ><p style=\"text-align: center;\"><span style=\"font-size: 18pt;\"><strong>Lanzan licitaci\u00f3n para el dise\u00f1o de un sistema sanitario para las Islas Huichas<\/strong><\/span><\/p>\n<div id=\"gtx-trans\" style=\"position: absolute; left: -50px; top: 4.31534px;\">\n<div class=\"gtx-trans-icon\"><\/div>\n<\/div>\n<\/div><\/section><\/div><div class=\"flex_column av_one_full  flex_column_div av-zero-column-padding first  avia-builder-el-4  el_after_av_one_full  el_before_av_hr  column-top-margin\" style='border-radius:0px; '><section class=\"av_textblock_section \"  itemscope=\"itemscope\" itemtype=\"https:\/\/schema.org\/BlogPosting\" itemprop=\"blogPost\" ><div class='avia_textblock  '   itemprop=\"text\" ><p style=\"text-align: justify;\">En el marco del acuerdo entre el Gobierno Regional de Ays\u00e9n y el CAF Banco de Desarrollo de Am\u00e9rica Latina y el Caribe, se lanz\u00f3 la licitaci\u00f3n que busca comenzar el dise\u00f1o del sistema de saneamiento b\u00e1sico de Islas Huichas en la Regi\u00f3n de Ays\u00e9n.<\/p>\n<p style=\"text-align: justify;\">En un importante paso para mejorar la calidad de los vecinos de Islas Huichas, compuesta por las comunidades Puerto Aguirre, Caleta Andrade y Estero Copa, se dio inicio oficial al proceso de licitaci\u00f3n internacional para el dise\u00f1o de soluciones sanitarias en la localidad insular de la comuna de Ays\u00e9n.<\/p>\n<p style=\"text-align: justify;\">La iniciativa cuenta con el respaldo t\u00e9cnico y financiero del CAF Banco de Desarrollo de Am\u00e9rica Latina y el Caribe, conocido tambi\u00e9n como la Corporaci\u00f3n Andina de Fomento, entidad que dispondr\u00e1 de un monto de 350 mil d\u00f3lares para la ejecuci\u00f3n de esta consultor\u00eda especializada.<\/p>\n<p style=\"text-align: justify;\">El anuncio fue realizado por Omar Mu\u00f1oz, jefe de la Divisi\u00f3n de Planificaci\u00f3n y Desarrollo del Gobierno Regional de Ays\u00e9n, quien destac\u00f3 el car\u00e1cter colaborativo del proyecto y su relevancia para el bienestar de la comunidad.<\/p>\n<p style=\"text-align: justify;\">\u201cQueremos contarle a la comunidad que, en virtud de un convenio de colaboraci\u00f3n que tenemos con la Corporaci\u00f3n Andina de Fomento CAF, hoy se ha dado inicio a la licitaci\u00f3n para una consultor\u00eda de dise\u00f1o para soluciones sanitarias de Isla Huichas, por un presupuesto financiado por la CAF de 350.000 mil d\u00f3lares, y cuya licitaci\u00f3n la realiza directamente la CAF\u201d, se\u00f1al\u00f3 el jefe DIPLADE.<\/p>\n<p style=\"text-align: justify;\">Seg\u00fan detall\u00f3, este dise\u00f1o busca definir una soluci\u00f3n integral y definitiva para el tratamiento de aguas servidas en Islas Huichas, una necesidad largamente anhelada por la comunidad. La consultor\u00eda forma parte de un trabajo conjunto entre el Gobierno Regional de Ays\u00e9n, la CAF y el Ministerio de Obras P\u00fablicas, y se enmarca dentro de los esfuerzos por avanzar hacia un desarrollo m\u00e1s equitativo y sostenible en los territorios aislados de la regi\u00f3n.<\/p>\n<p style=\"text-align: justify;\">La propuesta deber\u00e1 contemplar un sistema que permita la recolecci\u00f3n, tratamiento y disposici\u00f3n final de las aguas residuales generadas por las comunidades, mejorando las condiciones sanitarias, protegiendo el medio ambiente y promoviendo la sostenibilidad a largo plazo. El servicio incluir\u00e1 todas las tareas que requieren ejecutarse: el desarrollo del cronograma de ejecuci\u00f3n acorde con lo previsto, y los recursos f\u00edsicos y financieros necesarios para cumplir esas tareas.<\/p>\n<p style=\"text-align: justify;\">La convocatoria est\u00e1 dirigida a firmas o consorcios especializados en saneamiento b\u00e1sico, y permanecer\u00e1 abierta hasta el 22 de agosto de 2025, de acuerdo con las bases publicadas por la CAF. Los detalles y requisitos para postular est\u00e1n disponibles en su sitio oficial.<\/p>\n<p style=\"text-align: justify;\">\ud83d\udd17 <a href=\"https:\/\/www.caf.com\/es\/trabaja-con-nosotros\/convocatorias\/servicio-de-consultoria-diseno-final-de-sistemas-de-saneamiento-basico-de-la-isla-las-huichas-en-la-comuna-aysen-en-chile\/\">Consulta las bases aqu\u00ed<\/a><\/p>\n<p style=\"text-align: justify;\">Este proyecto representa una se\u00f1al concreta de descentralizaci\u00f3n, colocando en el centro a comunidades que hist\u00f3ricamente han debido enfrentar condiciones de desigualdad en el acceso a servicios sanitarios b\u00e1sicos. La licitaci\u00f3n, hoy en marcha, marca el primer paso para convertir una demanda postergada en una soluci\u00f3n real para los habitantes de Islas Huichas.<\/p>\n<\/div><\/section><\/div><div  style='height:50px' class='hr hr-invisible   avia-builder-el-6  el_after_av_one_full  el_before_av_social_share '><span class='hr-inner ' ><span class='hr-inner-style'><\/span><\/span><\/div><\/p>\n<div  class='av-social-sharing-box  avia-builder-el-7  el_after_av_hr  el_before_av_hr  '><div class='av-share-box'><h5 class='av-share-link-description av-no-toc '>Compartir esta noticia<\/h5><ul class='av-share-box-list noLightbox'><li class='av-share-link av-social-link-facebook' ><a target=\"_blank\" aria-label=\"Compartir en Facebook\" href='https:\/\/www.facebook.com\/sharer.php?u=https:\/\/radiorevelacionfm.cl\/?p=56970&#038;t=Lanzan%20licitaci%C3%B3n%20para%20el%20dise%C3%B1o%20de%20un%20sistema%20sanitario%20para%20las%20Islas%20Huichas' aria-hidden='false' data-av_icon='\ue8f3' data-av_iconfont='entypo-fontello' title='' data-avia-related-tooltip='Compartir en Facebook' rel=\"noopener\"><span class='avia_hidden_link_text'>Compartir en Facebook<\/span><\/a><\/li><li class='av-share-link av-social-link-twitter' ><a target=\"_blank\" aria-label=\"Compartir en Twitter\" href='https:\/\/twitter.com\/share?text=Lanzan%20licitaci%C3%B3n%20para%20el%20dise%C3%B1o%20de%20un%20sistema%20sanitario%20para%20las%20Islas%20Huichas&#038;url=https:\/\/radiorevelacionfm.cl\/?p=56970' aria-hidden='false' data-av_icon='\ue8f1' data-av_iconfont='entypo-fontello' title='' data-avia-related-tooltip='Compartir en Twitter' rel=\"noopener\"><span class='avia_hidden_link_text'>Compartir en Twitter<\/span><\/a><\/li><li class='av-share-link av-social-link-whatsapp' ><a target=\"_blank\" aria-label=\"Compartir en Whatsapp\" href='https:\/\/api.whatsapp.com\/send?text=https:\/\/radiorevelacionfm.cl\/?p=56970' aria-hidden='false' data-av_icon='\uf232' data-av_iconfont='entypo-fontello' title='' data-avia-related-tooltip='Compartir en Whatsapp' rel=\"noopener\"><span class='avia_hidden_link_text'>Compartir en Whatsapp<\/span><\/a><\/li><li class='av-share-link av-social-link-linkedin' ><a target=\"_blank\" aria-label=\"Compartir en LinkedIn\" href='https:\/\/linkedin.com\/shareArticle?mini=true&#038;title=Lanzan%20licitaci%C3%B3n%20para%20el%20dise%C3%B1o%20de%20un%20sistema%20sanitario%20para%20las%20Islas%20Huichas&#038;url=https:\/\/radiorevelacionfm.cl\/?p=56970' aria-hidden='false' data-av_icon='\ue8fc' data-av_iconfont='entypo-fontello' title='' data-avia-related-tooltip='Compartir en LinkedIn' rel=\"noopener\"><span class='avia_hidden_link_text'>Compartir en LinkedIn<\/span><\/a><\/li><li class='av-share-link av-social-link-mail' ><a  aria-label=\"Compartir por correo\" href='mailto:?subject=Lanzan%20licitaci%C3%B3n%20para%20el%20dise%C3%B1o%20de%20un%20sistema%20sanitario%20para%20las%20Islas%20Huichas&#038;body=https:\/\/radiorevelacionfm.cl\/?p=56970' aria-hidden='false' data-av_icon='\ue805' data-av_iconfont='entypo-fontello' title='' data-avia-related-tooltip='Compartir por correo'><span class='avia_hidden_link_text'>Compartir por correo<\/span><\/a><\/li><\/ul><\/div><\/div>\n<div  style='height:50px' class='hr hr-invisible   avia-builder-el-8  el_after_av_social_share  el_before_av_comments_list '><span class='hr-inner ' ><span class='hr-inner-style'><\/span><\/span><\/div>\n<div  class='av-buildercomment  av-blog-meta-html-info-disabled av-blog-meta-tag-disabled  '><\/div>\n","protected":false},"excerpt":{"rendered":"","protected":false},"author":1,"featured_media":56971,"comment_status":"closed","ping_status":"closed","sticky":false,"template":"","format":"standard","meta":{"footnotes":""},"categories":[38],"tags":[],"class_list":["post-56970","post","type-post","status-publish","format-standard","has-post-thumbnail","hentry","category-regional"],"jetpack_featured_media_url":"https:\/\/radiorevelacionfm.cl\/wp-content\/uploads\/2025\/07\/54407856161_14262f4aa0_o-1_optimized-1.jpg","_links":{"self":[{"href":"https:\/\/radiorevelacionfm.cl\/index.php?rest_route=\/wp\/v2\/posts\/56970","targetHints":{"allow":["GET"]}}],"collection":[{"href":"https:\/\/radiorevelacionfm.cl\/index.php?rest_route=\/wp\/v2\/posts"}],"about":[{"href":"https:\/\/radiorevelacionfm.cl\/index.php?rest_route=\/wp\/v2\/types\/post"}],"author":[{"embeddable":true,"href":"https:\/\/radiorevelacionfm.cl\/index.php?rest_route=\/wp\/v2\/users\/1"}],"replies":[{"embeddable":true,"href":"https:\/\/radiorevelacionfm.cl\/index.php?rest_route=%2Fwp%2Fv2%2Fcomments&post=56970"}],"version-history":[{"count":2,"href":"https:\/\/radiorevelacionfm.cl\/index.php?rest_route=\/wp\/v2\/posts\/56970\/revisions"}],"predecessor-version":[{"id":56977,"href":"https:\/\/radiorevelacionfm.cl\/index.php?rest_route=\/wp\/v2\/posts\/56970\/revisions\/56977"}],"wp:featuredmedia":[{"embeddable":true,"href":"https:\/\/radiorevelacionfm.cl\/index.php?rest_route=\/wp\/v2\/media\/56971"}],"wp:attachment":[{"href":"https:\/\/radiorevelacionfm.cl\/index.php?rest_route=%2Fwp%2Fv2%2Fmedia&parent=56970"}],"wp:term":[{"taxonomy":"category","embeddable":true,"href":"https:\/\/radiorevelacionfm.cl\/index.php?rest_route=%2Fwp%2Fv2%2Fcategories&post=56970"},{"taxonomy":"post_tag","embeddable":true,"href":"https:\/\/radiorevelacionfm.cl\/index.php?rest_route=%2Fwp%2Fv2%2Ftags&post=56970"}],"curies":[{"name":"wp","href":"https:\/\/api.w.org\/{rel}","templated":true}]}}