{"id":56965,"date":"2025-07-26T11:32:25","date_gmt":"2025-07-26T14:32:25","guid":{"rendered":"https:\/\/radiorevelacionfm.cl\/?p=56965"},"modified":"2025-07-26T11:32:25","modified_gmt":"2025-07-26T14:32:25","slug":"avanza-trabajo-desarrollado-por-mesa-regional-de-mujeres-privadas-de-libertad-embarazadas-y-con-hijos-lactantes-en-puerto-aysen","status":"publish","type":"post","link":"https:\/\/radiorevelacionfm.cl\/?p=56965","title":{"rendered":"Avanza trabajo desarrollado por Mesa Regional de Mujeres Privadas de Libertad Embarazadas y con Hijos Lactantes en Puerto Ays\u00e9n"},"content":{"rendered":"<div class=\"flex_column av_one_full  flex_column_div av-zero-column-padding first  avia-builder-el-0  el_before_av_one_full  avia-builder-el-first  \" style='border-radius:0px; '><div  class='avia-image-container  av-styling-    avia-builder-el-1  avia-builder-el-no-sibling  avia-align-center '  itemprop=\"image\" itemscope=\"itemscope\" itemtype=\"https:\/\/schema.org\/ImageObject\"  ><div class='avia-image-container-inner'><div class='avia-image-overlay-wrap'><img decoding=\"async\" class='wp-image-56966 avia-img-lazy-loading-not-56966 avia_image' src=\"https:\/\/radiorevelacionfm.cl\/wp-content\/uploads\/2025\/07\/mesa-aysen-2-1_optimized.jpg\" alt='' title='mesa-aysen-2-(1)_optimized' height=\"600\" width=\"800\"  itemprop=\"thumbnailUrl\" srcset=\"https:\/\/radiorevelacionfm.cl\/wp-content\/uploads\/2025\/07\/mesa-aysen-2-1_optimized.jpg 800w, https:\/\/radiorevelacionfm.cl\/wp-content\/uploads\/2025\/07\/mesa-aysen-2-1_optimized-300x225.jpg 300w, https:\/\/radiorevelacionfm.cl\/wp-content\/uploads\/2025\/07\/mesa-aysen-2-1_optimized-768x576.jpg 768w, https:\/\/radiorevelacionfm.cl\/wp-content\/uploads\/2025\/07\/mesa-aysen-2-1_optimized-705x529.jpg 705w, https:\/\/radiorevelacionfm.cl\/wp-content\/uploads\/2025\/07\/mesa-aysen-2-1_optimized-450x338.jpg 450w, https:\/\/radiorevelacionfm.cl\/wp-content\/uploads\/2025\/07\/mesa-aysen-2-1_optimized-600x450.jpg 600w\" sizes=\"(max-width: 800px) 100vw, 800px\" \/><\/div><\/div><\/div><\/div><div class=\"flex_column av_one_full  flex_column_div av-zero-column-padding first  avia-builder-el-2  el_after_av_one_full  el_before_av_one_full  column-top-margin\" style='border-radius:0px; '><section class=\"av_textblock_section \"  itemscope=\"itemscope\" itemtype=\"https:\/\/schema.org\/BlogPosting\" itemprop=\"blogPost\" ><div class='avia_textblock  '   itemprop=\"text\" ><p style=\"text-align: center;\"><span style=\"font-size: 18pt;\"><strong>Avanza trabajo desarrollado por Mesa Regional de Mujeres Privadas de Libertad Embarazadas y con Hijos Lactantes en Puerto Ays\u00e9n<\/strong><\/span><\/p>\n<div id=\"gtx-trans\" style=\"position: absolute; left: -50px; top: 4.31534px;\">\n<div class=\"gtx-trans-icon\"><\/div>\n<\/div>\n<\/div><\/section><\/div><div class=\"flex_column av_one_full  flex_column_div av-zero-column-padding first  avia-builder-el-4  el_after_av_one_full  el_before_av_hr  column-top-margin\" style='border-radius:0px; '><section class=\"av_textblock_section \"  itemscope=\"itemscope\" itemtype=\"https:\/\/schema.org\/BlogPosting\" itemprop=\"blogPost\" ><div class='avia_textblock  '   itemprop=\"text\" ><p style=\"text-align: justify;\"><em>Dicho avance va enfocado en la l\u00ednea de asegurar el derecho a la salud para las personas privadas de libertad.<\/em><\/p>\n<p style=\"text-align: justify;\">Recientemente se llev\u00f3 a cabo la segunda sesi\u00f3n a\u00f1o 2025 de la Mesa Mujeres Privadas de Libertad Embarazadas y con Hijos Lactantes en Puerto Ays\u00e9n, instancia que cont\u00f3 con la participaci\u00f3n de diversos servicios p\u00fablicos y que tiene como objetivo poder entregar mejores condiciones a las mujeres privadas de libertad, pero fundamentalmente a aquellas mujeres privadas de libertad en condici\u00f3n de embarazo o con hijos lactantes menores a 2 a\u00f1os.<\/p>\n<p style=\"text-align: justify;\">El seremi de Justicia y Derechos Humanos Samuel Navarro Castro se refiri\u00f3 a este segundo encuentro se\u00f1alando que \u201cefectivamente tuvimos la segunda sesi\u00f3n de la mesa de mujeres privadas de libertad embarazadas y con hijos lactantes en la ciudad de Puerto Ays\u00e9n en dependencias de la Delegaci\u00f3n Provincial, instancia en la que nos reunimos con Gendarmer\u00eda de Chile, Seremi de Salud, el Servicio de Salud, en este caso representado por profesionales y funcionarios del Hospital de Puerto Ays\u00e9n y del Cesfam de Puerto Ays\u00e9n as\u00ed como tambi\u00e9n nos acompa\u00f1\u00f3 el Jefe Regional del Instituto de Derechos Humanos y de la Defensor\u00eda Penal P\u00fablica, en esta ocasi\u00f3n se instruy\u00f3 respecto a la firma del convenio entre el Servicio de Salud Ays\u00e9n y Gendarmer\u00eda de Chile y los aspectos pr\u00e1cticos de este convenio\u00a0 que va a permitir que Gendarmer\u00eda de Chile pueda entregar servicios de mejor calidad y del m\u00e1s alto est\u00e1ndar en relaci\u00f3n con la informaci\u00f3n que la va a proporcionar el Servicio de Salud respecto a las prestaciones y actividades que desarrollan, ya sean campa\u00f1as, actividades de prevenci\u00f3n, prestaciones de salud que desarrollan en este caso las unidades provinciales y comunales de atenci\u00f3n primaria y la atenci\u00f3n hospitalaria para las personas privadas de libertad, en particular para las mujeres y para la poblaci\u00f3n penal que est\u00e1 en el CDP de Puerto Ays\u00e9n\u201d.<\/p>\n<p style=\"text-align: justify;\">La autoridad regional destac\u00f3 lo provechoso de este segundo encuentro, puesto que \u00a0\u201cadem\u00e1s de contar con la informaci\u00f3n se generan los nexos, los v\u00ednculos, las coordinaciones para desarrollar acciones en el territorio, ya con las personas que est\u00e1n directamente involucradas y eso nos permite por ejemplo hoy contar con un catastro efectivo de cuales son las prevalencias de salud de la poblaci\u00f3n penal, que tengan sus controles preventivos, pero tambi\u00e9n las vacunaciones y todo lo que dice relaci\u00f3n con los tratamientos, eso va en la l\u00ednea de asegurar el derecho a la salud para las personas privadas de libertad que entre otras materias estamos desarrollando como gobierno en este sentido para todas las unidades penales del territorio\u201d concluy\u00f3.<\/p>\n<p style=\"text-align: justify;\">Finalmente, se\u00f1alar la importancia de fortalecer redes y contactos en la ciudad de Puerto Ays\u00e9n, esto para seguir cumpliendo el objetivo de otorgar las prestaciones en distintos \u00e1mbitos a las personas privadas de libertad, ya sea en lo que respecta al control penitenciario y avanzar en todo lo que tiene que ver con la reinserci\u00f3n, una vez que cumplan sus condenas.<\/p>\n<\/div><\/section><\/div><div  style='height:50px' class='hr hr-invisible   avia-builder-el-6  el_after_av_one_full  el_before_av_social_share '><span class='hr-inner ' ><span class='hr-inner-style'><\/span><\/span><\/div><\/p>\n<div  class='av-social-sharing-box  avia-builder-el-7  el_after_av_hr  el_before_av_hr  '><div class='av-share-box'><h5 class='av-share-link-description av-no-toc '>Compartir esta noticia<\/h5><ul class='av-share-box-list noLightbox'><li class='av-share-link av-social-link-facebook' ><a target=\"_blank\" aria-label=\"Compartir en Facebook\" href='https:\/\/www.facebook.com\/sharer.php?u=https:\/\/radiorevelacionfm.cl\/?p=56965&#038;t=Avanza%20trabajo%20desarrollado%20por%20Mesa%20Regional%20de%20Mujeres%20Privadas%20de%20Libertad%20Embarazadas%20y%20con%20Hijos%20Lactantes%20en%20Puerto%20Ays%C3%A9n' aria-hidden='false' data-av_icon='\ue8f3' data-av_iconfont='entypo-fontello' title='' data-avia-related-tooltip='Compartir en Facebook' rel=\"noopener\"><span class='avia_hidden_link_text'>Compartir en Facebook<\/span><\/a><\/li><li class='av-share-link av-social-link-twitter' ><a target=\"_blank\" aria-label=\"Compartir en Twitter\" href='https:\/\/twitter.com\/share?text=Avanza%20trabajo%20desarrollado%20por%20Mesa%20Regional%20de%20Mujeres%20Privadas%20de%20Libertad%20Embarazadas%20y%20con%20Hijos%20Lactantes%20en%20Puerto%20Ays%C3%A9n&#038;url=https:\/\/radiorevelacionfm.cl\/?p=56965' aria-hidden='false' data-av_icon='\ue8f1' data-av_iconfont='entypo-fontello' title='' data-avia-related-tooltip='Compartir en Twitter' rel=\"noopener\"><span class='avia_hidden_link_text'>Compartir en Twitter<\/span><\/a><\/li><li class='av-share-link av-social-link-whatsapp' ><a target=\"_blank\" aria-label=\"Compartir en Whatsapp\" href='https:\/\/api.whatsapp.com\/send?text=https:\/\/radiorevelacionfm.cl\/?p=56965' aria-hidden='false' data-av_icon='\uf232' data-av_iconfont='entypo-fontello' title='' data-avia-related-tooltip='Compartir en Whatsapp' rel=\"noopener\"><span class='avia_hidden_link_text'>Compartir en Whatsapp<\/span><\/a><\/li><li class='av-share-link av-social-link-linkedin' ><a target=\"_blank\" aria-label=\"Compartir en LinkedIn\" href='https:\/\/linkedin.com\/shareArticle?mini=true&#038;title=Avanza%20trabajo%20desarrollado%20por%20Mesa%20Regional%20de%20Mujeres%20Privadas%20de%20Libertad%20Embarazadas%20y%20con%20Hijos%20Lactantes%20en%20Puerto%20Ays%C3%A9n&#038;url=https:\/\/radiorevelacionfm.cl\/?p=56965' aria-hidden='false' data-av_icon='\ue8fc' data-av_iconfont='entypo-fontello' title='' data-avia-related-tooltip='Compartir en LinkedIn' rel=\"noopener\"><span class='avia_hidden_link_text'>Compartir en LinkedIn<\/span><\/a><\/li><li class='av-share-link av-social-link-mail' ><a  aria-label=\"Compartir por correo\" href='mailto:?subject=Avanza%20trabajo%20desarrollado%20por%20Mesa%20Regional%20de%20Mujeres%20Privadas%20de%20Libertad%20Embarazadas%20y%20con%20Hijos%20Lactantes%20en%20Puerto%20Ays%C3%A9n&#038;body=https:\/\/radiorevelacionfm.cl\/?p=56965' aria-hidden='false' data-av_icon='\ue805' data-av_iconfont='entypo-fontello' title='' data-avia-related-tooltip='Compartir por correo'><span class='avia_hidden_link_text'>Compartir por correo<\/span><\/a><\/li><\/ul><\/div><\/div>\n<div  style='height:50px' class='hr hr-invisible   avia-builder-el-8  el_after_av_social_share  el_before_av_comments_list '><span class='hr-inner ' ><span class='hr-inner-style'><\/span><\/span><\/div>\n<div  class='av-buildercomment  av-blog-meta-html-info-disabled av-blog-meta-tag-disabled  '><\/div>\n","protected":false},"excerpt":{"rendered":"","protected":false},"author":1,"featured_media":56966,"comment_status":"closed","ping_status":"closed","sticky":false,"template":"","format":"standard","meta":{"footnotes":""},"categories":[55],"tags":[],"class_list":["post-56965","post","type-post","status-publish","format-standard","has-post-thumbnail","hentry","category-justicia"],"jetpack_featured_media_url":"https:\/\/radiorevelacionfm.cl\/wp-content\/uploads\/2025\/07\/mesa-aysen-2-1_optimized.jpg","_links":{"self":[{"href":"https:\/\/radiorevelacionfm.cl\/index.php?rest_route=\/wp\/v2\/posts\/56965","targetHints":{"allow":["GET"]}}],"collection":[{"href":"https:\/\/radiorevelacionfm.cl\/index.php?rest_route=\/wp\/v2\/posts"}],"about":[{"href":"https:\/\/radiorevelacionfm.cl\/index.php?rest_route=\/wp\/v2\/types\/post"}],"author":[{"embeddable":true,"href":"https:\/\/radiorevelacionfm.cl\/index.php?rest_route=\/wp\/v2\/users\/1"}],"replies":[{"embeddable":true,"href":"https:\/\/radiorevelacionfm.cl\/index.php?rest_route=%2Fwp%2Fv2%2Fcomments&post=56965"}],"version-history":[{"count":2,"href":"https:\/\/radiorevelacionfm.cl\/index.php?rest_route=\/wp\/v2\/posts\/56965\/revisions"}],"predecessor-version":[{"id":56976,"href":"https:\/\/radiorevelacionfm.cl\/index.php?rest_route=\/wp\/v2\/posts\/56965\/revisions\/56976"}],"wp:featuredmedia":[{"embeddable":true,"href":"https:\/\/radiorevelacionfm.cl\/index.php?rest_route=\/wp\/v2\/media\/56966"}],"wp:attachment":[{"href":"https:\/\/radiorevelacionfm.cl\/index.php?rest_route=%2Fwp%2Fv2%2Fmedia&parent=56965"}],"wp:term":[{"taxonomy":"category","embeddable":true,"href":"https:\/\/radiorevelacionfm.cl\/index.php?rest_route=%2Fwp%2Fv2%2Fcategories&post=56965"},{"taxonomy":"post_tag","embeddable":true,"href":"https:\/\/radiorevelacionfm.cl\/index.php?rest_route=%2Fwp%2Fv2%2Ftags&post=56965"}],"curies":[{"name":"wp","href":"https:\/\/api.w.org\/{rel}","templated":true}]}}