{"id":56955,"date":"2025-07-25T18:32:46","date_gmt":"2025-07-25T21:32:46","guid":{"rendered":"https:\/\/radiorevelacionfm.cl\/?p=56955"},"modified":"2025-07-25T18:32:46","modified_gmt":"2025-07-25T21:32:46","slug":"en-puerto-cisnes-director-del-servicio-de-salud-rinde-cuenta-publica-2024-con-anuncios-de-nuevos-especialistas-y-mejoras-en-la-red-asistencial","status":"publish","type":"post","link":"https:\/\/radiorevelacionfm.cl\/?p=56955","title":{"rendered":"En Puerto Cisnes director del Servicio de Salud rinde Cuenta P\u00fablica 2024 con anuncios de nuevos especialistas y mejoras en la Red asistencial"},"content":{"rendered":"<div class=\"flex_column av_one_full  flex_column_div av-zero-column-padding first  avia-builder-el-0  el_before_av_one_full  avia-builder-el-first  \" style='border-radius:0px; '><div  class='avia-image-container  av-styling-    avia-builder-el-1  avia-builder-el-no-sibling  avia-align-center '  itemprop=\"image\" itemscope=\"itemscope\" itemtype=\"https:\/\/schema.org\/ImageObject\"  ><div class='avia-image-container-inner'><div class='avia-image-overlay-wrap'><img decoding=\"async\" class='wp-image-56956 avia-img-lazy-loading-not-56956 avia_image' src=\"https:\/\/radiorevelacionfm.cl\/wp-content\/uploads\/2025\/07\/CUENTA-PUBLICA-058-1-1.jpg\" alt='' title='CUENTA PUBLICA 058 (1) (1)' height=\"600\" width=\"900\"  itemprop=\"thumbnailUrl\" srcset=\"https:\/\/radiorevelacionfm.cl\/wp-content\/uploads\/2025\/07\/CUENTA-PUBLICA-058-1-1.jpg 900w, https:\/\/radiorevelacionfm.cl\/wp-content\/uploads\/2025\/07\/CUENTA-PUBLICA-058-1-1-300x200.jpg 300w, https:\/\/radiorevelacionfm.cl\/wp-content\/uploads\/2025\/07\/CUENTA-PUBLICA-058-1-1-768x512.jpg 768w, https:\/\/radiorevelacionfm.cl\/wp-content\/uploads\/2025\/07\/CUENTA-PUBLICA-058-1-1-705x470.jpg 705w, https:\/\/radiorevelacionfm.cl\/wp-content\/uploads\/2025\/07\/CUENTA-PUBLICA-058-1-1-450x300.jpg 450w, https:\/\/radiorevelacionfm.cl\/wp-content\/uploads\/2025\/07\/CUENTA-PUBLICA-058-1-1-600x400.jpg 600w\" sizes=\"(max-width: 900px) 100vw, 900px\" \/><\/div><\/div><\/div><\/div><div class=\"flex_column av_one_full  flex_column_div av-zero-column-padding first  avia-builder-el-2  el_after_av_one_full  el_before_av_one_full  column-top-margin\" style='border-radius:0px; '><section class=\"av_textblock_section \"  itemscope=\"itemscope\" itemtype=\"https:\/\/schema.org\/BlogPosting\" itemprop=\"blogPost\" ><div class='avia_textblock  '   itemprop=\"text\" ><p style=\"text-align: center;\"><span style=\"font-size: 18pt;\"><b>En Puerto Cisnes director del Servicio de Salud rinde Cuenta P\u00fablica 2024 con anuncios de nuevos especialistas y mejoras en la Red asistencial<\/b><\/span><\/p>\n<div id=\"gtx-trans\" style=\"position: absolute; left: -50px; top: 4.31534px;\">\n<div class=\"gtx-trans-icon\"><\/div>\n<\/div>\n<\/div><\/section><\/div><div class=\"flex_column av_one_full  flex_column_div av-zero-column-padding first  avia-builder-el-4  el_after_av_one_full  el_before_av_hr  column-top-margin\" style='border-radius:0px; '><section class=\"av_textblock_section \"  itemscope=\"itemscope\" itemtype=\"https:\/\/schema.org\/BlogPosting\" itemprop=\"blogPost\" ><div class='avia_textblock  '   itemprop=\"text\" ><p style=\"font-weight: 400; text-align: justify;\">Con una amplia participaci\u00f3n de la comunidad, funcionarios y autoridades el\u00a0director del Servicio de Salud Ays\u00e9n, Juan Pablo Bravo Quintana, present\u00f3 la\u00a0Cuenta P\u00fablica Participativa gesti\u00f3n 2024\u00a0en el\u00a0Terminal de Pasajeros de Emporcha, Puerto Cisnes. La instancia permiti\u00f3 compartir los principales avances y desaf\u00edos de la red asistencial, reafirmando el compromiso con una salud p\u00fablica m\u00e1s equitativa y resolutiva para la regi\u00f3n.<\/p>\n<p style=\"font-weight: 400; text-align: justify;\"><strong>Avances y anuncios en el \u00e1mbito asistencial<\/strong><\/p>\n<p style=\"font-weight: 400; text-align: justify;\">Uno de los anuncios m\u00e1s relevantes fue el dise\u00f1o del plan piloto para un nuevo Hospital en Puerto Cisnes, junto al fortalecimiento de los partos inminentes en hospitales de primer nivel, acercando una atenci\u00f3n m\u00e1s resolutiva a las familias de la regi\u00f3n.<\/p>\n<p style=\"font-weight: 400; text-align: justify;\">Durante 2024 se realizaron m\u00e1s de 12.000 cirug\u00edas, aumentaron las consultas y los tratamientos especializados, y la red se fortaleci\u00f3 con la llegada de nuevos especialistas y subespecialistas a trav\u00e9s del Periodo Asistencial Obligatorio (PAO), ampliando la cobertura en \u00e1reas como anestesiolog\u00eda, psiquiatr\u00eda, dermatolog\u00eda, cirug\u00eda de cabeza y cuello, ginecolog\u00eda y traumatolog\u00eda, lo que permite brindar una atenci\u00f3n m\u00e1s digna y oportuna a la comunidad.<\/p>\n<p style=\"font-weight: 400; text-align: justify;\">Tambi\u00e9n se vio fortalecida con la\u00a0reposici\u00f3n de ambulancias en Cisnes, Ib\u00e1\u00f1ez y SAMU regional, mejorando la capacidad de respuesta ante emergencias en el territorio.<\/p>\n<p style=\"font-weight: 400; text-align: justify;\"><strong>Obras e infraestructura<\/strong><\/p>\n<p style=\"font-weight: 400; text-align: justify;\">En materia de infraestructura,\u00a0se inici\u00f3 la construcci\u00f3n del COSAM de Puerto Ays\u00e9n,\u00a0se puso en marcha la\u00a0nueva Posta de Salud Rural de Villa Cerro Castillo, avanz\u00f3 la\u00a0normalizaci\u00f3n del Hospital de Chile Chico\u00a0y se habilitaron\u00a0bases transitorias del SAMU en Chacabuco y Puerto Ays\u00e9n. Paralelamente, se inici\u00f3 la construcci\u00f3n de las\u00a0postas de Villa La Tapera y Puerto Guadal, las que este a\u00f1o fueron inauguradas, fortaleciendo la atenci\u00f3n primaria en sectores rurales de la regi\u00f3n.<\/p>\n<p style=\"font-weight: 400; text-align: justify;\">\u201cAgradecer, porque este es el reflejo de todo el trabajo que hemos realizado durante el 2024 con cada uno de los funcionarios y funcionarias de la red asistencial. As\u00ed que estoy contento con la cuenta p\u00fablica. Quedan muchos desaf\u00edos, queda mucho por mejorar. Este a\u00f1o vamos a implementar, en conjunto con el Gobierno Regional, Telemorbilidad en todos los dispositivos de nuestra red, lo que nos va a permitir brindar atenciones y tender a que nadie se quede sin atenci\u00f3n. Ese es nuestro desaf\u00edo para el presente a\u00f1o y para el pr\u00f3ximo\u201d, manifest\u00f3\u00a0Juan Pablo Bravo Quintana, director del Servicio de Salud Ays\u00e9n.<\/p>\n<p style=\"font-weight: 400; text-align: justify;\">El presidente del Consejo de Salud del Hospital de Puerto Cisnes, Mauricio Quintul, afirm\u00f3\u00a0\u201cme parece una idea fant\u00e1stica que por fin haya pensado en incluirnos, sobre todo a Puerto Cisnes. Ser part\u00edcipe de esto y dar a conocer a la comunidad las cosas que se est\u00e1n solicitando, las que se est\u00e1n pidiendo a trav\u00e9s del Servicio de Salud, y tambi\u00e9n lo que tenemos a nivel regional\u201d, expres\u00f3.<\/p>\n<p style=\"font-weight: 400; text-align: justify;\">Por su parte,\u00a0Jaime Rain, presidente de la Junta de Vecinos del sector Alto Baguales de Coyhaique, coment\u00f3 \u201cestoy muy agradecido de que esto se haya hecho en Puerto Cisnes, que se centraron en todo el tema de salud (\u2026) tambi\u00e9n agradecer toda la gran inversi\u00f3n que se est\u00e1 haciendo en salud. Agradezco una vez m\u00e1s a todo el equipo de salud por todo lo que han hecho, porque hemos sido muy bien atendidos\u201d.<\/p>\n<p style=\"font-weight: 400; text-align: justify;\">Durante la ceremonia, la\u00a0Seremi de Obras P\u00fablicas, Paloma Jara, tambi\u00e9n destac\u00f3 los avances en infraestructura,\u00a0\u201cel Hospital de Chile Chico esperamos pronto poder inaugurarlo. Es una obra que nos permiti\u00f3 demostrar, en la regi\u00f3n, que como ministerio podemos involucrarnos en la edificaci\u00f3n p\u00fablica de salud. Adem\u00e1s, quiero destacar algo que dijo el director: que de la mano con la Direcci\u00f3n de Aeropuertos podemos ayudar a salvar vidas, algo que tambi\u00e9n nos llena de orgullo como ministerio. Por lo tanto, esperamos poder seguir trabajando en conjunto para que tengamos una mejor gesti\u00f3n\u201d.<\/p>\n<p style=\"font-weight: 400; text-align: justify;\">Ximena Ruiz, vicepresidenta del COSOC del Servicio de Salud Ays\u00e9n, resalt\u00f3 la importancia de estos espacios:\u00a0\u201cfue una cuenta p\u00fablica bastante participativa, por lo que pudimos apreciar ac\u00e1 en este recinto en Puerto Cisnes, un espacio completamente lleno, donde pudimos revisar tambi\u00e9n la proyecci\u00f3n que tiene el Servicio de Salud con los distintos dispositivos de esta red asistencial. As\u00ed que es importante mantenerse informados. Tal como lo dijo nuestro director, es importante que mantengamos las comunicaciones fluidas para poder avanzar en los proyectos, en lo que queremos como comuna, como regi\u00f3n y como red asistencial tambi\u00e9n\u201d.<\/p>\n<p style=\"font-weight: 400; text-align: justify;\">La jornada cerr\u00f3 destacando los desaf\u00edos que a\u00fan est\u00e1n por cumplirse, entre ellos el inicio de operaciones del nuevo equipo de Tomograf\u00eda Axial Computarizada (TAC) para el Hospital de Puerto Ays\u00e9n, la inauguraci\u00f3n de la Posta de Salud Rural de Puyuhuapi, la reposici\u00f3n de una ambulancia y la formalizaci\u00f3n del Servicio de Urgencia Rural (SUR) en el CESFAM La Junta, as\u00ed como la implementaci\u00f3n de una sala forense b\u00e1sica en los hospitales de Cochrane y Chile Chico, Ley TEA, Fibromialgia, entre otros compromisos.<\/p>\n<\/div><\/section><\/div><div  style='height:50px' class='hr hr-invisible   avia-builder-el-6  el_after_av_one_full  el_before_av_social_share '><span class='hr-inner ' ><span class='hr-inner-style'><\/span><\/span><\/div><\/p>\n<div  class='av-social-sharing-box  avia-builder-el-7  el_after_av_hr  el_before_av_hr  '><div class='av-share-box'><h5 class='av-share-link-description av-no-toc '>Compartir esta noticia<\/h5><ul class='av-share-box-list noLightbox'><li class='av-share-link av-social-link-facebook' ><a target=\"_blank\" aria-label=\"Compartir en Facebook\" href='https:\/\/www.facebook.com\/sharer.php?u=https:\/\/radiorevelacionfm.cl\/?p=56955&#038;t=En%20Puerto%20Cisnes%20director%20del%20Servicio%20de%20Salud%20rinde%20Cuenta%20P%C3%BAblica%202024%20con%20anuncios%20de%20nuevos%20especialistas%20y%20mejoras%20en%20la%20Red%20asistencial' aria-hidden='false' data-av_icon='\ue8f3' data-av_iconfont='entypo-fontello' title='' data-avia-related-tooltip='Compartir en Facebook' rel=\"noopener\"><span class='avia_hidden_link_text'>Compartir en Facebook<\/span><\/a><\/li><li class='av-share-link av-social-link-twitter' ><a target=\"_blank\" aria-label=\"Compartir en Twitter\" href='https:\/\/twitter.com\/share?text=En%20Puerto%20Cisnes%20director%20del%20Servicio%20de%20Salud%20rinde%20Cuenta%20P%C3%BAblica%202024%20con%20anuncios%20de%20nuevos%20especialistas%20y%20mejoras%20en%20la%20Red%20asistencial&#038;url=https:\/\/radiorevelacionfm.cl\/?p=56955' aria-hidden='false' data-av_icon='\ue8f1' data-av_iconfont='entypo-fontello' title='' data-avia-related-tooltip='Compartir en Twitter' rel=\"noopener\"><span class='avia_hidden_link_text'>Compartir en Twitter<\/span><\/a><\/li><li class='av-share-link av-social-link-whatsapp' ><a target=\"_blank\" aria-label=\"Compartir en Whatsapp\" href='https:\/\/api.whatsapp.com\/send?text=https:\/\/radiorevelacionfm.cl\/?p=56955' aria-hidden='false' data-av_icon='\uf232' data-av_iconfont='entypo-fontello' title='' data-avia-related-tooltip='Compartir en Whatsapp' rel=\"noopener\"><span class='avia_hidden_link_text'>Compartir en Whatsapp<\/span><\/a><\/li><li class='av-share-link av-social-link-linkedin' ><a target=\"_blank\" aria-label=\"Compartir en LinkedIn\" href='https:\/\/linkedin.com\/shareArticle?mini=true&#038;title=En%20Puerto%20Cisnes%20director%20del%20Servicio%20de%20Salud%20rinde%20Cuenta%20P%C3%BAblica%202024%20con%20anuncios%20de%20nuevos%20especialistas%20y%20mejoras%20en%20la%20Red%20asistencial&#038;url=https:\/\/radiorevelacionfm.cl\/?p=56955' aria-hidden='false' data-av_icon='\ue8fc' data-av_iconfont='entypo-fontello' title='' data-avia-related-tooltip='Compartir en LinkedIn' rel=\"noopener\"><span class='avia_hidden_link_text'>Compartir en LinkedIn<\/span><\/a><\/li><li class='av-share-link av-social-link-mail' ><a  aria-label=\"Compartir por correo\" href='mailto:?subject=En%20Puerto%20Cisnes%20director%20del%20Servicio%20de%20Salud%20rinde%20Cuenta%20P%C3%BAblica%202024%20con%20anuncios%20de%20nuevos%20especialistas%20y%20mejoras%20en%20la%20Red%20asistencial&#038;body=https:\/\/radiorevelacionfm.cl\/?p=56955' aria-hidden='false' data-av_icon='\ue805' data-av_iconfont='entypo-fontello' title='' data-avia-related-tooltip='Compartir por correo'><span class='avia_hidden_link_text'>Compartir por correo<\/span><\/a><\/li><\/ul><\/div><\/div>\n<div  style='height:50px' class='hr hr-invisible   avia-builder-el-8  el_after_av_social_share  el_before_av_comments_list '><span class='hr-inner ' ><span class='hr-inner-style'><\/span><\/span><\/div>\n<div  class='av-buildercomment  av-blog-meta-html-info-disabled av-blog-meta-tag-disabled  '><\/div>\n","protected":false},"excerpt":{"rendered":"","protected":false},"author":1,"featured_media":56956,"comment_status":"closed","ping_status":"closed","sticky":false,"template":"","format":"standard","meta":{"footnotes":""},"categories":[46],"tags":[],"class_list":["post-56955","post","type-post","status-publish","format-standard","has-post-thumbnail","hentry","category-salud"],"jetpack_featured_media_url":"https:\/\/radiorevelacionfm.cl\/wp-content\/uploads\/2025\/07\/CUENTA-PUBLICA-058-1-1.jpg","_links":{"self":[{"href":"https:\/\/radiorevelacionfm.cl\/index.php?rest_route=\/wp\/v2\/posts\/56955","targetHints":{"allow":["GET"]}}],"collection":[{"href":"https:\/\/radiorevelacionfm.cl\/index.php?rest_route=\/wp\/v2\/posts"}],"about":[{"href":"https:\/\/radiorevelacionfm.cl\/index.php?rest_route=\/wp\/v2\/types\/post"}],"author":[{"embeddable":true,"href":"https:\/\/radiorevelacionfm.cl\/index.php?rest_route=\/wp\/v2\/users\/1"}],"replies":[{"embeddable":true,"href":"https:\/\/radiorevelacionfm.cl\/index.php?rest_route=%2Fwp%2Fv2%2Fcomments&post=56955"}],"version-history":[{"count":2,"href":"https:\/\/radiorevelacionfm.cl\/index.php?rest_route=\/wp\/v2\/posts\/56955\/revisions"}],"predecessor-version":[{"id":56958,"href":"https:\/\/radiorevelacionfm.cl\/index.php?rest_route=\/wp\/v2\/posts\/56955\/revisions\/56958"}],"wp:featuredmedia":[{"embeddable":true,"href":"https:\/\/radiorevelacionfm.cl\/index.php?rest_route=\/wp\/v2\/media\/56956"}],"wp:attachment":[{"href":"https:\/\/radiorevelacionfm.cl\/index.php?rest_route=%2Fwp%2Fv2%2Fmedia&parent=56955"}],"wp:term":[{"taxonomy":"category","embeddable":true,"href":"https:\/\/radiorevelacionfm.cl\/index.php?rest_route=%2Fwp%2Fv2%2Fcategories&post=56955"},{"taxonomy":"post_tag","embeddable":true,"href":"https:\/\/radiorevelacionfm.cl\/index.php?rest_route=%2Fwp%2Fv2%2Ftags&post=56955"}],"curies":[{"name":"wp","href":"https:\/\/api.w.org\/{rel}","templated":true}]}}